{"id":270473,"date":"2025-07-24T12:53:10","date_gmt":"2025-07-24T12:53:10","guid":{"rendered":"https:\/\/www.europesays.com\/fr\/270473\/"},"modified":"2025-07-24T12:53:10","modified_gmt":"2025-07-24T12:53:10","slug":"george-de-russie-et-victoria-romanovna-prets-a-accueillir-un-troisieme-enfant","status":"publish","type":"post","link":"https:\/\/www.europesays.com\/fr\/270473\/","title":{"rendered":"George de Russie et Victoria Romanovna pr\u00eats \u00e0 accueillir un troisi\u00e8me enfant ?"},"content":{"rendered":"<p>Assis sur le canap\u00e9 de leur salon dans la demeure familiale \u00e0 Moscou, George de Russie et <a href=\"https:\/\/www.pointdevue.fr\/grand-angle\/biographies\/victoria-romanovna\" rel=\"nofollow noopener\" target=\"_blank\" data-ylk=\"slk:Victoria Romanovna;elm:context_link;itc:0;sec:content-canvas\" class=\"link \">Victoria Romanovna<\/a> se pr\u00eatent <strong>au jeu du portrait de famille<\/strong> dans les pages de Paris Match, ce jeudi 24 juillet 2025. Au centre du clich\u00e9, la princesse, v\u00eatue d\u2019une robe verte, tenant tendrement ses deux enfants dans les bras. <a href=\"https:\/\/www.pointdevue.fr\/royal\/couronnes-du-monde\/george-de-russie-et-victoria-romanovna-annoncent-la-naissance-de-leur-fille\" rel=\"nofollow noopener\" target=\"_blank\" data-ylk=\"slk:\u00c2g\u00e9e d\u2019un peu plus d\u2019un mois;elm:context_link;itc:0;sec:content-canvas\" class=\"link \">\u00c2g\u00e9e d\u2019un peu plus d\u2019un mois<\/a>, la petite derni\u00e8re, Kira Leonida, est sagement install\u00e9e entre ses parents. La mine boudeuse, <a href=\"https:\/\/www.pointdevue.fr\/royal\/couronnes-du-monde\/il-sera-pret-a-regner-victoria-romanovna-evoque-lavenir-de-son-fils-alexander\" rel=\"nofollow noopener\" target=\"_blank\" data-ylk=\"slk:son grand fr\u00e8re Alexander;elm:context_link;itc:0;sec:content-canvas\" class=\"link \">son grand fr\u00e8re Alexander<\/a> n\u2019a qu\u2019une h\u00e2te\u2026 d\u00e9guster la glace au chocolat qu\u2019il serre fermement dans son poing. Un souhait partag\u00e9 par le chien Busia, le regard fix\u00e9 sur son objectif.<\/p>\n<p>Jamais deux sans trois ?<\/p>\n<p>La mine radieuse, Victoria Romanovna a r\u00e9alis\u00e9 son r\u00eave de <a href=\"https:\/\/www.pointdevue.fr\/royal\/couronnes-du-monde\/elle-ressemble-a-son-pere-victoria-romanovna-donne-des-nouvelles-de-sa-fille\" rel=\"nofollow noopener\" target=\"_blank\" data-ylk=\"slk:construire une famille avec son \u00e9poux;elm:context_link;itc:0;sec:content-canvas\" class=\"link \">construire une famille avec son \u00e9poux<\/a>, le grand-duc. \u00ab\u00a0J\u2019\u00e9tais enfant unique. J\u2019ai donc eu une enfance plut\u00f4t solitaire. Nous ne voulions pas qu\u2019Alexander Georgievitch soit seul\u00a0\u00bb, confie la princesse dans les colonnes de Paris Match. Alors quand la question d\u2019un troisi\u00e8me enfant est abord\u00e9e, la porte n\u2019est pas ferm\u00e9e. <strong>\u00ab\u00a0Si la cigogne nous fait le cadeau d\u2019un autre b\u00e9b\u00e9, il sera le bienvenu\u2026\u00a0\u00bb<\/strong>, ajoute-t-elle.<\/p>\n<p>La cigogne ou une voiture\u2026 Quand elle a annonc\u00e9 la venue d\u2019un petit fr\u00e8re ou d\u2019une petite s\u0153ur \u00e0 son fils Alexander, le petit gar\u00e7on \u2013 qui f\u00eatera ses 3 ans en octobre \u2013 attendait \u00e0 l\u2019arriv\u00e9e d\u2019un engin \u00e0 quatre roues. <a href=\"https:\/\/www.pointdevue.fr\/royal\/couronnes-du-monde\/george-de-russie-et-victoria-romanovna-annoncent-la-naissance-de-leur-fille\" rel=\"nofollow noopener\" target=\"_blank\" data-ylk=\"slk:Kira Leonida lui a donc \u00e9t\u00e9 pr\u00e9sent\u00e9e;elm:context_link;itc:0;sec:content-canvas\" class=\"link \">Kira Leonida lui a donc \u00e9t\u00e9 pr\u00e9sent\u00e9e<\/a> sur un camion miniature pour cr\u00e9er un premier lien. Un bel effort et clin d\u2019\u0153il amusant, cependant la d\u00e9ception \u00e9tait au rendez-vous. \u00ab\u00a0Pour l\u2019instant, <strong>il ne s\u2019int\u00e9resse pas vraiment \u00e0 sa s\u0153ur<\/strong>, et nous ne le for\u00e7ons pas. La seule chose qu\u2019il fait, c\u2019est lui apporter un biberon lorsqu\u2019elle pleure\u00a0\u00bb, explique le grand-duc George de Russie. Tout de m\u00eame un bon r\u00e9flexe de grand fr\u00e8re.<\/p>\n<p>Des parents accomplis<\/p>\n<p>Les journ\u00e9es des jeunes parents sont donc bien charg\u00e9es, partag\u00e9es entre un nourrisson et un gar\u00e7on en bas \u00e2ge inscrit dans trois cr\u00e8ches diff\u00e9rentes (\u00e0 Moscou, Duba\u00ef et Rome). En parall\u00e8le de son r\u00f4le de p\u00e8re, George de Russie g\u00e8re une entreprise de consulting et <strong>son \u00e9pouse \u00e9crit des livres sous un nom d\u2019emprunt<\/strong>, principalement des thrillers. Mais aupr\u00e8s de ses deux enfants, ce nouveau chapitre de maman s\u2019annonce plus doux.<\/p>\n<p>Lire aussi &gt;&gt; <a href=\"https:\/\/www.pointdevue.fr\/royal\/couronnes-du-monde\/george-de-russie-et-victoria-romanovna-celebrent-le-bapteme-de-leur-fille-la-princesse-kira-leonida\" rel=\"nofollow noopener\" target=\"_blank\" data-ylk=\"slk:George de Russie et Victoria Romanovna c\u00e9l\u00e8brent le bapt\u00eame de leur fille, la princesse Kira Leonida;elm:context_link;itc:0;sec:content-canvas\" class=\"link \">George de Russie et Victoria Romanovna c\u00e9l\u00e8brent le bapt\u00eame de leur fille, la princesse Kira Leonida<\/a><\/p>\n","protected":false},"excerpt":{"rendered":"Assis sur le canap\u00e9 de leur salon dans la demeure familiale \u00e0 Moscou, George de Russie et Victoria&hellip;\n","protected":false},"author":2,"featured_media":270474,"comment_status":"","ping_status":"","sticky":false,"template":"","format":"standard","meta":{"footnotes":""},"categories":[1591],"tags":[11,1887,40993,40992,12,1885,1886,132,27192,14111],"class_list":{"0":"post-270473","1":"post","2":"type-post","3":"status-publish","4":"format-standard","5":"has-post-thumbnail","7":"category-russie","8":"tag-actualites","9":"tag-federation-de-russie","10":"tag-grand-frere","11":"tag-kira-leonida","12":"tag-news","13":"tag-russia","14":"tag-russian-federation","15":"tag-russie","16":"tag-victoria","17":"tag-victoria-romanovna"},"share_on_mastodon":{"url":"","error":""},"_links":{"self":[{"href":"https:\/\/www.europesays.com\/fr\/wp-json\/wp\/v2\/posts\/270473","targetHints":{"allow":["GET"]}}],"collection":[{"href":"https:\/\/www.europesays.com\/fr\/wp-json\/wp\/v2\/posts"}],"about":[{"href":"https:\/\/www.europesays.com\/fr\/wp-json\/wp\/v2\/types\/post"}],"author":[{"embeddable":true,"href":"https:\/\/www.europesays.com\/fr\/wp-json\/wp\/v2\/users\/2"}],"replies":[{"embeddable":true,"href":"https:\/\/www.europesays.com\/fr\/wp-json\/wp\/v2\/comments?post=270473"}],"version-history":[{"count":0,"href":"https:\/\/www.europesays.com\/fr\/wp-json\/wp\/v2\/posts\/270473\/revisions"}],"wp:featuredmedia":[{"embeddable":true,"href":"https:\/\/www.europesays.com\/fr\/wp-json\/wp\/v2\/media\/270474"}],"wp:attachment":[{"href":"https:\/\/www.europesays.com\/fr\/wp-json\/wp\/v2\/media?parent=270473"}],"wp:term":[{"taxonomy":"category","embeddable":true,"href":"https:\/\/www.europesays.com\/fr\/wp-json\/wp\/v2\/categories?post=270473"},{"taxonomy":"post_tag","embeddable":true,"href":"https:\/\/www.europesays.com\/fr\/wp-json\/wp\/v2\/tags?post=270473"}],"curies":[{"name":"wp","href":"https:\/\/api.w.org\/{rel}","templated":true}]}}