{"id":270477,"date":"2025-07-24T12:55:10","date_gmt":"2025-07-24T12:55:10","guid":{"rendered":"https:\/\/www.europesays.com\/fr\/270477\/"},"modified":"2025-07-24T12:55:10","modified_gmt":"2025-07-24T12:55:10","slug":"heurtee-par-un-train-une-americaine-perd-son-bras-et-le-retrouve-quelques-metres-plus-loin","status":"publish","type":"post","link":"https:\/\/www.europesays.com\/fr\/270477\/","title":{"rendered":"heurt\u00e9e par un train, une Am\u00e9ricaine perd son bras&#8230; et le retrouve quelques m\u00e8tres plus loin"},"content":{"rendered":"<p>Une instructrice de surf californienne a eu le bras arrach\u00e9 par un train roulant \u00e0 grande vitesse dans un accident survenu alors qu\u2019elle essayait de faire rouler son v\u00e9lo \u00e9lectrique sur les voies ferr\u00e9es.<\/p>\n<p class=\"fig-paragraph\">Un accident tr\u00e8s \u00e9tonnant s\u2019est d\u00e9roul\u00e9 pr\u00e8s de Seaward Avenue, en\u00a0<a href=\"http:\/\/www.lefigaro.fr\/faits-divers\/californie-un-jeune-homme-de-19-ans-meurt-apres-etre-tombe-dans-un-hachoir-a-viande-20250715\" target=\"_blank\" data-fig-type=\"NewsFlash\" rel=\"noopener\" data-gtm-custom-categorie=\"navigation\" data-gtm-custom-action=\"crossclick\" data-gtm-custom-label=\"Contextuel\" data-gtm-event=\"customEventSPE\" data-fig-domain=\"LEFIGARO\">Californie<\/a>\u00a0(\u00c9tats-Unis), d\u2019apr\u00e8s le m\u00e9dia local\u00a0<a href=\"https:\/\/ktla.com\/news\/california\/california-surf-instructor-24-recovering-after-arm-severed-in-horrific-accident\/\" target=\"_blank\" rel=\"noopener\" data-gtm-custom-categorie=\"navigation\" data-gtm-custom-action=\"crossclick\" data-gtm-custom-label=\"Contextuel\" data-gtm-event=\"customEventSPE\">KTLA<\/a> . Au cours d\u2019une promenade, une Am\u00e9ricaine de 24 ans, d\u00e9nomm\u00e9e Elieah Boyd, a eu le bras sectionn\u00e9 par un\u00a0<a href=\"http:\/\/www.lefigaro.fr\/voyages\/los-angeles-las-vegas-en-deux-heures-le-train-le-plus-rapide-des-etats-unis-va-bientot-devenir-realite-20240423\" target=\"_blank\" data-fig-type=\"Article\" rel=\"noopener\" data-gtm-custom-categorie=\"navigation\" data-gtm-custom-action=\"crossclick\" data-gtm-custom-label=\"Contextuel\" data-gtm-event=\"customEventSPE\" data-fig-domain=\"LEFIGARO\">train<\/a>\u00a0roulant \u00e0 grande vitesse.<\/p>\n<p class=\"fig-paragraph\">D\u2019apr\u00e8s un\u00a0<a href=\"https:\/\/www.facebook.com\/venturapolice\/posts\/pfbid028gQSBUJC9uz7hF8NBMSr5w65gBq7XcPrRAGCkXR5HWXoCDKdZoySginonkCDY9c1l\" target=\"_blank\" rel=\"sponsored noopener\" data-gtm-custom-categorie=\"navigation\" data-gtm-custom-action=\"crossclick\" data-gtm-custom-label=\"Contextuel\" data-gtm-event=\"customEventSPE\">communiqu\u00e9 de la police locale<\/a>, cet incident s\u2019est produit le 7 juillet dernier, aux alentours de 17h30. La jeune femme traversait la voie ferr\u00e9e et tenait son v\u00e9lo \u00e9lectrique \u00e0 la main au moment o\u00f9 la collision a eu lieu<strong>.<\/strong> \u00abIl n\u2019y avait pas de klaxon de train. Il y a eu trois secondes entre le moment o\u00f9 j\u2019ai vu le train et le moment o\u00f9 c\u2019est arriv\u00e9\u00bb, a-t-elle d\u00e9clar\u00e9 \u00e0 KTLA. \u00abJ\u2019avais encore la main sur le v\u00e9lo pendant que le train passait. Il a \u00e0 peine accroch\u00e9 le v\u00e9lo, juste assez pour m\u2019enlever compl\u00e8tement le bras\u00bb.<\/p>\n<p>                                    <a class=\"fig-a11y-skip a11y-hidden\" href=\"#fig-a11y-skip-main-inarticle\"><br \/>\n        Passer la publicit\u00e9<br \/>\n    <\/a><\/p>\n<p class=\"fig-paragraph\">Au moment de l\u2019accident, Elieah Boyd n\u2019\u00e9tait pas seule. Un pompier retrait\u00e9 a imm\u00e9diatement appel\u00e9 les secours. Lorsque la police et les secouristes sont arriv\u00e9s, il a demand\u00e9 qu\u2019on entame des recherches pour localiser le bras sectionn\u00e9. Celui-ci se trouvait quelques m\u00e8tres plus loin.<\/p>\n<p>Plusieurs op\u00e9rations chirurgicales n\u00e9cessaires<\/p>\n<p class=\"fig-paragraph\">Transport\u00e9e par avion au centre m\u00e9dical UC Irvine \u00e0 Orange, en Californie, la jeune femme a subi une premi\u00e8re intervention chirurgicale de plus de 10 heures. Deux semaines plus tard, elle affirme qu\u2019elle commence \u00e0 ressentir des sensations dans son bras. \u00abC\u2019est un peu comme des secousses d\u2019\u00e9nergie\u00bb, a-t-elle d\u00e9clar\u00e9 \u00e0 KTLA. \u00abJ\u2019ai le sentiment que je suis sur le chemin de la gu\u00e9rison\u00bb. Malgr\u00e9 tout, au moins deux op\u00e9rations pr\u00e9vues dans les semaines \u00e0 venir seront encore n\u00e9cessaires.<\/p>\n<p class=\"fig-paragraph\">Instructrice de surf et passionn\u00e9e par son travail, Elieah Boyd se bat pour pouvoir retourner \u00e0 l\u2019eau. \u00abD\u00e8s que je pourrai toucher l\u2019eau, je serai sur une planche de surf\u00bb, a-t-elle confi\u00e9. \u00abC\u2019est tout ce dont je r\u00eave ici \u00e0 l\u2019h\u00f4pital. Je veux juste retourner dans l\u2019eau et surfer\u00bb.<\/p>\n<p class=\"fig-paragraph\">Pour financer son traitement m\u00e9dical et sa phase de r\u00e9\u00e9ducation, une cagnotte GoFundMe a \u00e9t\u00e9 cr\u00e9\u00e9e. Depuis sa cr\u00e9ation, elle a d\u00e9j\u00e0 r\u00e9colt\u00e9 plus de 50.000 dollars, avec un objectif fix\u00e9 au d\u00e9part \u00e0 65.000 dollars. Sa famille, qui l\u2019accompagne au quotidien, a affirm\u00e9 que \u00abson chemin vers la gu\u00e9rison sera long et difficile, mais nous savons que sa r\u00e9silience la soutiendra\u00a0\u00bb.<\/p>\n","protected":false},"excerpt":{"rendered":"Une instructrice de surf californienne a eu le bras arrach\u00e9 par un train roulant \u00e0 grande vitesse dans&hellip;\n","protected":false},"author":2,"featured_media":270478,"comment_status":"","ping_status":"","sticky":false,"template":"","format":"standard","meta":{"footnotes":""},"categories":[1589],"tags":[119,11,73,1866,12,926,1864,1865,1863,308],"class_list":{"0":"post-270477","1":"post","2":"type-post","3":"status-publish","4":"format-standard","5":"has-post-thumbnail","7":"category-etats-unis","8":"tag-accident","9":"tag-actualites","10":"tag-etats-unis","11":"tag-etats-unis-damerique","12":"tag-news","13":"tag-train","14":"tag-united-states","15":"tag-united-states-of-america","16":"tag-us","17":"tag-usa"},"share_on_mastodon":{"url":"https:\/\/pubeurope.com\/@fr\/114908320529311451","error":""},"_links":{"self":[{"href":"https:\/\/www.europesays.com\/fr\/wp-json\/wp\/v2\/posts\/270477","targetHints":{"allow":["GET"]}}],"collection":[{"href":"https:\/\/www.europesays.com\/fr\/wp-json\/wp\/v2\/posts"}],"about":[{"href":"https:\/\/www.europesays.com\/fr\/wp-json\/wp\/v2\/types\/post"}],"author":[{"embeddable":true,"href":"https:\/\/www.europesays.com\/fr\/wp-json\/wp\/v2\/users\/2"}],"replies":[{"embeddable":true,"href":"https:\/\/www.europesays.com\/fr\/wp-json\/wp\/v2\/comments?post=270477"}],"version-history":[{"count":0,"href":"https:\/\/www.europesays.com\/fr\/wp-json\/wp\/v2\/posts\/270477\/revisions"}],"wp:featuredmedia":[{"embeddable":true,"href":"https:\/\/www.europesays.com\/fr\/wp-json\/wp\/v2\/media\/270478"}],"wp:attachment":[{"href":"https:\/\/www.europesays.com\/fr\/wp-json\/wp\/v2\/media?parent=270477"}],"wp:term":[{"taxonomy":"category","embeddable":true,"href":"https:\/\/www.europesays.com\/fr\/wp-json\/wp\/v2\/categories?post=270477"},{"taxonomy":"post_tag","embeddable":true,"href":"https:\/\/www.europesays.com\/fr\/wp-json\/wp\/v2\/tags?post=270477"}],"curies":[{"name":"wp","href":"https:\/\/api.w.org\/{rel}","templated":true}]}}