{"id":270480,"date":"2025-07-24T12:57:16","date_gmt":"2025-07-24T12:57:16","guid":{"rendered":"https:\/\/www.europesays.com\/fr\/270480\/"},"modified":"2025-07-24T12:57:16","modified_gmt":"2025-07-24T12:57:16","slug":"allemagne-les-consommateurs-continuent-depargner-24-07-2025-a-0859","status":"publish","type":"post","link":"https:\/\/www.europesays.com\/fr\/270480\/","title":{"rendered":"Allemagne: les consommateurs continuent d&rsquo;\u00e9pargner &#8211; 24\/07\/2025 \u00e0 08:59"},"content":{"rendered":"<p>\n Le moral des consommateurs en Allemagne devrait continuer de s&rsquo;affaisser en ao\u00fbt, pour le deuxi\u00e8me mois d&rsquo;affil\u00e9e, malgr\u00e9 l&rsquo;optimisme sur les salaires, en raison de l&rsquo;incertitude \u00e9conomique persistante, selon un barom\u00e8tre publi\u00e9 jeudi.\n<\/p>\n<p>        <img fetchpriority=\"high\" decoding=\"async\" src=\"https:\/\/www.europesays.com\/fr\/wp-content\/uploads\/2025\/07\/fe30d20618302914baf7abd70cf80adb-760x507.jpg\" alt=\"( AFP \/ INA FASSBENDER )\" loading=\"eager\" width=\"760\" height=\"507\" style=\"max-width: 100%!important; height: auto;\"\/><\/p>\n<p class=\"c-image-news__legend\">( AFP \/ INA FASSBENDER )<\/p>\n<p>\n L&rsquo;institut GfK pr\u00e9voit un indice \u00e0 -21,5 points pour le mois prochain, en baisse de 1,2 point par rapport \u00e0 la valeur de juillet, selon un communiqu\u00e9.\n<\/p>\n<p>\n \u00ab\u00a0La reprise du climat de consommation est encore loin, en partie parce que la propension \u00e0 \u00e9pargner n&rsquo;a cess\u00e9 d&rsquo;augmenter\u00a0\u00bb, analyse Rolf B\u00fcrkl, expert en consommation du GfK.\n<\/p>\n<p>\n Celle-ci est en hausse de 2,5 points, atteignant 16,4 points en juillet, son niveau le plus \u00e9lev\u00e9 depuis f\u00e9vrier 2024.\n<\/p>\n<p>\n C\u00f4t\u00e9 perspectives de revenus, les allemands s&rsquo;attendent \u00e0 gagner plus au cours des douze prochains mois, et \u00e0 une am\u00e9lioration de leur pouvoir d&rsquo;achat, notamment gr\u00e2ce au recul de l&rsquo;inflation \u00e0 2% en juin, le seuil vis\u00e9 par la Banque centrale europ\u00e9enne (BCE).\n<\/p>\n<p>\n Cependant, \u00ab\u00a0le manque de s\u00e9curit\u00e9 de planification les am\u00e8ne \u00e0 rester prudents en mati\u00e8re de d\u00e9pense\u00a0\u00bb, explique le communiqu\u00e9, alors que la propension \u00e0 faire des achats a recul\u00e9 et que les perspectives \u00e9conomiques connaissent un \u00ab\u00a0grave recul\u00a0\u00bb.\n<\/p>\n<p>\n \u00ab\u00a0L&rsquo;incertitude g\u00e9n\u00e9rale, la n\u00e9cessit\u00e9 de pr\u00e9voir des \u00e9conomies pour faire face \u00e0 des situations difficiles et des prix \u00e9lev\u00e9s, en particulier pour les denr\u00e9es alimentaires\u00a0\u00bb sont les principales raison de cette baisse de moral des consommateurs, explique M. B\u00fcrkl.\n<\/p>\n<p>\n \u00ab\u00a0Les espoirs d&rsquo;une reprise \u00e9conomique avant la fin de l&rsquo;ann\u00e9e ont \u00e9t\u00e9 consid\u00e9rablement frein\u00e9s\u00a0\u00bb d&rsquo;apr\u00e8s l&rsquo;institut.\n<\/p>\n<p>\n Il pointe \u00e9galement du doigt l&rsquo;incertitude que la menace des droits de douane am\u00e9ricains fait peser chez les consommateurs de la premi\u00e8re \u00e9conomie europ\u00e9enne, dont les Etats-Unis sont le premier partenaire commercial.\n<\/p>\n<p>\n Faute d&rsquo;accord avec la Commission europ\u00e9enne, Donald Trump imposera des droits de douane de 30% pour les produits europ\u00e9ens \u00e0 partir du 1er ao\u00fbt, mena\u00e7ant l&rsquo;industrie allemande, pilier de l&rsquo;\u00e9conomie allemande.\n<\/p>\n<p>\n Pour cette ann\u00e9e, les instituts \u00e9conomiques allemands pr\u00e9voient une croissance du Produit int\u00e9rieur brut (PIB) de 0,3% apr\u00e8s deux ans de r\u00e9cession.<\/p>\n","protected":false},"excerpt":{"rendered":"Le moral des consommateurs en Allemagne devrait continuer de s&rsquo;affaisser en ao\u00fbt, pour le deuxi\u00e8me mois d&rsquo;affil\u00e9e, malgr\u00e9&hellip;\n","protected":false},"author":2,"featured_media":270481,"comment_status":"","ping_status":"","sticky":false,"template":"","format":"standard","meta":{"footnotes":""},"categories":[1587],"tags":[400,11,672,398,408,1804,405,1805,1803,1777,674,1801,403,402,399,404,12,1802,401,406,407],"class_list":{"0":"post-270480","1":"post","2":"type-post","3":"status-publish","4":"format-standard","5":"has-post-thumbnail","7":"category-allemagne","8":"tag-action-cac-40","9":"tag-actualites","10":"tag-allemagne","11":"tag-bourse-de-paris","12":"tag-boursorama","13":"tag-bundesrepublik-deutschland","14":"tag-cotations","15":"tag-de","16":"tag-deutschland","17":"tag-eu","18":"tag-europe","19":"tag-germany","20":"tag-indices-devises","21":"tag-investir","22":"tag-investissement","23":"tag-marche-boursier","24":"tag-news","25":"tag-republique-federale-dallemagne","26":"tag-sicav","27":"tag-trackers","28":"tag-warrants"},"share_on_mastodon":{"url":"https:\/\/pubeurope.com\/@fr\/114908328426337579","error":""},"_links":{"self":[{"href":"https:\/\/www.europesays.com\/fr\/wp-json\/wp\/v2\/posts\/270480","targetHints":{"allow":["GET"]}}],"collection":[{"href":"https:\/\/www.europesays.com\/fr\/wp-json\/wp\/v2\/posts"}],"about":[{"href":"https:\/\/www.europesays.com\/fr\/wp-json\/wp\/v2\/types\/post"}],"author":[{"embeddable":true,"href":"https:\/\/www.europesays.com\/fr\/wp-json\/wp\/v2\/users\/2"}],"replies":[{"embeddable":true,"href":"https:\/\/www.europesays.com\/fr\/wp-json\/wp\/v2\/comments?post=270480"}],"version-history":[{"count":0,"href":"https:\/\/www.europesays.com\/fr\/wp-json\/wp\/v2\/posts\/270480\/revisions"}],"wp:featuredmedia":[{"embeddable":true,"href":"https:\/\/www.europesays.com\/fr\/wp-json\/wp\/v2\/media\/270481"}],"wp:attachment":[{"href":"https:\/\/www.europesays.com\/fr\/wp-json\/wp\/v2\/media?parent=270480"}],"wp:term":[{"taxonomy":"category","embeddable":true,"href":"https:\/\/www.europesays.com\/fr\/wp-json\/wp\/v2\/categories?post=270480"},{"taxonomy":"post_tag","embeddable":true,"href":"https:\/\/www.europesays.com\/fr\/wp-json\/wp\/v2\/tags?post=270480"}],"curies":[{"name":"wp","href":"https:\/\/api.w.org\/{rel}","templated":true}]}}