{"id":270489,"date":"2025-07-24T13:02:13","date_gmt":"2025-07-24T13:02:13","guid":{"rendered":"https:\/\/www.europesays.com\/fr\/270489\/"},"modified":"2025-07-24T13:02:13","modified_gmt":"2025-07-24T13:02:13","slug":"tadej-pogacar-percute-une-voiture-de-la-visma-avant-le-depart-de-letape-reine","status":"publish","type":"post","link":"https:\/\/www.europesays.com\/fr\/270489\/","title":{"rendered":"Tadej Pogacar percute une voiture de la Visma avant le d\u00e9part de l&rsquo;\u00e9tape-reine"},"content":{"rendered":"<p class=\"article-p mdl\">Acte manqu\u00e9, diront les mauvaises langues. Ce jeudi 24 juillet, alors qu\u2019il se rendait au d\u00e9part de la 18\u1d49 \u00e9tape du Tour de France \u00e0 Vif, Tadej Pogacar a percut\u00e9 un v\u00e9hicule \u00e0 faible allure. Et pas n\u2019importe lequel, puisqu&rsquo;il est entr\u00e9 dans une voiture de la formation Visma, l\u2019\u00e9quipe de Jonas Vingegaard, son principal adversaire.<\/p>\n<p class=\"article-p mdl\">Sans gravit\u00e9, l\u2019incident a \u00e9t\u00e9 relat\u00e9 par <strong>le maillot jaune<\/strong> aupr\u00e8s de la t\u00e9l\u00e9vision britannique : \u00ab\u00a0On \u00e9tait derri\u00e8re la voiture (de la formation Visma), peut-\u00eatre un peu trop pr\u00e8s, et le conducteur a frein\u00e9 brutalement. Je ne sais pas s\u2019il voulait contr\u00f4ler mes freins\u00a0\u00bb, a ironis\u00e9<a class=\"link\" href=\"https:\/\/www.rtl.fr\/sport\/autres-sports\/tour-de-france-2025-pogacar-immense-favori-selon-les-amateurs-de-cyclisme-7900521497\" target=\"_blank\" rel=\"noopener\"> le coureur slov\u00e8ne de 26 ans<\/a>.<\/p>\n<p class=\"article-p mdl\">Pogacar a aussit\u00f4t rassur\u00e9 ses supporters : \u00ab\u00a0Je me suis cogn\u00e9, mais tout va bien\u00a0\u00bb, a-t-il affirm\u00e9 avant de prendre sans encombre le d\u00e9part de\u00a0<a class=\"link\" href=\"https:\/\/www.rtl.fr\/sport\/autres-sports\/tour-de-france-2025-18e-etape-entre-vif-et-courchvel-col-de-la-loze-jeudi-24-juillet-7900525459\" target=\"_blank\" rel=\"noopener\">l\u2019\u00e9tape-reine du Tour<\/a>.<\/p>\n<p class=\"article-p mdl\">Au menu du jour : trois cols hors cat\u00e9gorie, dont l\u2019impressionnant col de la Loze, th\u00e9\u00e2tre de<a class=\"link\" href=\"https:\/\/www.rtl.fr\/sport\/autres-sports\/tour-de-france-2023-vingegaard-remporte-le-contre-la-montre-et-assomme-pogacar-7900283478\" target=\"_blank\" rel=\"noopener\"> la plus grande d\u00e9faillance de la carri\u00e8re de Pogacar\u00a0<\/a>en 2023, et o\u00f9 Jonas Vingegaard pourrait <strong>tenter de combler son retard<\/strong> \u00e0 trois jours de l\u2019arriv\u00e9e \u00e0 Paris.\u00a0\u00a0<\/p>\n<p class=\"article-p mdl\">Au d\u00e9part de cette 18\u1d49 \u00e9tape, le Danois comptait plus de quatre minutes de retard sur Pogacar, qui semble bien parti pour d\u00e9crocher un quatri\u00e8me sacre sur la Grande Boucle.<\/p>\n<p>    La r\u00e9daction vous recommande<\/p>\n<p class=\"s-newsletter__title\">\n                L\u2019actualit\u00e9 par la r\u00e9daction de RTL dans votre bo\u00eete mail.\n            <\/p>\n<p class=\"s-newsletter__subtitle\">\n                Gr\u00e2ce \u00e0 votre compte RTL abonnez-vous \u00e0 la newsletter RTL info pour suivre toute l&rsquo;actualit\u00e9 au quotidien\n            <\/p>\n<p>\n                                    Lire la suite\n                                <\/p>\n","protected":false},"excerpt":{"rendered":"Acte manqu\u00e9, diront les mauvaises langues. Ce jeudi 24 juillet, alors qu\u2019il se rendait au d\u00e9part de la&hellip;\n","protected":false},"author":2,"featured_media":270490,"comment_status":"","ping_status":"","sticky":false,"template":"","format":"standard","meta":{"footnotes":""},"categories":[4],"tags":[11,207,107,1011,27,1757,27884,12,25,1138,210],"class_list":{"0":"post-270489","1":"post","2":"type-post","3":"status-publish","4":"format-standard","5":"has-post-thumbnail","7":"category-france","8":"tag-actualites","9":"tag-cyclisme","10":"tag-fil-info","11":"tag-fr","12":"tag-france","13":"tag-insolite","14":"tag-jonas-vingegaard","15":"tag-news","16":"tag-republique-francaise","17":"tag-tadej-pogacar","18":"tag-tour-de-france"},"share_on_mastodon":{"url":"https:\/\/pubeurope.com\/@fr\/114908347980570362","error":""},"_links":{"self":[{"href":"https:\/\/www.europesays.com\/fr\/wp-json\/wp\/v2\/posts\/270489","targetHints":{"allow":["GET"]}}],"collection":[{"href":"https:\/\/www.europesays.com\/fr\/wp-json\/wp\/v2\/posts"}],"about":[{"href":"https:\/\/www.europesays.com\/fr\/wp-json\/wp\/v2\/types\/post"}],"author":[{"embeddable":true,"href":"https:\/\/www.europesays.com\/fr\/wp-json\/wp\/v2\/users\/2"}],"replies":[{"embeddable":true,"href":"https:\/\/www.europesays.com\/fr\/wp-json\/wp\/v2\/comments?post=270489"}],"version-history":[{"count":0,"href":"https:\/\/www.europesays.com\/fr\/wp-json\/wp\/v2\/posts\/270489\/revisions"}],"wp:featuredmedia":[{"embeddable":true,"href":"https:\/\/www.europesays.com\/fr\/wp-json\/wp\/v2\/media\/270490"}],"wp:attachment":[{"href":"https:\/\/www.europesays.com\/fr\/wp-json\/wp\/v2\/media?parent=270489"}],"wp:term":[{"taxonomy":"category","embeddable":true,"href":"https:\/\/www.europesays.com\/fr\/wp-json\/wp\/v2\/categories?post=270489"},{"taxonomy":"post_tag","embeddable":true,"href":"https:\/\/www.europesays.com\/fr\/wp-json\/wp\/v2\/tags?post=270489"}],"curies":[{"name":"wp","href":"https:\/\/api.w.org\/{rel}","templated":true}]}}