{"id":270495,"date":"2025-07-24T13:06:10","date_gmt":"2025-07-24T13:06:10","guid":{"rendered":"https:\/\/www.europesays.com\/fr\/270495\/"},"modified":"2025-07-24T13:06:10","modified_gmt":"2025-07-24T13:06:10","slug":"atp-washington-medvedev-remonte-apres-sa-victoire-contre-opelka-cest-tout-simplement-injuste","status":"publish","type":"post","link":"https:\/\/www.europesays.com\/fr\/270495\/","title":{"rendered":"ATP &#8211; Washington > Medvedev, remont\u00e9 apr\u00e8s sa victoire contre Opelka : \u00ab\u00a0C&rsquo;est tout simplement injuste\u00a0\u00bb"},"content":{"rendered":"<p>Vainqueur de Reilly Opelka pour son entr\u00e9e en lice sur l\u2019ATP 500 de Washington (3\u22126, 7\u20135, 6\u20131), Daniil Medvedev a fait part de sa frus\u00adtra\u00adtion en conf\u00e9\u00adrence de presse d\u2019apr\u00e8s match \u00e0 propos de la posi\u00adtion d\u2019une cam\u00e9ra situ\u00e9e en fond court qui l\u2019emp\u00eachait de jouer certains coups.<\/p>\n<p>Des propos qui nous ram\u00e8nent quatre ans en arri\u00e8re lorsque le Russe avait p\u00e9t\u00e9 un plomb \u00e0 Cincinnati en faisant tomber une cam\u00e9ra pour la m\u00eame raison (voir vid\u00e9o ci\u2010dessous). Sauf que cette fois, Daniil s\u2019est contenu.\u00a0<\/p>\n<p><strong>\u00ab\u202fLa cam\u00e9ra n\u2019au\u00adrait pas d\u00fb \u00eatre l\u00e0. J\u2019essayais de jouer en fonc\u00adtion, c\u2019est\u2010\u00e0\u2010dire que si je pensais qu\u2019il allait faire un revers, je savais que je devais rester deux pas en avant. Mais \u00e0 chaque fois qu\u2019il faisait un bon coup, j\u2019\u00e9tais g\u00ean\u00e9. Je ne vois pas pour\u00adquoi elle est situ\u00e9 l\u00e0. Encore une fois, peut\u2010\u00eatre que contre d\u2019autres adver\u00adsaires, cela ne me d\u00e9ran\u00adgera pas parce que je serai un peu plus proche, parce que Reilly est proba\u00adble\u00adment le plus grand serveur du circuit. Mais quand vous jouez contre Reilly, vous \u00eates un peu d\u00e9\u00e7u, parce qu\u2019il peut y avoir des points impor\u00adtants que vous perdez \u00e0 cause de la cam\u00e9ra. Ce n\u2019est pas juste, de toute fa\u00e7on. C\u2019est tout simple\u00adment injuste.\u202f\u00bb<\/strong><\/p>\n<p class=\"post-published-date\" style=\"color: silver; font-size: 75%; text-align: left;\">Publi\u00e9 le jeudi 24 juillet 2025 \u00e0 13:43<\/p>\n","protected":false},"excerpt":{"rendered":"Vainqueur de Reilly Opelka pour son entr\u00e9e en lice sur l\u2019ATP 500 de Washington (3\u22126, 7\u20135, 6\u20131), Daniil&hellip;\n","protected":false},"author":2,"featured_media":270496,"comment_status":"","ping_status":"","sticky":false,"template":"","format":"standard","meta":{"footnotes":""},"categories":[1415],"tags":[3252,1011,27,60,1467],"class_list":{"0":"post-270495","1":"post","2":"type-post","3":"status-publish","4":"format-standard","5":"has-post-thumbnail","7":"category-tennis","8":"tag-daniil-medvedev","9":"tag-fr","10":"tag-france","11":"tag-sports","12":"tag-tennis"},"share_on_mastodon":{"url":"https:\/\/pubeurope.com\/@fr\/114908363687997440","error":""},"_links":{"self":[{"href":"https:\/\/www.europesays.com\/fr\/wp-json\/wp\/v2\/posts\/270495","targetHints":{"allow":["GET"]}}],"collection":[{"href":"https:\/\/www.europesays.com\/fr\/wp-json\/wp\/v2\/posts"}],"about":[{"href":"https:\/\/www.europesays.com\/fr\/wp-json\/wp\/v2\/types\/post"}],"author":[{"embeddable":true,"href":"https:\/\/www.europesays.com\/fr\/wp-json\/wp\/v2\/users\/2"}],"replies":[{"embeddable":true,"href":"https:\/\/www.europesays.com\/fr\/wp-json\/wp\/v2\/comments?post=270495"}],"version-history":[{"count":0,"href":"https:\/\/www.europesays.com\/fr\/wp-json\/wp\/v2\/posts\/270495\/revisions"}],"wp:featuredmedia":[{"embeddable":true,"href":"https:\/\/www.europesays.com\/fr\/wp-json\/wp\/v2\/media\/270496"}],"wp:attachment":[{"href":"https:\/\/www.europesays.com\/fr\/wp-json\/wp\/v2\/media?parent=270495"}],"wp:term":[{"taxonomy":"category","embeddable":true,"href":"https:\/\/www.europesays.com\/fr\/wp-json\/wp\/v2\/categories?post=270495"},{"taxonomy":"post_tag","embeddable":true,"href":"https:\/\/www.europesays.com\/fr\/wp-json\/wp\/v2\/tags?post=270495"}],"curies":[{"name":"wp","href":"https:\/\/api.w.org\/{rel}","templated":true}]}}