{"id":270497,"date":"2025-07-24T13:08:10","date_gmt":"2025-07-24T13:08:10","guid":{"rendered":"https:\/\/www.europesays.com\/fr\/270497\/"},"modified":"2025-07-24T13:08:10","modified_gmt":"2025-07-24T13:08:10","slug":"le-calendrier-2026-du-motogp-devoile","status":"publish","type":"post","link":"https:\/\/www.europesays.com\/fr\/270497\/","title":{"rendered":"Le calendrier 2026 du MotoGP\u2122 d\u00e9voil\u00e9 !"},"content":{"rendered":"<p>Grande nouvelle\u2026 le calendrier 2026 du MotoGP\u2122 vient d\u2019\u00eatre officialis\u00e9 ! Ce dernier comporte 22 Grands Prix r\u00e9partis sur cinq continents, de f\u00e9vrier \u00e0 novembre. De quoi offrir un rythme parfait, aussi bien pour les fans que pour les pilotes.<\/p>\n<p>Entre le retour du Br\u00e9sil, qui est un des plus march\u00e9s les plus importants pour le MotoGP\u2122, et ces quelques destinations incontournables qui changent de dates, voici un petit aper\u00e7u de ce que nous r\u00e9serve 2026\u2026<\/p>\n<p><strong>2026\u00a0: les grandes lignes<\/strong><br \/>\n<strong>Le retour du MotoGP\u2122 au Br\u00e9sil<\/strong><\/p>\n<p>C\u2019est un des rendez-vous les plus attendu : le retour au Br\u00e9sil, pays particuli\u00e8rement important pour le MotoGP\u2122. Les travaux vont bon train \u00e0 Goi\u00e2nia pour en faire une destination phare. Capitale de l\u2019\u00e9tat de Goi\u00e1s, la ville accueillera fin mars la deuxi\u00e8me \u00e9preuve de l\u2019ann\u00e9e avant que le MotoGP\u2122 ne prenne la direction d\u2019Austin.<\/p>\n<p><strong>Du Qatar \u00e0 l\u2019Europe<\/strong><\/p>\n<p>Apr\u00e8s un petit d\u00e9tour par Lusail, Jerez donnera ensuite le coup d\u2019envoi des manches europ\u00e9ennes : dans la foul\u00e9e suivront Le Mans, o\u00f9 avait retenti la Marseillaise en mai dernier, Barcelone et le Mugello, devenu un grand classique au fil du temps.<\/p>\n<p><strong>L\u2019Autriche d\u00e9plac\u00e9 \u00e0 septembre, la Hongrie et la R\u00e9publique tch\u00e8que avanc\u00e9es<\/strong><\/p>\n<p>Nous nous rendrons d\u00e9sormais au Red Bull Ring en septembre, juste avant de s\u2019envoler pour la tourn\u00e9e asiatique. \u00c0 l\u2019inverse, le Balaton Park (que le MotoGP\u2122 d\u00e9couvrira d\u2019ici quelques semaines) sera avanc\u00e9 \u00e0 juin, au m\u00eame titre que Brno, tout fra\u00eechement r\u00e9introduit.<\/p>\n<p><strong>Un \u00e9t\u00e9 britannique<\/strong><\/p>\n<p>Apr\u00e8s le GP d\u2019Allemagne, les pilotes auront droit \u00e0 trois semaines de tr\u00eave bien m\u00e9rit\u00e9es. D\u00e9but ao\u00fbt, le MotoGP\u2122 fera une courte escale \u00e0 Silverstone ; deux autres semaines s\u00e9parant cet \u00e9v\u00e9nement d\u2019Arag\u00f3n.<\/p>\n<p><strong>La tourn\u00e9e outre-mer<\/strong><\/p>\n<p>Cette tourn\u00e9e outre-mer sera similaire \u00e0 2025 avec un encha\u00eenement Motegi-Mandalika suivi de deux rendez-vous cons\u00e9cutifs \u00e0 Phillip Island et Sepang, une br\u00e8ve pause ayant lieu entre ces deux \u2018back-to-back\u2019.<\/p>\n<p><strong>Une finale en Europe<\/strong><\/p>\n<p>Enfin, on attaquera la derni\u00e8re ligne droite constitu\u00e9e de Portim\u00e3o et de Valence, habitu\u00e9e \u00e0 accueillir l&rsquo;ultime rendez-vous de la saison !<\/p>\n<p align=\"LEFT\">Reste connect\u00e9 pour conna\u00eetre les dates des tests de pr\u00e9-saison ainsi que la pr\u00e9sentation officielle de la campagne. Apr\u00e8s notre grande premi\u00e8re \u00e0 Bangkok cette ann\u00e9e, une nouvelle ville s&rsquo;appr\u00eate \u00e0 accueillir le premier show de notre saison 2026.<\/p>\n<p align=\"LEFT\">Tu veux nous rejoindre en bord de piste ? <strong><a href=\"https:\/\/tickets.motogp.com\/fr\/?&amp;utm_source=motogp.com&amp;utm_medium=web&amp;utm_campaign=calendar_2026_fr\" rel=\"nofollow noopener\" target=\"_blank\">D\u00e9couvre les places d\u00e9j\u00e0 disponibles et r\u00e9serve la tienne d\u00e8s maintenant <\/a><\/strong>ou inscris-toi pour \u00eatre averti lorsque la billetterie sera ouverte pour l&rsquo;\u00e9v\u00e9nement de ton choix. Si tu veux ajouter un grain de folie \u00e0 ton week-end, <a href=\"https:\/\/motogppremier.motogp.com\/calendar-of-events?utm_source=motogp.com&amp;utm_medium=partner_referral&amp;utm_campaign=2026_cal_release_article\" rel=\"nofollow noopener\" target=\"_blank\">d<strong>eviens VIP avec MotoGP Premier<\/strong><\/a><strong>.<\/strong> Profite des meilleures places, d&rsquo;exp\u00e9riences exclusives en bord de piste, d&rsquo;une hospitalit\u00e9 d&rsquo;exception et d&rsquo;un h\u00e9bergement dans des h\u00f4tels haut de gamme. Tous ces avantages sont con\u00e7us pour te rapprocher au maximum de l&rsquo;action lors des week-ends de course dans le monde entier\u00a0!<\/p>\n<tr>\n<td style=\"width: 14.6706%;\" width=\"47\">\n<p>\u00a0<\/p>\n<\/td>\n<td style=\"width: 26.4072%;\" width=\"104\">\n<p><strong>Date<\/strong><\/p>\n<\/td>\n<td style=\"width: 32.5421%;\" width=\"227\">\n<p><strong>Grand Prix<\/strong><\/p>\n<\/td>\n<td style=\"width: 26.4072%;\" width=\"265\">\n<p><strong>Circuit<\/strong><\/p>\n<\/td>\n<\/tr>\n<tr>\n<td style=\"width: 14.6706%;\" width=\"47\">\n<p>1<\/p>\n<\/td>\n<td style=\"width: 26.4072%;\" width=\"104\">\n<p>1 mars<\/p>\n<\/td>\n<td style=\"width: 32.5421%;\" width=\"227\">\n<p>Tha\u00eflande<\/p>\n<\/td>\n<td style=\"width: 26.4072%;\" width=\"265\">\n<p>Buriram<\/p>\n<\/td>\n<\/tr>\n<tr>\n<td style=\"width: 14.6706%;\" width=\"47\">\n<p>2<\/p>\n<\/td>\n<td style=\"width: 26.4072%;\" width=\"104\">\n<p>22 mars<\/p>\n<\/td>\n<td style=\"width: 32.5421%;\" width=\"227\">\n<p>Br\u00e9sil<\/p>\n<\/td>\n<td style=\"width: 26.4072%;\" width=\"265\">\n<p>Goi\u00e2nia<\/p>\n<\/td>\n<\/tr>\n<tr>\n<td style=\"width: 14.6706%;\" width=\"47\">\n<p>3<\/p>\n<\/td>\n<td style=\"width: 26.4072%;\" width=\"104\">\n<p>29 mars<\/p>\n<\/td>\n<td style=\"width: 32.5421%;\" width=\"227\">\n<p>Am\u00e9riques<\/p>\n<\/td>\n<td style=\"width: 26.4072%;\" width=\"265\">\n<p>Austin<\/p>\n<\/td>\n<\/tr>\n<tr>\n<td style=\"width: 14.6706%;\" width=\"47\">\n<p>4<\/p>\n<\/td>\n<td style=\"width: 26.4072%;\" width=\"104\">\n<p>12 avril<\/p>\n<\/td>\n<td style=\"width: 32.5421%;\" width=\"227\">\n<p>Qatar<\/p>\n<\/td>\n<td style=\"width: 26.4072%;\" width=\"265\">\n<p>Lusail<\/p>\n<\/td>\n<\/tr>\n<tr>\n<td style=\"width: 14.6706%;\" width=\"47\">\n<p>5<\/p>\n<\/td>\n<td style=\"width: 26.4072%;\" width=\"104\">\n<p>26 avril<\/p>\n<\/td>\n<td style=\"width: 32.5421%;\" width=\"227\">\n<p>Espagne<\/p>\n<\/td>\n<td style=\"width: 26.4072%;\" width=\"265\">\n<p>Jerez<\/p>\n<\/td>\n<\/tr>\n<tr>\n<td style=\"width: 14.6706%;\" width=\"47\">\n<p>6<\/p>\n<\/td>\n<td style=\"width: 26.4072%;\" width=\"104\">\n<p>10 mai<\/p>\n<\/td>\n<td style=\"width: 32.5421%;\" width=\"227\">\n<p>France<\/p>\n<\/td>\n<td style=\"width: 26.4072%;\" width=\"265\">\n<p>Le Mans<\/p>\n<\/td>\n<\/tr>\n<tr>\n<td style=\"width: 14.6706%;\" width=\"47\">\n<p>7<\/p>\n<\/td>\n<td style=\"width: 26.4072%;\" width=\"104\">\n<p>17 mai<\/p>\n<\/td>\n<td style=\"width: 32.5421%;\" width=\"227\">\n<p>Catalogne<\/p>\n<\/td>\n<td style=\"width: 26.4072%;\" width=\"265\">\n<p>Barcelone<\/p>\n<\/td>\n<\/tr>\n<tr>\n<td style=\"width: 14.6706%;\" width=\"47\">\n<p>8<\/p>\n<\/td>\n<td style=\"width: 26.4072%;\" width=\"104\">\n<p>31 mai<\/p>\n<\/td>\n<td style=\"width: 32.5421%;\" width=\"227\">\n<p>Italie<\/p>\n<\/td>\n<td style=\"width: 26.4072%;\" width=\"265\">\n<p>Mugello<\/p>\n<\/td>\n<\/tr>\n<tr>\n<td style=\"width: 14.6706%;\" width=\"47\">\n<p>9<\/p>\n<\/td>\n<td style=\"width: 26.4072%;\" width=\"104\">\n<p>7 juin<\/p>\n<\/td>\n<td style=\"width: 32.5421%;\" width=\"227\">\n<p>Hongrie<\/p>\n<\/td>\n<td style=\"width: 26.4072%;\" width=\"265\">\n<p>Balaton<\/p>\n<\/td>\n<\/tr>\n<tr>\n<td style=\"width: 14.6706%;\" width=\"47\">\n<p>10<\/p>\n<\/td>\n<td style=\"width: 26.4072%;\" width=\"104\">\n<p>21 juin<\/p>\n<\/td>\n<td style=\"width: 32.5421%;\" width=\"227\">\n<p>R\u00e9publique tch\u00e8que<\/p>\n<\/td>\n<td style=\"width: 26.4072%;\" width=\"265\">\n<p>Brno<\/p>\n<\/td>\n<\/tr>\n<tr>\n<td style=\"width: 14.6706%;\" width=\"47\">\n<p>11<\/p>\n<\/td>\n<td style=\"width: 26.4072%;\" width=\"104\">\n<p>28 juin<\/p>\n<\/td>\n<td style=\"width: 32.5421%;\" width=\"227\">\n<p>Pays-Bas<\/p>\n<\/td>\n<td style=\"width: 26.4072%;\" width=\"265\">\n<p>Assen<\/p>\n<\/td>\n<\/tr>\n<tr>\n<td style=\"width: 14.6706%;\" width=\"47\">\n<p>12<\/p>\n<\/td>\n<td style=\"width: 26.4072%;\" width=\"104\">\n<p>12 juillet<\/p>\n<\/td>\n<td style=\"width: 32.5421%;\" width=\"227\">\n<p>Allemagne<\/p>\n<\/td>\n<td style=\"width: 26.4072%;\" width=\"265\">\n<p>Sachsenring<\/p>\n<\/td>\n<\/tr>\n<tr>\n<td style=\"width: 14.6706%;\" width=\"47\">\n<p>13<\/p>\n<\/td>\n<td style=\"width: 26.4072%;\" width=\"104\">\n<p>9 ao\u00fbt<\/p>\n<\/td>\n<td style=\"width: 32.5421%;\" width=\"227\">\n<p>Grande-Bretagne<\/p>\n<\/td>\n<td style=\"width: 26.4072%;\" width=\"265\">\n<p>Silverstone<\/p>\n<\/td>\n<\/tr>\n<tr>\n<td style=\"width: 14.6706%;\" width=\"47\">\n<p>14<\/p>\n<\/td>\n<td style=\"width: 26.4072%;\" width=\"104\">\n<p>30 ao\u00fbt<\/p>\n<\/td>\n<td style=\"width: 32.5421%;\" width=\"227\">\n<p>Arag\u00f3n<\/p>\n<\/td>\n<td style=\"width: 26.4072%;\" width=\"265\">\n<p>MotorLand<\/p>\n<\/td>\n<\/tr>\n<tr>\n<td style=\"width: 14.6706%;\" width=\"47\">\n<p>15<\/p>\n<\/td>\n<td style=\"width: 26.4072%;\" width=\"104\">\n<p>13 septembre<\/p>\n<\/td>\n<td style=\"width: 32.5421%;\" width=\"227\">\n<p>Saint-Marin et de la Riviera de Rimini<\/p>\n<\/td>\n<td style=\"width: 26.4072%;\" width=\"265\">\n<p>Misano<\/p>\n<\/td>\n<\/tr>\n<tr>\n<td style=\"width: 14.6706%;\" width=\"47\">\n<p>16<\/p>\n<\/td>\n<td style=\"width: 26.4072%;\" width=\"104\">\n<p>20 septembre<\/p>\n<\/td>\n<td style=\"width: 32.5421%;\" width=\"227\">\n<p>Autriche<\/p>\n<\/td>\n<td style=\"width: 26.4072%;\" width=\"265\">\n<p>Spielberg<\/p>\n<\/td>\n<\/tr>\n<tr>\n<td style=\"width: 14.6706%;\" width=\"47\">\n<p>17<\/p>\n<\/td>\n<td style=\"width: 26.4072%;\" width=\"104\">\n<p>4 octobre<\/p>\n<\/td>\n<td style=\"width: 32.5421%;\" width=\"227\">\n<p>Japon<\/p>\n<\/td>\n<td style=\"width: 26.4072%;\" width=\"265\">\n<p>Motegi<\/p>\n<\/td>\n<\/tr>\n<tr>\n<td style=\"width: 14.6706%;\" width=\"47\">\n<p>18<\/p>\n<\/td>\n<td style=\"width: 26.4072%;\" width=\"104\">\n<p>11 octobre<\/p>\n<\/td>\n<td style=\"width: 32.5421%;\" width=\"227\">\n<p>Indon\u00e9sie<\/p>\n<\/td>\n<td style=\"width: 26.4072%;\" width=\"265\">\n<p>Mandalika<\/p>\n<\/td>\n<\/tr>\n<tr>\n<td style=\"width: 14.6706%;\" width=\"47\">\n<p>19<\/p>\n<\/td>\n<td style=\"width: 26.4072%;\" width=\"104\">\n<p>25 octobre<\/p>\n<\/td>\n<td style=\"width: 32.5421%;\" width=\"227\">\n<p>Australie<\/p>\n<\/td>\n<td style=\"width: 26.4072%;\" width=\"265\">\n<p>Phillip Island<\/p>\n<\/td>\n<\/tr>\n<tr>\n<td style=\"width: 14.6706%;\" width=\"47\">\n<p>20<\/p>\n<\/td>\n<td style=\"width: 26.4072%;\" width=\"104\">\n<p>1 novembre<\/p>\n<\/td>\n<td style=\"width: 32.5421%;\" width=\"227\">\n<p>Malaisie<\/p>\n<\/td>\n<td style=\"width: 26.4072%;\" width=\"265\">\n<p>Sepang<\/p>\n<\/td>\n<\/tr>\n<tr>\n<td style=\"width: 14.6706%;\" width=\"47\">\n<p>21<\/p>\n<\/td>\n<td style=\"width: 26.4072%;\" width=\"104\">\n<p>15 novembre<\/p>\n<\/td>\n<td style=\"width: 32.5421%;\" width=\"227\">\n<p>Portugal<\/p>\n<\/td>\n<td style=\"width: 26.4072%;\" width=\"265\">\n<p>Portim\u00e3o<\/p>\n<\/td>\n<\/tr>\n<tr>\n<td style=\"width: 14.6706%;\" width=\"47\">\n<p>22<\/p>\n<\/td>\n<td style=\"width: 26.4072%;\" width=\"104\">\n<p>22 novembre<\/p>\n<\/td>\n<td style=\"width: 32.5421%;\" width=\"227\">\n<p>Valence<\/p>\n<\/td>\n<td style=\"width: 26.4072%;\" width=\"265\">\n<p>Cheste<\/p>\n<\/td>\n<\/tr>\n<p>\u00a0<\/p>\n","protected":false},"excerpt":{"rendered":"Grande nouvelle\u2026 le calendrier 2026 du MotoGP\u2122 vient d\u2019\u00eatre officialis\u00e9 ! Ce dernier comporte 22 Grands Prix r\u00e9partis&hellip;\n","protected":false},"author":2,"featured_media":270498,"comment_status":"","ping_status":"","sticky":false,"template":"","format":"standard","meta":{"footnotes":""},"categories":[1413],"tags":[1011,27,1457,1456,60,2032],"class_list":{"0":"post-270497","1":"post","2":"type-post","3":"status-publish","4":"format-standard","5":"has-post-thumbnail","7":"category-moto","8":"tag-fr","9":"tag-france","10":"tag-moto","11":"tag-motocycle","12":"tag-sports","13":"tag-text"},"share_on_mastodon":{"url":"https:\/\/pubeurope.com\/@fr\/114908371508698801","error":""},"_links":{"self":[{"href":"https:\/\/www.europesays.com\/fr\/wp-json\/wp\/v2\/posts\/270497","targetHints":{"allow":["GET"]}}],"collection":[{"href":"https:\/\/www.europesays.com\/fr\/wp-json\/wp\/v2\/posts"}],"about":[{"href":"https:\/\/www.europesays.com\/fr\/wp-json\/wp\/v2\/types\/post"}],"author":[{"embeddable":true,"href":"https:\/\/www.europesays.com\/fr\/wp-json\/wp\/v2\/users\/2"}],"replies":[{"embeddable":true,"href":"https:\/\/www.europesays.com\/fr\/wp-json\/wp\/v2\/comments?post=270497"}],"version-history":[{"count":0,"href":"https:\/\/www.europesays.com\/fr\/wp-json\/wp\/v2\/posts\/270497\/revisions"}],"wp:featuredmedia":[{"embeddable":true,"href":"https:\/\/www.europesays.com\/fr\/wp-json\/wp\/v2\/media\/270498"}],"wp:attachment":[{"href":"https:\/\/www.europesays.com\/fr\/wp-json\/wp\/v2\/media?parent=270497"}],"wp:term":[{"taxonomy":"category","embeddable":true,"href":"https:\/\/www.europesays.com\/fr\/wp-json\/wp\/v2\/categories?post=270497"},{"taxonomy":"post_tag","embeddable":true,"href":"https:\/\/www.europesays.com\/fr\/wp-json\/wp\/v2\/tags?post=270497"}],"curies":[{"name":"wp","href":"https:\/\/api.w.org\/{rel}","templated":true}]}}