{"id":27050,"date":"2025-04-15T17:13:08","date_gmt":"2025-04-15T17:13:08","guid":{"rendered":"https:\/\/www.europesays.com\/fr\/27050\/"},"modified":"2025-04-15T17:13:08","modified_gmt":"2025-04-15T17:13:08","slug":"la-meteo-va-radicalement-changer-ce-mardi","status":"publish","type":"post","link":"https:\/\/www.europesays.com\/fr\/27050\/","title":{"rendered":"la m\u00e9t\u00e9o va radicalement changer ce mardi"},"content":{"rendered":"<p>            Par<br \/>\n        <strong><br \/>\n            <a href=\"https:\/\/actu.fr\/auteur\/margot-nicodeme\" title=\"Consulter tous les articles de Margot Nicod\u00e8me\" target=\"_blank\" rel=\"noopener\">Margot Nicod\u00e8me<\/a><br \/>\n        <\/strong><\/p>\n<p>        Publi\u00e9 le<\/p>\n<p>            15 avr. 2025 \u00e0 15h26        <\/p>\n<p><b>La m\u00e9t\u00e9o va radicalement changer<\/b>, en cette fin d\u2019apr\u00e8s-midi du mardi 15 avril, dans<b> le Nord et le <a href=\"https:\/\/actu.fr\/pas-de-calais\/\" target=\"_blank\" rel=\"noopener\">Pas-de-Calais<\/a><\/b>. D\u00e8s 16h, les deux d\u00e9partements basculent en vigilance jaune <b>pour risques d\u2019orages<\/b>, et la d\u00e9gradation s\u2019accompagnera de<b> vents importants<\/b>. Les \u00e9claircies observ\u00e9es ce jour vont laisser place au fil des heures \u00e0 un ciel sombre, et le vent se l\u00e8vera pour attendre les 55 km\/h dans les terres.<\/p>\n<p>Une vigilance orages sur plusieurs heures et le vent qui se l\u00e8ve dans le Nord et le Pas-de-Calais\u00a0<\/p>\n<p class=\" wall-content\">Une grande partie de la France est concern\u00e9e par cette d\u00e9gradation pluvio-orageuse, entr\u00e9e sur le territoire par les Pyr\u00e9n\u00e9es et le sud de l\u2019Aquitaine lundi midi. Elle remonte vers le nord et l\u2019est du pays, incitant M\u00e9t\u00e9o France \u00e0 placer <a href=\"https:\/\/actu.fr\/meteo\/orages-violents-et-coup-de-vent-en-france-ce-mardi-des-dizaines-de-departements-en-vigilance_62509014.html\" target=\"_blank\" rel=\"noopener\">une soixantaine de d\u00e9partements en vigilance<\/a> jaune orages ce mardi apr\u00e8s-midi.\u00a0<\/p>\n<p class=\" wall-content\">Dans le Nord et le Pas-de-Calais, la vigilance court de 16h \u00e0 20h. La nuit s\u2019annonce plus calme, avec des vents qui devraient retomber, sauf sur le littoral. De Boulogne \u00e0 Dunkerque, <b>\u00e7a soufflera encore de 60 \u00e0 70 km\/h dans la soir\u00e9e<\/b>. Ailleurs dans les terres, ce sont des valeurs entre 15 et 45 km\/h qui sont pr\u00e9vues par M\u00e9t\u00e9o France.\u00a0<\/p>\n<p class=\" wall-content\">\n<p class=\" wall-content\">Faites preuve de la plus grande prudence.<\/p>\n<p class=\" wall-content\">Suivez toute l\u2019actualit\u00e9 de vos villes et m\u00e9dias favoris en vous inscrivant \u00e0 <a href=\"https:\/\/moncompte.actu.fr\" title=\"D\u00e9couvez Mon Actu\" rel=\"nofollow noopener\" data-trk=\"{&quot;cta&quot;:{&quot;action&quot;:&quot;https:\\\/\\\/moncompte.actu.fr&quot;,&quot;category&quot;:&quot;mon compte&quot;,&quot;from&quot;:&quot;article footer&quot;,&quot;name&quot;:&quot;Mon actu&quot;,&quot;type&quot;:&quot;cta&quot;}}\" target=\"_blank\">Mon Actu<\/a>.<\/p>\n","protected":false},"excerpt":{"rendered":"Par Margot Nicod\u00e8me Publi\u00e9 le 15 avr. 2025 \u00e0 15h26 La m\u00e9t\u00e9o va radicalement changer, en cette fin&hellip;\n","protected":false},"author":2,"featured_media":27051,"comment_status":"","ping_status":"","sticky":false,"template":"","format":"standard","meta":{"footnotes":""},"categories":[2],"tags":[11,1011,27,2357,12,4594,25,104],"class_list":{"0":"post-27050","1":"post","2":"type-post","3":"status-publish","4":"format-standard","5":"has-post-thumbnail","7":"category-actualites","8":"tag-actualites","9":"tag-fr","10":"tag-france","11":"tag-meteo-france","12":"tag-news","13":"tag-orages","14":"tag-republique-francaise","15":"tag-societe"},"share_on_mastodon":{"url":"https:\/\/pubeurope.com\/@fr\/114343103903427597","error":""},"_links":{"self":[{"href":"https:\/\/www.europesays.com\/fr\/wp-json\/wp\/v2\/posts\/27050","targetHints":{"allow":["GET"]}}],"collection":[{"href":"https:\/\/www.europesays.com\/fr\/wp-json\/wp\/v2\/posts"}],"about":[{"href":"https:\/\/www.europesays.com\/fr\/wp-json\/wp\/v2\/types\/post"}],"author":[{"embeddable":true,"href":"https:\/\/www.europesays.com\/fr\/wp-json\/wp\/v2\/users\/2"}],"replies":[{"embeddable":true,"href":"https:\/\/www.europesays.com\/fr\/wp-json\/wp\/v2\/comments?post=27050"}],"version-history":[{"count":0,"href":"https:\/\/www.europesays.com\/fr\/wp-json\/wp\/v2\/posts\/27050\/revisions"}],"wp:featuredmedia":[{"embeddable":true,"href":"https:\/\/www.europesays.com\/fr\/wp-json\/wp\/v2\/media\/27051"}],"wp:attachment":[{"href":"https:\/\/www.europesays.com\/fr\/wp-json\/wp\/v2\/media?parent=27050"}],"wp:term":[{"taxonomy":"category","embeddable":true,"href":"https:\/\/www.europesays.com\/fr\/wp-json\/wp\/v2\/categories?post=27050"},{"taxonomy":"post_tag","embeddable":true,"href":"https:\/\/www.europesays.com\/fr\/wp-json\/wp\/v2\/tags?post=27050"}],"curies":[{"name":"wp","href":"https:\/\/api.w.org\/{rel}","templated":true}]}}