{"id":270501,"date":"2025-07-24T13:10:09","date_gmt":"2025-07-24T13:10:09","guid":{"rendered":"https:\/\/www.europesays.com\/fr\/270501\/"},"modified":"2025-07-24T13:10:09","modified_gmt":"2025-07-24T13:10:09","slug":"mais-pourquoi-la-cgt-est-presente-dans-la-caravane-du-tour-de-france","status":"publish","type":"post","link":"https:\/\/www.europesays.com\/fr\/270501\/","title":{"rendered":"mais pourquoi la CGT est pr\u00e9sente dans la caravane du Tour de France\u00a0?"},"content":{"rendered":"<p>            Par<br \/>\n        <strong><br \/>\n            <a href=\"https:\/\/actu.fr\/auteur\/maxime-tsjoen\" title=\"Consulter tous les articles de Maxime T&#039;sjoen\" rel=\"nofollow noopener\" target=\"_blank\">Maxime T&rsquo;sjoen<\/a><br \/>\n        <\/strong><\/p>\n<p>        Publi\u00e9 le<\/p>\n<p>            24 juil. 2025 \u00e0 12h30        <\/p>\n<p>Dans le monde aseptis\u00e9 du <a href=\"https:\/\/actu.fr\/tag\/tour-de-france-2025\" rel=\"nofollow noopener\" target=\"_blank\">Tour de France<\/a>, o\u00f9 <strong>toute revendication politique est musel\u00e9e<\/strong>, la pr\u00e9sence de la <a href=\"https:\/\/www.cgt.fr\/\" rel=\"nofollow noopener\" target=\"_blank\">Conf\u00e9d\u00e9ration g\u00e9n\u00e9rale du travail<\/a> (CGT) dans la caravane publicitaire de la <a href=\"https:\/\/actu.fr\/cyclisme\" rel=\"nofollow noopener\" target=\"_blank\">course<\/a> d\u00e9tonne.<\/p>\n<p class=\" wall-content\">Pourtant, ce sont bien deux vans du syndicat dirig\u00e9 par <a href=\"https:\/\/actu.fr\/societe\/qui-est-sophie-binet-la-nouvelle-secretaire-generale-de-la-cgt_58582962.html\" rel=\"nofollow noopener\" target=\"_blank\">Sophie Binet<\/a> qui arpentent les milliers de kilom\u00e8tres de la Grande Boucle pour distribuer des stylos quatre couleurs. \u00ab\u2009Des BIC fran\u00e7ais\u2009\u00bb, insiste Jacky, chauffeur de l\u2019un des deux v\u00e9hicules.<\/p>\n<p class=\" wall-content\">Ce mercredi 23\u00a0juillet 2025, actu.fr a crois\u00e9 des militants \u00e0 <a href=\"https:\/\/actu.fr\/provence-alpes-cote-d-azur\/bollene_84019\" rel=\"nofollow noopener\" target=\"_blank\">Boll\u00e8ne (Vaucluse)<\/a>, devant leur Renault. Fran\u00e7ais, on a dit\u2009!<\/p>\n<p>Un militantisme sur le Tour depuis 1947<\/p>\n<p class=\" wall-content\">Ils ne sont pas pay\u00e9s, mais ne font <strong>pas du b\u00e9n\u00e9volat<\/strong> pour autant. \u00ab\u2009Du militantisme\u2009\u00bb, pr\u00e9cise Jacky, qui donne quatre semaines de son temps pour le Tour (trois semaines pour l\u2019\u00e9dition masculine, une semaine pour le <a href=\"https:\/\/actu.fr\/bretagne\/vannes_56260\/tour-de-france-femmes-ledition-2025-selancera-de-bretagne_61183577.html\" rel=\"nofollow noopener\" target=\"_blank\">Tour de France Femmes<\/a>).<\/p>\n<p class=\" wall-content\">\u00ab\u2009Les gens sont \u00e9tonn\u00e9s en nous voyant\u2009\u00bb, confirme Jacky. Il faut dire que, voir un <a href=\"https:\/\/actu.fr\/tag\/syndicats\" rel=\"nofollow noopener\" target=\"_blank\">syndicat<\/a> dans la caravane o\u00f9 le ticket d\u2019entr\u00e9e repr\u00e9sente un <a href=\"https:\/\/actu.fr\/tag\/argent\" rel=\"nofollow noopener\" target=\"_blank\">co\u00fbt<\/a> tr\u00e8s important (a priori <strong>plusieurs centaines de milliers d\u2019euros<\/strong>) peut para\u00eetre paradoxal.<\/p>\n<p class=\" wall-content\">Sauf que la CGT jouit d\u2019un statut particulier dans ce d\u00e9fil\u00e9 de v\u00e9hicules publicitaires g\u00e9ants. Elle est invit\u00e9e par l\u2019organisation. Et \u00e7a ne date pas d\u2019hier\u2009: \u00ab\u2009La CGT est pr\u00e9sente sur le <a href=\"https:\/\/actu.fr\/tag\/tour-de-france\" rel=\"nofollow noopener\" target=\"_blank\">Tour<\/a> <strong>depuis 1947\u2009\u00bb<\/strong>, nous explique Jacky.<\/p>\n<blockquote class=\"ac-article-quote wall-content\">\n<p>Pendant l&rsquo;Occupation, \u00ab\u00a0La Vie ouvri\u00e8re\u00a0\u00bb (journal de la CGT) est entr\u00e9e en clandestinit\u00e9. Ils ont continu\u00e9 \u00e0 distribuer des tracts, certains ont \u00e9t\u00e9 fusill\u00e9s. En remerciement, le Tour nous invite pour \u00ab\u00a0fait de guerre\u00a0\u00bb.<\/p>\n<p>    <strong>Jacky<\/strong><br \/>\n        Membre de la CGT    <\/p><\/blockquote>\n<p>Op\u00e9ration communication<\/p>\n<p class=\" wall-content\">En plein \u00e9v\u00e9nement sportif, n\u00e9anmoins, le syndicat n\u2019est \u00ab\u2009pas l\u00e0 pour la revendication\u2009\u00bb. Enfin, pas directement. C\u2019est <strong>une \u00ab\u2009occasion de se montrer\u2009\u00bb<\/strong> dans \u00ab\u00a0LA f\u00eate populaire par excellence\u2009\u00bb, estime Jacky.<\/p>\n<p class=\" wall-content\">Une <strong>v\u00e9ritable op\u00e9ration de communication<\/strong> qui a su trouver son public. Ainsi, les stylos personnalis\u00e9s de la CGT \u00ab\u2009sont assez recherch\u00e9s\u2009\u00bb et permettent de continuer le travail de communication apr\u00e8s le Tour de France.<\/p>\n<p class=\" wall-content\">Globalement, \u00ab\u2009on est assez bien per\u00e7us\u2009\u00bb, juge le chauffeur qui a huit Grandes boucles \u00e0 son actif.\u00a0Et sur le bord des routes, m\u00eame sans faire de revendication, <strong>la lutte sociale n\u2019est jamais bien loin<\/strong> pour ces C\u00e9g\u00e9tistes.<\/p>\n<p class=\" wall-content\">\u00ab\u2009On entend beaucoup parler des <a href=\"https:\/\/actu.fr\/economie\/suppression-de-deux-jours-feries-allez-vous-travailler-gratuitement-si-cette-mesure-etait-appliquee_62916123.html\" rel=\"nofollow noopener\" target=\"_blank\">jours f\u00e9ri\u00e9s<\/a>\u00a0\u00bb cette ann\u00e9e, indique Jacky. <a href=\"https:\/\/actu.fr\/economie\/vous-allez-grincer-des-dents-voici-les-deux-jours-feries-que-francois-bayrou-propose-de-supprimer_62914032.html\" rel=\"nofollow noopener\" target=\"_blank\">Fran\u00e7ois Bayrou aussi en entend parler<\/a>. En revanche, on ne l\u2019a pas crois\u00e9 dans la Caravane.<\/p>\n<p class=\" wall-content\">Suivez toute l\u2019actualit\u00e9 de vos villes et m\u00e9dias favoris en vous inscrivant \u00e0 <a href=\"https:\/\/moncompte.actu.fr\" title=\"D\u00e9couvez Mon Actu\" rel=\"nofollow noopener\" data-trk=\"{&quot;cta&quot;:{&quot;action&quot;:&quot;https:\\\/\\\/moncompte.actu.fr&quot;,&quot;category&quot;:&quot;mon compte&quot;,&quot;from&quot;:&quot;article footer&quot;,&quot;name&quot;:&quot;Mon actu&quot;,&quot;type&quot;:&quot;cta&quot;}}\" target=\"_blank\">Mon Actu<\/a>.<\/p>\n","protected":false},"excerpt":{"rendered":"Par Maxime T&rsquo;sjoen Publi\u00e9 le 24 juil. 2025 \u00e0 12h30 Dans le monde aseptis\u00e9 du Tour de France,&hellip;\n","protected":false},"author":2,"featured_media":270502,"comment_status":"","ping_status":"","sticky":false,"template":"","format":"standard","meta":{"footnotes":""},"categories":[1411],"tags":[1154,207,3696,1011,27,60,3427,210,2116],"class_list":{"0":"post-270501","1":"post","2":"type-post","3":"status-publish","4":"format-standard","5":"has-post-thumbnail","7":"category-cyclisme","8":"tag-cycling","9":"tag-cyclisme","10":"tag-evenements","11":"tag-fr","12":"tag-france","13":"tag-sports","14":"tag-syndicats","15":"tag-tour-de-france","16":"tag-tour-de-france-2025"},"share_on_mastodon":{"url":"https:\/\/pubeurope.com\/@fr\/114908379463915002","error":""},"_links":{"self":[{"href":"https:\/\/www.europesays.com\/fr\/wp-json\/wp\/v2\/posts\/270501","targetHints":{"allow":["GET"]}}],"collection":[{"href":"https:\/\/www.europesays.com\/fr\/wp-json\/wp\/v2\/posts"}],"about":[{"href":"https:\/\/www.europesays.com\/fr\/wp-json\/wp\/v2\/types\/post"}],"author":[{"embeddable":true,"href":"https:\/\/www.europesays.com\/fr\/wp-json\/wp\/v2\/users\/2"}],"replies":[{"embeddable":true,"href":"https:\/\/www.europesays.com\/fr\/wp-json\/wp\/v2\/comments?post=270501"}],"version-history":[{"count":0,"href":"https:\/\/www.europesays.com\/fr\/wp-json\/wp\/v2\/posts\/270501\/revisions"}],"wp:featuredmedia":[{"embeddable":true,"href":"https:\/\/www.europesays.com\/fr\/wp-json\/wp\/v2\/media\/270502"}],"wp:attachment":[{"href":"https:\/\/www.europesays.com\/fr\/wp-json\/wp\/v2\/media?parent=270501"}],"wp:term":[{"taxonomy":"category","embeddable":true,"href":"https:\/\/www.europesays.com\/fr\/wp-json\/wp\/v2\/categories?post=270501"},{"taxonomy":"post_tag","embeddable":true,"href":"https:\/\/www.europesays.com\/fr\/wp-json\/wp\/v2\/tags?post=270501"}],"curies":[{"name":"wp","href":"https:\/\/api.w.org\/{rel}","templated":true}]}}