{"id":270509,"date":"2025-07-24T13:14:24","date_gmt":"2025-07-24T13:14:24","guid":{"rendered":"https:\/\/www.europesays.com\/fr\/270509\/"},"modified":"2025-07-24T13:14:24","modified_gmt":"2025-07-24T13:14:24","slug":"gard-la-maison-carree-merveilleusement-detaillee","status":"publish","type":"post","link":"https:\/\/www.europesays.com\/fr\/270509\/","title":{"rendered":"GARD La Maison carr\u00e9e merveilleusement d\u00e9taill\u00e9e"},"content":{"rendered":"<p>Les \u00e9ditions n\u00eemoises Alcide viennent de publier un nouvel ouvrage, \u00e0 petit prix et grand savoir.<\/p>\n<\/p>\n<p>Yann Cruvellier, fondateur et directeur de la maison Alcide est heureux de sortir ce petit ouvrage plein de savoir. Facile d\u2019acc\u00e8s, plaisant \u00e0 feuilleter comme lire plus en profondeur, ce petit format \u00e0 l\u2019avenir devant lui alors qu\u2019il traite du pass\u00e9 du monument le mieux conserv\u00e9 de l\u2019empire romain : le temple de la Maison carr\u00e9e de N\u00eemes.<\/p>\n<p>\u00ab Voici un petit livre \u00e0 un petit prix, mais qui a d\u00e9j\u00e0 tout d&rsquo;un classique ! Le texte complet est sign\u00e9 <strong><a href=\"https:\/\/www.objectifgard.com\/gard\/nimes\/nimes-en-decouvrir-toujours-plus-sur-la-maison-carree-147598.php\" rel=\"nofollow noopener\" target=\"_blank\">\u00c9ric Teyssier<\/a><\/strong>, au style enlev\u00e9 et agr\u00e9able. Vivez l&rsquo;histoire de la Maison Carr\u00e9e comme vous ne l&rsquo;avez encore jamais lue. Les illustrations, \u00e0 la fois \u00e9l\u00e9gantes et facilitatrices \u00e9manent du pr\u00e9cieux coup d\u2019\u0153il et de crayon de Fr\u00e9d\u00e9ric Cartier-Lange qui aide \u00e0 mieux appr\u00e9hender le temps pass\u00e9 tout en se divertissant. \u00bb<\/p>\n<p>\n\t<img decoding=\"async\" src=\"https:\/\/www.europesays.com\/fr\/wp-content\/uploads\/2025\/07\/1753362861_693_image.jpg\" alt=\"La Maison carr\u00e9e vue par Alcide en 2025 (Photo Anthony Maurin)\"\/><\/p>\n<p>\t\t\t\t\tLa Maison carr\u00e9e vue par Alcide en 2025 (Photo Anthony Maurin)<\/p>\n<p>La Maison carr\u00e9e de N\u00eemes est l&rsquo;unique et plus ancien repr\u00e9sentant de l&rsquo;ordre corinthien august\u00e9en toujours en \u00e9l\u00e9vation. Elle est aussi, avec le Panth\u00e9on \u00e0 Rome, le temple le mieux conserv\u00e9 du monde romain constituant ainsi l&rsquo;un des t\u00e9moignages les plus importants de l&rsquo;architecture et de la diffusion du culte imp\u00e9rial dans les provinces de l&rsquo;Empire.<\/p>\n<p>La valeur universelle exceptionnelle de ce bien repose sur la d\u00e9monstration que la Maison carr\u00e9e de N\u00eemes, \u00e9difi\u00e9e du vivant de l&#8217;empereur Auguste au premier si\u00e8cle de notre \u00e8re, repr\u00e9sente l&rsquo;une des plus anciennes expressions, et des mieux conserv\u00e9es d&rsquo;un temple romain consacr\u00e9 au culte imp\u00e9rial et qu&rsquo;elle est un monument d&rsquo;une qualit\u00e9 architecturale remarquable qui t\u00e9moigne des valeurs de paix durable, de concorde et de prosp\u00e9rit\u00e9 que promut et chercha \u00e0 garantir l&#8217;empire romain.<\/p>\n<p>\n\t<img decoding=\"async\" src=\"https:\/\/www.europesays.com\/fr\/wp-content\/uploads\/2025\/07\/1753362862_660_image.jpg\" alt=\"Maison carr\u00e9e Alcide 2025  (Photo Anthony Maurin)\"\/><\/p>\n<p>\t\t\t\t\tLa Maison carr\u00e9e vue par Alcide en 2025 (Photo Anthony Maurin)<\/p>\n<p>L\u2019\u00e9diteur poursuit, \u00ab Les photographies in\u00e9dites sont celles de Philippe Ibars. On y voit des angles de vue qui mettent en valeur la Maison Carr\u00e9e comme rarement. Et, comme la m\u00e9rit\u00e9e reconnaissance de l&rsquo;UNESCO s&rsquo;accompagne d&rsquo;une fr\u00e9quentation internationale accrue, le livre est bilingue anglais ! Petit livre qui fait le maximum, et surtout plaisir, bonne lecture. \u00bb<\/p>\n<p>\n\t<img decoding=\"async\" src=\"https:\/\/www.europesays.com\/fr\/wp-content\/uploads\/2025\/07\/1753362863_226_image.jpg\" alt=\"La Maison carr\u00e9e vue par Alcide en 2025 (Photo Anthony Maurin)\"\/><\/p>\n<p>\t\t\t\t\tLa Maison carr\u00e9e vue par Alcide en 2025 (Photo Anthony Maurin)<\/p>\n<p>Pour une lecture facile d\u2019acc\u00e8s, mais ambitieuse sur le fond. Depuis 2017, une collection Histoire-Jeunesse illustr\u00e9e propose cette riche histoire aux jeunes, mais aussi aux adultes<\/p>\n<p>\u00ab Il y a des photos, des illustrations tr\u00e8s graphiques et du texte pour comprendre le forum et le cadre dans lequel il s&rsquo;ins\u00e9rait. On ne peut pas comprendre la Maison Carr\u00e9e si on ne comprend pas le forum. On y imagine les statues de citoyens d\u2019alors et m\u00eame une statue \u00e9questre, sans doute de l\u2019empereur, dont on a retrouv\u00e9 un sabot. Il y avait donc des statues sur le forum car on a retrouv\u00e9 leurs socles et c\u2019est aussi le cas \u00e0 Pomp\u00e9i par exemple. Bref, ce petit livre permet, justement, avec des hypoth\u00e8ses largement fond\u00e9es, de dire \u00e0 quoi pouvait ressembler le forum de N\u00eemes \u00e0 cette \u00e9poque-l\u00e0 \u00bb avouait \u00c9ric Teyssier.<\/p>\n<p>\n\t<img decoding=\"async\" src=\"https:\/\/www.europesays.com\/fr\/wp-content\/uploads\/2025\/07\/1753362864_773_image.jpg\" alt=\"\"\/><\/p>\n<p>\t\t\t\t\tLa Maison carr\u00e9e (Photo Archives Anthony Maurin).<\/p>\n<p>B\u00e2tie autour de l\u2019an 0, la Maison Carr\u00e9e est le temple romain le mieux pr\u00e9serv\u00e9 au monde avec le Panth\u00e9on de Rome. Pourquoi a-t-on b\u00e2ti ce temple ? Quel \u00e9tait son usage ? Comment est-il parvenu jusqu\u2019\u00e0 nous alors que tant d\u2019autres \u00e9difices romains ont disparu au fil des si\u00e8cles\u2026 D\u00e9sormais inscrit au patrimoine mondial de l\u2019Unesco, le monument t\u00e9moigne de l\u2019\u00e2ge d\u2019or de l\u2019Empire romain. Son histoire est une fascinante odyss\u00e9e dans le temps. Maintenant\u2026 En anglais juste pour voir !<\/p>\n<p>Built around the year 0, the Maison Carr\u00e9e is the best-preserved Roman temple in the world, rivalled only by the Pantheon in Rome. Why was this temple built ? What was it used for ? How has it managed to avoid the depredations that other Roman buildings have suffered over the centuries ? Now a Unesco World Heritage Site, this monument bears witness to the golden age of the Roman Empire. Its story is a fascinating journey through time.<\/p>\n<p>La Maison Carr\u00e9e, d\u2019<strong><a href=\"https:\/\/www.editions-alcide.com\/auteurs\/teyssier-eric\/\" rel=\"nofollow noopener\" target=\"_blank\">Eric Teyssier<\/a><\/strong>, <strong><a href=\"https:\/\/www.editions-alcide.com\/auteurs\/cartier-lange-frederic\/\" rel=\"nofollow noopener\" target=\"_blank\">Fr\u00e9d\u00e9ric Cartier-Lange<\/a><\/strong> et<strong> <a href=\"https:\/\/www.editions-alcide.com\/auteurs\/ibars-philippe\/\" rel=\"nofollow noopener\" target=\"_blank\">Philippe Ibars<\/a>. <\/strong>96 pages, 16 x 16 cm au prix de 10 euros<\/p>\n","protected":false},"excerpt":{"rendered":"Les \u00e9ditions n\u00eemoises Alcide viennent de publier un nouvel ouvrage, \u00e0 petit prix et grand savoir. Yann Cruvellier,&hellip;\n","protected":false},"author":2,"featured_media":270510,"comment_status":"","ping_status":"","sticky":false,"template":"","format":"standard","meta":{"footnotes":""},"categories":[1357],"tags":[1379,58,59,1011,27,1380],"class_list":{"0":"post-270509","1":"post","2":"type-post","3":"status-publish","4":"format-standard","5":"has-post-thumbnail","7":"category-livres","8":"tag-books","9":"tag-divertissement","10":"tag-entertainment","11":"tag-fr","12":"tag-france","13":"tag-livres"},"share_on_mastodon":{"url":"https:\/\/pubeurope.com\/@fr\/114908395238326981","error":""},"_links":{"self":[{"href":"https:\/\/www.europesays.com\/fr\/wp-json\/wp\/v2\/posts\/270509","targetHints":{"allow":["GET"]}}],"collection":[{"href":"https:\/\/www.europesays.com\/fr\/wp-json\/wp\/v2\/posts"}],"about":[{"href":"https:\/\/www.europesays.com\/fr\/wp-json\/wp\/v2\/types\/post"}],"author":[{"embeddable":true,"href":"https:\/\/www.europesays.com\/fr\/wp-json\/wp\/v2\/users\/2"}],"replies":[{"embeddable":true,"href":"https:\/\/www.europesays.com\/fr\/wp-json\/wp\/v2\/comments?post=270509"}],"version-history":[{"count":0,"href":"https:\/\/www.europesays.com\/fr\/wp-json\/wp\/v2\/posts\/270509\/revisions"}],"wp:featuredmedia":[{"embeddable":true,"href":"https:\/\/www.europesays.com\/fr\/wp-json\/wp\/v2\/media\/270510"}],"wp:attachment":[{"href":"https:\/\/www.europesays.com\/fr\/wp-json\/wp\/v2\/media?parent=270509"}],"wp:term":[{"taxonomy":"category","embeddable":true,"href":"https:\/\/www.europesays.com\/fr\/wp-json\/wp\/v2\/categories?post=270509"},{"taxonomy":"post_tag","embeddable":true,"href":"https:\/\/www.europesays.com\/fr\/wp-json\/wp\/v2\/tags?post=270509"}],"curies":[{"name":"wp","href":"https:\/\/api.w.org\/{rel}","templated":true}]}}