{"id":270511,"date":"2025-07-24T13:15:14","date_gmt":"2025-07-24T13:15:14","guid":{"rendered":"https:\/\/www.europesays.com\/fr\/270511\/"},"modified":"2025-07-24T13:15:14","modified_gmt":"2025-07-24T13:15:14","slug":"des-anciens-de-secret-story-un-participant-du-koh-lanta-espagnol-decouvrez-le-casting-de-la-villa-des-coeurs-brises","status":"publish","type":"post","link":"https:\/\/www.europesays.com\/fr\/270511\/","title":{"rendered":"Des anciens de \u00abSecret Story\u00bb, un participant du \u00abKoh-Lanta\u00bb espagnol&#8230; D\u00e9couvrez le casting de \u00abLa Villa des c\u0153urs bris\u00e9s\u00bb"},"content":{"rendered":"<p><strong>EN IMAGES &#8211; <\/strong>La dixi\u00e8me saison de la t\u00e9l\u00e9-r\u00e9alit\u00e9 de TFX sera diffus\u00e9e d\u00e8s le mois d\u2019ao\u00fbt. Des visages bien connus du programme, mais aussi de nouvelles t\u00eates, vont tenter de r\u00e9parer leurs traumatismes amoureux aux c\u00f4t\u00e9s de Lucie Mariotti.<\/p>\n<p class=\"fig-paragraph\">Ils sont douze personnalit\u00e9s, dont un couple, \u00e0 s\u2019embarquer dans la dixi\u00e8me saison de la t\u00e9l\u00e9-r\u00e9alit\u00e9 de TFX,\u00a0<a href=\"http:\/\/tvmag.lefigaro.fr\/programme-tv\/tele-realite\/pourquoi-la-villa-des-coeurs-brises-est-une-emission-plus-utile-qu-il-n-y-parait-20240830\" target=\"_blank\" data-fig-type=\"Article\" rel=\"noopener\" data-gtm-custom-categorie=\"navigation\" data-gtm-custom-action=\"crossclick\" data-gtm-custom-label=\"Contextuel\" data-gtm-event=\"customEventSPE\" data-fig-domain=\"TVMAG\">\u00ab<strong>La Villa des c\u0153urs bris\u00e9s<\/strong>\u00bb<\/a>. Si pour certains c\u2019est une premi\u00e8re, pour d\u2019autres, suivre les coachings de la conseill\u00e8re en relations sentimentales Lucie Mariotti, est devenu une habitude.<\/p>\n<p class=\"fig-paragraph\">Les candidats vont devoir se confronter \u00e0 leurs probl\u00e9matiques amoureuses. Entre d\u00e9ceptions pass\u00e9es et mauvais choix, ils participeront \u00e0 des ateliers th\u00e9matiques tout en cohabitant dans la m\u00eame villa, forc\u00e9ment paradisiaque. Si la bonne volont\u00e9 dans leur th\u00e9rapie de groupe sera r\u00e9compens\u00e9e, en revanche, un \u00e9cart de conduite sera sanctionn\u00e9. La sentence peut m\u00eame aller jusqu\u2019\u00e0 l\u2019exclusion.<\/p>\n<p>                                    <a class=\"fig-a11y-skip a11y-hidden\" href=\"#fig-a11y-skip-main-inarticle\"><br \/>\n        Passer la publicit\u00e9<br \/>\n    <\/a><\/p>\n<p>Qui sont les candidats\u00a0?<\/p>\n<p class=\"fig-paragraph\"><strong>Gabriel<\/strong> est de retour. Il a particip\u00e9 \u00e0 la saison derni\u00e8re avec la m\u00eame probl\u00e9matique\u00a0: \u00abJe suis toxique\u00bb. \u00abTr\u00e8s beau, mais de loin\u00bb, conclut avec sagesse une candidate dans la vid\u00e9o d\u2019introduction.\u00a0Le pauvre <strong>Giovanni<\/strong> estime que \u00abses crit\u00e8res\u00bb l\u2019emp\u00eachent \u00abde trouver l\u2019amour\u00bb. Deux anciens participants de \u00abSecret Story\u00bb, autre programme de t\u00e9l\u00e9-r\u00e9alit\u00e9 de la cha\u00eene, participent \u00e9galement. <strong>Maxence<\/strong>, finaliste de la saison 12, et <strong>Daniel<\/strong> de la saison 5. Le premier est \u00ab trop passionn\u00e9 en amour\u00bb, le second \u00abminimise ses souffrances\u00bb.<\/p>\n<p class=\"fig-body-link\">\n            \u00c0 lire aussi<br \/>\n        <a class=\"fig-body-link__link\" href=\"http:\/\/tvmag.lefigaro.fr\/programme-tv\/tele-realite\/pourquoi-la-villa-des-coeurs-brises-est-une-emission-plus-utile-qu-il-n-y-parait-20240830\" target=\"_blank\" data-fig-type=\"Article\" rel=\"noopener\" data-gtm-custom-categorie=\"navigation\" data-gtm-custom-action=\"crossclick\" data-gtm-custom-label=\"Contextuel\" data-gtm-event=\"customEventSPE\" data-fig-domain=\"TVMAG\">Pourquoi \u00abLa villa des c\u0153urs bris\u00e9s\u00bb est une \u00e9mission plus utile qu\u2019il n\u2019y para\u00eet<br \/>\n    <\/a>\n<\/p>\n<p class=\"fig-paragraph\">Enfin,<strong> Gian Marco<\/strong> compl\u00e8te le casting masculin. Sa probl\u00e9matique\u00a0: \u00abMa c\u00e9l\u00e9brit\u00e9 fausse mes relations\u00bb. Ironiquement, il est inconnu en France. Aucun de ses colocataires d\u2019aventure ne le conna\u00eet. Pourtant, un million de personnes suivent l\u2019Italien sur Instagram, 1,4 millions font de m\u00eame sur TikTok. En 2021, il a particip\u00e9 \u00e0 \u00abSupervivientes\u00bb, l\u2019\u00e9quivalent de \u00abKoh-Lanta\u00bb en Espagne. Il a termin\u00e9 deuxi\u00e8me du jeu de survie.<\/p>\n<p>Qui sont les candidates\u00a0?<\/p>\n<p class=\"fig-paragraph\">L\u2019hilarante <strong>M\u00e9lanie<\/strong> ne \u00absait plus\u00bb qui elle est. <strong>Maeva<\/strong>, d\u00e9j\u00e0 aper\u00e7ue cette ann\u00e9e sur W9 dans \u00abLes apprentis aventuriers\u00bb et dans \u00abL\u2019Ile de la tentation\u00bb en 2024 estime que son pass\u00e9 \u00abla rend toxique\u00bb. La production malicieuse du show la fait cohabiter avec <strong>Lisa-Marie<\/strong>, qui avait \u00e9t\u00e9 la tentatrice de son conjoint de l\u2019\u00e9poque. \u00abC\u2019est lunaire\u00bb, commente-t-elle. La jeune femme \u00absabote intentionnellement\u00bb ses relations.<\/p>\n<p class=\"fig-paragraph\"><strong>Clarysse<\/strong> doit composer avec la probl\u00e9matique\u00a0: \u00abJ\u2019accepte n\u2019importe quoi en amour\u00bb.\u00a0<a href=\"http:\/\/tvmag.lefigaro.fr\/programme-tv\/people\/il-m-a-fait-mal-comme-personne-marwa-merazka-annonce-sa-rupture-avec-vincent-queijo-20250210\" target=\"_blank\" data-fig-type=\"Article\" rel=\"noopener\" data-gtm-custom-categorie=\"navigation\" data-gtm-custom-action=\"crossclick\" data-gtm-custom-label=\"Contextuel\" data-gtm-event=\"customEventSPE\" data-fig-domain=\"TVMAG\"><strong>Marwa<\/strong><\/a> \u00a0rempile elle aussi pour une seconde ann\u00e9e cons\u00e9cutive. Apr\u00e8s sa relation tumultueuse avec Vincent Queijo, rencontr\u00e9 sur le pr\u00e9c\u00e9dent tournage de \u00abLa Villa des c\u0153urs bris\u00e9s\u00bb, elle s\u2019estime \u00ab en deuil\u00bb.<\/p>\n<p>Un couple au casting<\/p>\n<p class=\"fig-paragraph\">Ma\u00efssanne, connue pour son franc-parler et pour se revendiquer surdou\u00e9e, avec 147 de QI, embarque dans l\u2019aventure avec Emine. En couple depuis presque 3 ans, les amoureux ont besoin d\u2019aide pour communiquer ensemble.<\/p>\n<p>                                    <a class=\"fig-a11y-skip a11y-hidden\" href=\"#fig-a11y-skip-main-inarticle_mtf\"><br \/>\n        Passer la publicit\u00e9<br \/>\n    <\/a><\/p>\n<p class=\"fig-paragraph\">La saison 10 de \u00abLa Villa des c\u0153urs bris\u00e9s\u00bb sera diffus\u00e9e sur TFX \u00e0 partir du lundi 11 ao\u00fbt, \u00e0 18 heures. Les \u00e9pisodes seront propos\u00e9s en avant-premi\u00e8re aux abonn\u00e9s de la plateforme TF1+, \u00e0 partir du jeudi 7 ao\u00fbt.<\/p>\n","protected":false},"excerpt":{"rendered":"EN IMAGES &#8211; La dixi\u00e8me saison de la t\u00e9l\u00e9-r\u00e9alit\u00e9 de TFX sera diffus\u00e9e d\u00e8s le mois d\u2019ao\u00fbt. Des&hellip;\n","protected":false},"author":2,"featured_media":270512,"comment_status":"","ping_status":"","sticky":false,"template":"","format":"standard","meta":{"footnotes":""},"categories":[1356],"tags":[58,59,1011,27,682,252,1364],"class_list":{"0":"post-270511","1":"post","2":"type-post","3":"status-publish","4":"format-standard","5":"has-post-thumbnail","7":"category-television","8":"tag-divertissement","9":"tag-entertainment","10":"tag-fr","11":"tag-france","12":"tag-tele-realite","13":"tag-television","14":"tag-tv"},"share_on_mastodon":{"url":"https:\/\/pubeurope.com\/@fr\/114908399248257691","error":""},"_links":{"self":[{"href":"https:\/\/www.europesays.com\/fr\/wp-json\/wp\/v2\/posts\/270511","targetHints":{"allow":["GET"]}}],"collection":[{"href":"https:\/\/www.europesays.com\/fr\/wp-json\/wp\/v2\/posts"}],"about":[{"href":"https:\/\/www.europesays.com\/fr\/wp-json\/wp\/v2\/types\/post"}],"author":[{"embeddable":true,"href":"https:\/\/www.europesays.com\/fr\/wp-json\/wp\/v2\/users\/2"}],"replies":[{"embeddable":true,"href":"https:\/\/www.europesays.com\/fr\/wp-json\/wp\/v2\/comments?post=270511"}],"version-history":[{"count":0,"href":"https:\/\/www.europesays.com\/fr\/wp-json\/wp\/v2\/posts\/270511\/revisions"}],"wp:featuredmedia":[{"embeddable":true,"href":"https:\/\/www.europesays.com\/fr\/wp-json\/wp\/v2\/media\/270512"}],"wp:attachment":[{"href":"https:\/\/www.europesays.com\/fr\/wp-json\/wp\/v2\/media?parent=270511"}],"wp:term":[{"taxonomy":"category","embeddable":true,"href":"https:\/\/www.europesays.com\/fr\/wp-json\/wp\/v2\/categories?post=270511"},{"taxonomy":"post_tag","embeddable":true,"href":"https:\/\/www.europesays.com\/fr\/wp-json\/wp\/v2\/tags?post=270511"}],"curies":[{"name":"wp","href":"https:\/\/api.w.org\/{rel}","templated":true}]}}