{"id":270517,"date":"2025-07-24T13:18:07","date_gmt":"2025-07-24T13:18:07","guid":{"rendered":"https:\/\/www.europesays.com\/fr\/270517\/"},"modified":"2025-07-24T13:18:07","modified_gmt":"2025-07-24T13:18:07","slug":"sante-il-suffit-de-marcher-7-000-pas-par-jour-pour-reduire-serieusement-les-risques-de-demence-cancer-ou-encore-diabete-le-telegramme","status":"publish","type":"post","link":"https:\/\/www.europesays.com\/fr\/270517\/","title":{"rendered":"Sant\u00e9 : il suffit de marcher 7 000 pas par jour pour r\u00e9duire s\u00e9rieusement les risques de d\u00e9mence, cancer ou encore diab\u00e8te &#8211; Le T\u00e9l\u00e9gramme"},"content":{"rendered":"<ol>\n<li><a href=\"https:\/\/news.google.com\/rss\/articles\/CBMi-AFBVV95cUxNMk1lN0xPYjhpbXBiNnJHZExSSjVUV2ZLNDNQVXZ0dDQ5QWdfV1R4aHgtemJsRHdZVE15TEZ6ZGpwTnZ5WW1QWnVQbGtBaUhqMENrUGREQklFdGZ5d0VBR2F1MUY5MnhxbFY3SHBwajNQR3Nad3FIeW14dmxTS0J5Z1c0eXd6VXlvbzNuRHI1dHlzLWFobEFmOWR1cndSZGtiR0U0SU1oV1B6WDl5RTdmUWNUNlRUbm5PTjN4U0dDaDhhakRZRjVzVGtNcGRQaXlGS3dwOVdEMEs5WEd6OXZhdUl1ZGg1ZUJwVG9FVHFfWnJvX3owTDNnag?oc=5\" target=\"_blank\" rel=\"nofollow noopener\">Sant\u00e9 : il suffit de marcher 7 000 pas par jour pour r\u00e9duire s\u00e9rieusement les risques de d\u00e9mence, cancer ou encore diab\u00e8te<\/a>&nbsp;&nbsp;Le T\u00e9l\u00e9gramme<\/li>\n<li><a href=\"https:\/\/news.google.com\/rss\/articles\/CBMi5gFBVV95cUxOZEI3RGZIRTBiLTZhRU50Wlhvbk0xeG9OdUJyOXlsWEFuR2JjaHJPOWZROV9SbUNRai16RlJxNWNRYXJzQkk2M3Q0YWstOUlITUpILTR6NHpHbHpubEUtMkUyRGJGcy03dVVQVHlhcDZNXzAxSEswMDBtNkt0WkFuUzExbUxiYkNPQTlwQkJyYkFmcmdnRUo5aUY3RVdOOTBJMDQ3cVBvR0dfVXZUWWNJV0x4VktkdUFzU25IQl81SDlTR1liQTVrcDBTczVqMVY2SDJxdmYyQWJNLXpoTlQtY1FsbGJMUQ?oc=5\" target=\"_blank\" rel=\"nofollow noopener\">Vous ne marchez pas les fameux 10 000 pas par jour ? Cette \u00e9tude a de quoi vous rassurer<\/a>&nbsp;&nbsp;Le HuffPost<\/li>\n<li><a href=\"https:\/\/news.google.com\/rss\/articles\/CBMiwgFBVV95cUxPOWpaYmRTd0c1VlN6clJ1VmtfUzNRZ3FtTzJfdU9sZmpNbkFER3RJbVRLVVNVQnl0QV85M19IWEZQRWl6UDBVQnJNMncxVWctcmJhUmpDU093YjJEWm05VnJIeUloX0paSkwyeGNsMmNJUkRlYXR3b2x3cVREMnlKck9lRWtWZTNiZkVqSGc0WG5INktvSXgzSmtWR1BJaURuWl9lN09RenU2LU9HZlR0dHhWTW5VVXFuSjVoWjZDUE9RQdIBxwFBVV95cUxNUWcxdU1uNk5CMzY5SXZTMU1nMUJHMWstUkJHc0dQSzAzRFcxNWxQMDVzNGZTWjNKbHRNYm9TZkFGV1JXODAxUUpLSDZiU0FXWldtdlM0Z0FqSlZCRGR4RXFyb190MnBEWE10a1pDRGlsWG9zTVNneEl2WGtNM05YTTVpVXlfaFRHd2x1ckxacmFUbGJWRHdUTzJYVDdEY2d5S1BEYXRJTlBIM3hqeEQxSjByMlFTY19BdTJPaXNkMF9Ia0hHVWo0?oc=5\" target=\"_blank\" rel=\"nofollow noopener\">Vous n\u2019atteignez pas 10.000 pas par jour ? Faites-en 7.000 pour pr\u00e9server votre sant\u00e9<\/a>&nbsp;&nbsp;Pourquoi Docteur<\/li>\n<li><a href=\"https:\/\/news.google.com\/rss\/articles\/CBMiwgFBVV95cUxQUFF2V240QmRGWjNGT0ZET1dnWllLTWo5VFJRakNwYWNDRFBpbndTNWRzeXJnV3lZZG93U1VPbGxqaTZhMkcwSEYzSmsyblZVU0kzYUFDX2N3bF9nckJWUTJhbDVyczVmcDRaaWN2MVRVeEZRYlpNNzA0eUEzU3R5SlVUdFU3clM0bVNROFRjOHRDTWlIV3JPZzlVckZIOHRXOUw3eFljcHZmZFNVWGpiZWN6SXpxQV9vNmtSTnRPdGxXdw?oc=5\" target=\"_blank\" rel=\"nofollow noopener\">Marcher 7000 pas par jour r\u00e9duit les risques de probl\u00e8mes de sant\u00e9 graves, selon une \u00e9tude<\/a>&nbsp;&nbsp;Le Figaro Sant\u00e9<\/li>\n<li><a href=\"https:\/\/news.google.com\/rss\/articles\/CBMiuAFBVV95cUxOYkEybFFTcDAyX29PMDlxZGNQXzgwZWJWS2hwUm4ycEwzd2NNcXFyNkRxMXRHdHAyTWotT0k5LVdrYThNSExwUkowejZuSnczRFNiTmljSDNFMDFTT01MYXpUQ0JfRzhib1NfX1pmbEl5ZERUWnBJakpFak01dE1fZExaU0VZaFd2R0JFZG9NdWdWTVN6VVBUQlVwVDJpY3ZZTlpnVHRCZnYzWm10UFhfZ19CTl81UXNk?oc=5\" target=\"_blank\" rel=\"nofollow noopener\">Voici le nombre de pas quotidien que pr\u00e9conise la plus vaste \u00e9tude nouvellement men\u00e9e pour pr\u00e9server sa sant\u00e9<\/a>&nbsp;&nbsp;CNews<\/li>\n<\/ol>\n","protected":false},"excerpt":{"rendered":"Sant\u00e9 : il suffit de marcher 7 000 pas par jour pour r\u00e9duire s\u00e9rieusement les risques de d\u00e9mence,&hellip;\n","protected":false},"author":2,"featured_media":1445,"comment_status":"","ping_status":"","sticky":false,"template":"","format":"standard","meta":{"footnotes":""},"categories":[10],"tags":[1011,27,72,71],"class_list":{"0":"post-270517","1":"post","2":"type-post","3":"status-publish","4":"format-standard","5":"has-post-thumbnail","7":"category-sante","8":"tag-fr","9":"tag-france","10":"tag-health","11":"tag-sante"},"share_on_mastodon":{"url":"https:\/\/pubeurope.com\/@fr\/114908410977851911","error":""},"_links":{"self":[{"href":"https:\/\/www.europesays.com\/fr\/wp-json\/wp\/v2\/posts\/270517","targetHints":{"allow":["GET"]}}],"collection":[{"href":"https:\/\/www.europesays.com\/fr\/wp-json\/wp\/v2\/posts"}],"about":[{"href":"https:\/\/www.europesays.com\/fr\/wp-json\/wp\/v2\/types\/post"}],"author":[{"embeddable":true,"href":"https:\/\/www.europesays.com\/fr\/wp-json\/wp\/v2\/users\/2"}],"replies":[{"embeddable":true,"href":"https:\/\/www.europesays.com\/fr\/wp-json\/wp\/v2\/comments?post=270517"}],"version-history":[{"count":0,"href":"https:\/\/www.europesays.com\/fr\/wp-json\/wp\/v2\/posts\/270517\/revisions"}],"wp:featuredmedia":[{"embeddable":true,"href":"https:\/\/www.europesays.com\/fr\/wp-json\/wp\/v2\/media\/1445"}],"wp:attachment":[{"href":"https:\/\/www.europesays.com\/fr\/wp-json\/wp\/v2\/media?parent=270517"}],"wp:term":[{"taxonomy":"category","embeddable":true,"href":"https:\/\/www.europesays.com\/fr\/wp-json\/wp\/v2\/categories?post=270517"},{"taxonomy":"post_tag","embeddable":true,"href":"https:\/\/www.europesays.com\/fr\/wp-json\/wp\/v2\/tags?post=270517"}],"curies":[{"name":"wp","href":"https:\/\/api.w.org\/{rel}","templated":true}]}}