{"id":270520,"date":"2025-07-24T13:20:14","date_gmt":"2025-07-24T13:20:14","guid":{"rendered":"https:\/\/www.europesays.com\/fr\/270520\/"},"modified":"2025-07-24T13:20:14","modified_gmt":"2025-07-24T13:20:14","slug":"succes-pour-le-replay-du-documentaire-hommage-daudrey-crespo-mara-a-thierry-ardisson","status":"publish","type":"post","link":"https:\/\/www.europesays.com\/fr\/270520\/","title":{"rendered":"succ\u00e8s pour le replay du documentaire hommage d\u2019Audrey Crespo-Mara \u00e0 Thierry Ardisson"},"content":{"rendered":"<p>                             Par Marine Cassan<\/p>\n<p>                Le 24 juillet 2025 \u00e0 12h50<\/p>\n<p>    Thierry Ardisson dans La face cach\u00e9e de l\u2019homme en noir sur TF1<br \/>\n                \u00c9l\u00e9phant et Audrey Crespo-Mara<\/p>\n<p>Le mercredi 16 juillet dernier, La Face cach\u00e9e de l\u2019homme en noir retra\u00e7ant la vie de l\u2019homme de t\u00e9l\u00e9vision embl\u00e9matique \u00e9tait diffus\u00e9 sur TF1. Des s\u00e9quences tourn\u00e9es par son \u00e9pouse, au plus pr\u00e8s de l\u2019animateur.<\/p>\n<p class=\"fig-paragraph\">Carton plein pour le documentaire d\u2019<a href=\"https:\/\/www.lefigaro.fr\/tag\/audrey-crespo-mara\" target=\"_blank\" rel=\"noopener\" data-gtm-custom-categorie=\"navigation\" data-gtm-custom-action=\"crossclick\" data-gtm-custom-label=\"Contextuel\" data-gtm-event=\"customEventSPE\"><strong>Audrey Crespo-Mara<\/strong><\/a> \u00a0sur son mari,\u00a0<a href=\"https:\/\/www.lefigaro.fr\/tag\/thierry-ardisson\" target=\"_blank\" rel=\"noopener\" data-gtm-custom-categorie=\"navigation\" data-gtm-custom-action=\"crossclick\" data-gtm-custom-label=\"Contextuel\" data-gtm-event=\"customEventSPE\"><strong>Thierry Ardisson<\/strong><\/a>, d\u00e9c\u00e9d\u00e9 le 14 juillet dernier.\u00a0<a href=\"https:\/\/tvmag.lefigaro.fr\/programme-tv\/programme\/la-face-cachee-de-l-homme-en-noir-f1226585534#:~:text=L&#039;ambition%20d&#039;Audrey%20Crespo,avec%20lui%20depuis%2015%20ans.\" target=\"_blank\" rel=\"noopener\" data-gtm-custom-categorie=\"navigation\" data-gtm-custom-action=\"crossclick\" data-gtm-custom-label=\"Contextuel\" data-gtm-event=\"customEventSPE\"><strong>La face cach\u00e9e de l\u2019homme<\/strong> <\/a>\u00a0en noir \u00e9tait diffus\u00e9e en exclusivit\u00e9 sur TF1 le mercredi 16 juillet dernier \u00e0 22h50. Un horaire tardif mais qui n\u2019avait pas emp\u00each\u00e9 le film de r\u00e9unir\u00a0<a href=\"http:\/\/tvmag.lefigaro.fr\/programme-tv\/audiences-tv\/audiences-quel-score-pour-le-documentaire-d-audrey-crespo-mara-sur-thierry-ardisson-20250717\" target=\"_blank\" data-fig-type=\"Article\" rel=\"noopener\" data-gtm-custom-categorie=\"navigation\" data-gtm-custom-action=\"crossclick\" data-gtm-custom-label=\"Contextuel\" data-gtm-event=\"customEventSPE\" data-fig-domain=\"TVMAG\">1,40 million de t\u00e9l\u00e9spectateurs, soit 20,4% du public<\/a>.<\/p>\n<p class=\"fig-paragraph\">L\u2019hommage rendu par France 2 la veille &#8211; dans une soir\u00e9e sp\u00e9ciale pr\u00e9sent\u00e9e par\u00a0<a href=\"https:\/\/www.lefigaro.fr\/tag\/stephane-bern\" target=\"_blank\" rel=\"noopener\" data-gtm-custom-categorie=\"navigation\" data-gtm-custom-action=\"crossclick\" data-gtm-custom-label=\"Contextuel\" data-gtm-event=\"customEventSPE\">St\u00e9phane Bern<\/a>\u00a0qui r\u00e9unissait quelques proches du d\u00e9funt pour visionner les moments t\u00e9l\u00e9visuels les plus marquants de celui-ci &#8211; avait \u00e9t\u00e9 regard\u00e9 par 1,55 million de personnes, alors qu\u2019il \u00e9tait diffus\u00e9 en prime time.<\/p>\n<p>                                    <a class=\"fig-a11y-skip a11y-hidden\" href=\"#fig-a11y-skip-main-inarticle\"><br \/>\n        Passer la publicit\u00e9<br \/>\n    <\/a><\/p>\n<p class=\"fig-paragraph\">Un score largement satisfaisant donc pour le documentaire de la joker d\u2019Anne-Claire Coudray, et ce sans compter le replay du film, disponible sur TF1+. D\u2019apr\u00e8s le groupe TF1 contact\u00e9 par nos soins, le replay compte \u00e0 ce jour plus de 700.000 vues. R\u00e9sultats, en audiences consolid\u00e9es, La face cach\u00e9e de l\u2019homme en noir a \u00e9t\u00e9 visionn\u00e9 par 2,13 millions de t\u00e9l\u00e9spectateurs, passant de 20% de public des 4 ans et plus \u00e0 27%, et de 19% \u00e0 30% des femmes responsables des achats de moins de 50 ans.<\/p>\n<p class=\"fig-paragraph\">Le film produit et r\u00e9alis\u00e9 par Audrey Crespo-Mara retrace la vie d\u2019un Thierry Ardisson tel que le public ne l\u2019avait jamais vu, de sa naissance \u00e0 ses derniers instants de vie, dans la maladie. \u00abVous le connaissez, mais vous ne le connaissez pas. Tout le monde en a parl\u00e9 sans jamais l\u2019approcher\u00bb, d\u00e9crivait la journaliste dans le communiqu\u00e9 de presse du documentaire.<\/p>\n<p class=\"fig-body-link\">\n            \u00c0 lire aussi<br \/>\n        <a class=\"fig-body-link__link\" href=\"http:\/\/tvmag.lefigaro.fr\/programme-tv\/actu-tele\/je-n-en-menais-pas-large-jean-luc-reichmann-se-souvient-de-ses-face-a-face-avec-thierry-ardisson-20250718\" target=\"_blank\" data-fig-type=\"Article\" rel=\"noopener\" data-gtm-custom-categorie=\"navigation\" data-gtm-custom-action=\"crossclick\" data-gtm-custom-label=\"Contextuel\" data-gtm-event=\"customEventSPE\" data-fig-domain=\"TVMAG\">\u00abJe n\u2019en menais pas large\u00bb\u00a0: Jean-Luc Reichmann se souvient de ses face-\u00e0-face avec Thierry Ardisson<br \/>\n    <\/a>\n<\/p>\n<p class=\"fig-paragraph\">\u00abMon ambition\u00a0: vous faire d\u00e9couvrir celui qui se cache derri\u00e8re le costume de \u201cl\u2019homme en noir\u201d. Je me suis dit\u00a0: \u201cs\u2019il est quelqu\u2019un qui doit pouvoir le percer \u00e0 jour, c\u2019est moi qui suis journaliste, portraitiste, et qui vis avec lui depuis 15 ans\u201d\u00bb, avait \u00e9galement \u00e9crit celle qui est en charge des\u00a0<a href=\"http:\/\/tvmag.lefigaro.fr\/programme-tv\/actu-tele\/audrey-crespo-mara-apres-40-ans-on-s-apaise-on-profite-20250306\" target=\"_blank\" data-fig-type=\"Article\" rel=\"noopener\" data-gtm-custom-categorie=\"navigation\" data-gtm-custom-action=\"crossclick\" data-gtm-custom-label=\"Contextuel\" data-gtm-event=\"customEventSPE\" data-fig-domain=\"TVMAG\">portraits de \u00abSept \u00e0 Huit\u00bb<\/a>.<\/p>\n<p class=\"fig-paragraph\">Multiples sujets sont abord\u00e9s dans ce film. La r\u00e9alisatrice a re\u00e7u le t\u00e9moignage de son \u00e9poux sur sa tentative de suicide \u00e0 25 ans, dont il a livr\u00e9 les moindres d\u00e9tails, ainsi que son pass\u00e9 marqu\u00e9 par la drogue, avant son arriv\u00e9e dans la publicit\u00e9 puis la t\u00e9l\u00e9vision. Celui \u00e0 qui l\u2019on doit \u00abLapeyre, y\u2019en a pas deux\u00bb s\u2019est montr\u00e9 particuli\u00e8rement \u00e9motif tout au long du film, et a m\u00eame vers\u00e9 plusieurs larmes, notamment lorsqu\u2019il se rem\u00e9more son histoire avec Audrey Crespo-Mara\u00a0: \u00abJ\u2019ai 60 ans et je me lance dans une histoire d\u2019amour, il faut y croire\u00a0! J\u2019y ai cru et j\u2019ai eu raison, c\u2019est l\u2019une des plus belles choses qui me soit arriv\u00e9e dans ma vie\u00bb. Des images de l\u2019homme en noir \u00e0 l\u2019h\u00f4pital, soignant son cancer du foie, ont \u00e9galement \u00e9t\u00e9 diffus\u00e9es. Ses enfants sont enfin apparus pour la premi\u00e8re fois \u00e0 la t\u00e9l\u00e9vision. Sans filtre et sans d\u00e9tour, ils d\u00e9crivent un Thierry Ardisson \u00ab\u00e9gocentrique\u00bb<\/p>\n","protected":false},"excerpt":{"rendered":"Par Marine Cassan Le 24 juillet 2025 \u00e0 12h50 Thierry Ardisson dans La face cach\u00e9e de l\u2019homme en&hellip;\n","protected":false},"author":2,"featured_media":270521,"comment_status":"","ping_status":"","sticky":false,"template":"","format":"standard","meta":{"footnotes":""},"categories":[8],"tags":[2367,17979,58,59,1011,27,10058],"class_list":{"0":"post-270520","1":"post","2":"type-post","3":"status-publish","4":"format-standard","5":"has-post-thumbnail","7":"category-divertissement","8":"tag-audiences","9":"tag-audrey-crespo-mara","10":"tag-divertissement","11":"tag-entertainment","12":"tag-fr","13":"tag-france","14":"tag-thierry-ardisson"},"share_on_mastodon":{"url":"https:\/\/pubeurope.com\/@fr\/114908418919042067","error":""},"_links":{"self":[{"href":"https:\/\/www.europesays.com\/fr\/wp-json\/wp\/v2\/posts\/270520","targetHints":{"allow":["GET"]}}],"collection":[{"href":"https:\/\/www.europesays.com\/fr\/wp-json\/wp\/v2\/posts"}],"about":[{"href":"https:\/\/www.europesays.com\/fr\/wp-json\/wp\/v2\/types\/post"}],"author":[{"embeddable":true,"href":"https:\/\/www.europesays.com\/fr\/wp-json\/wp\/v2\/users\/2"}],"replies":[{"embeddable":true,"href":"https:\/\/www.europesays.com\/fr\/wp-json\/wp\/v2\/comments?post=270520"}],"version-history":[{"count":0,"href":"https:\/\/www.europesays.com\/fr\/wp-json\/wp\/v2\/posts\/270520\/revisions"}],"wp:featuredmedia":[{"embeddable":true,"href":"https:\/\/www.europesays.com\/fr\/wp-json\/wp\/v2\/media\/270521"}],"wp:attachment":[{"href":"https:\/\/www.europesays.com\/fr\/wp-json\/wp\/v2\/media?parent=270520"}],"wp:term":[{"taxonomy":"category","embeddable":true,"href":"https:\/\/www.europesays.com\/fr\/wp-json\/wp\/v2\/categories?post=270520"},{"taxonomy":"post_tag","embeddable":true,"href":"https:\/\/www.europesays.com\/fr\/wp-json\/wp\/v2\/tags?post=270520"}],"curies":[{"name":"wp","href":"https:\/\/api.w.org\/{rel}","templated":true}]}}