{"id":270525,"date":"2025-07-24T13:23:09","date_gmt":"2025-07-24T13:23:09","guid":{"rendered":"https:\/\/www.europesays.com\/fr\/270525\/"},"modified":"2025-07-24T13:23:09","modified_gmt":"2025-07-24T13:23:09","slug":"zelensky-propose-un-nouveau-projet-de-loi-assurant-lindependance-des-structures-anticorruption","status":"publish","type":"post","link":"https:\/\/www.europesays.com\/fr\/270525\/","title":{"rendered":"Zelensky propose un nouveau projet de loi assurant \u00abl\u2019ind\u00e9pendance\u00bb des structures anticorruption"},"content":{"rendered":"<p>L\u2019Union europ\u00e9enne a salu\u00e9 cette initiative, qui survient deux jours apr\u00e8s que le pr\u00e9sident ukrainien a promulgu\u00e9 une loi critiqu\u00e9e qui supprime l\u2019ind\u00e9pendance des agences anticorruption, suscitant l\u2019inqui\u00e9tude des alli\u00e9s de Kiev.<\/p>\n<p class=\"fig-paragraph\">Le pr\u00e9sident ukrainien\u00a0<a href=\"http:\/\/www.lefigaro.fr\/international\/ukraine-malgre-les-critiques-volodymyr-zelensky-promulgue-une-loi-supprimant-l-independance-des-instances-anticorruption-20250723\" target=\"_blank\" data-fig-type=\"NewsFlash\" rel=\"noopener nofollow\" data-gtm-custom-categorie=\"navigation\" data-gtm-custom-action=\"crossclick\" data-gtm-custom-label=\"Contextuel\" data-gtm-event=\"customEventSPE\" data-fig-domain=\"LEFIGARO\">Volodymyr Zelensky<\/a>\u00a0a annonc\u00e9 jeudi 24 juillet proposer un nouveau projet de loi pour assurer \u00abl\u2019ind\u00e9pendance\u00bb des structures anticorruption, \u00e0 la suite du toll\u00e9 suscit\u00e9 par l\u2019adoption d\u2019un pr\u00e9c\u00e9dent document r\u00e9duisant leur autonomie.<\/p>\n<p class=\"fig-paragraph\">\u00abJe viens d\u2019approuver le texte d\u2019un projet de loi qui garantit un v\u00e9ritable renforcement\u00bb des services de justice et de s\u00e9curit\u00e9 et les prot\u00e8ge \u00abde toute influence ou ing\u00e9rence russe\u00bb tout en assurant \u00abl\u2019ind\u00e9pendance des agences anticorruption\u00bb, a-t-il annonc\u00e9 sur X. Ce nouveau document \u00absera soumis aujourd\u2019hui au parlement ukrainien\u00bb, a-t-il ajout\u00e9.<\/p>\n<p>                                    <a class=\"fig-a11y-skip a11y-hidden\" href=\"#fig-a11y-skip-main-inarticle\"><br \/>\n        Passer la publicit\u00e9<br \/>\n    <\/a><\/p>\n<p class=\"fig-paragraph\">\u00abIl est important que nous restions unis\u00bb, \u00abque nous respections la position de tous les Ukrainiens et que nous soyons reconnaissants envers tous ceux qui soutiennent l\u2019Ukraine\u00bb, a encore dit Volodymyr Zelensky.<\/p>\n<p>Initiative salu\u00e9e par l\u2019Union europ\u00e9enne<\/p>\n<p class=\"fig-paragraph\">L&rsquo;<a href=\"http:\/\/www.lefigaro.fr\/politique\/guerre-en-ukraine-l-union-europeenne-prolonge-jusqu-en-2027-la-protection-accordee-aux-refugies-ukrainiens-20250613\" target=\"_blank\" data-fig-type=\"NewsFlash\" rel=\"noopener nofollow\" data-gtm-custom-categorie=\"navigation\" data-gtm-custom-action=\"crossclick\" data-gtm-custom-label=\"Contextuel\" data-gtm-event=\"customEventSPE\" data-fig-domain=\"LEFIGARO\">Union europ\u00e9enne<\/a>\u00a0a salu\u00e9 de son c\u00f4t\u00e9 la volont\u00e9 du pr\u00e9sident ukrainien Volodymyr Zelensky de proposer dans son pays une nouvelle loi sur l&rsquo;ind\u00e9pendance des\u00a0<a href=\"http:\/\/www.lefigaro.fr\/flash-actu\/atteintes-a-la-probite-les-signalements-ont-presque-double-entre-2023-et-2024-selon-l-agence-francaise-anticorruption-20250702\" target=\"_blank\" data-fig-type=\"NewsFlash\" rel=\"noopener nofollow\" data-gtm-custom-categorie=\"navigation\" data-gtm-custom-action=\"crossclick\" data-gtm-custom-label=\"Contextuel\" data-gtm-event=\"customEventSPE\" data-fig-domain=\"LEFIGARO\">agences anticorruption<\/a>, apr\u00e8s avoir exprim\u00e9 ses pr\u00e9occupations sur ce sujet cette semaine.<\/p>\n<p class=\"fig-paragraph\">\u00abNous avons vu que le gouvernement ukrainien a pris des mesures. Nous saluons ces actions\u00bb, a indiqu\u00e9 un porte-parole de la Commission europ\u00e9enne lors du point presse quotidien \u00e0 Bruxelles.<\/p>\n<p class=\"fig-paragraph\">Plus t\u00f4t dans la semaine le pr\u00e9sident ukrainien avait provoqu\u00e9 un toll\u00e9 avec un texte supprimant de fait l\u2019ind\u00e9pendance de deux organismes anticorruption, plac\u00e9s sous l\u2019autorit\u00e9 directe du procureur g\u00e9n\u00e9ral d\u00e9pendant de l\u2019ex\u00e9cutif. Volodymyr Zelensky a tr\u00e8s rapidement promulgu\u00e9 le texte apr\u00e8s son vote mardi par le Parlement. Les partenaires de l\u2019Ukraine ont manifest\u00e9 leurs pr\u00e9occupations, notamment la pr\u00e9sidente de la Commission europ\u00e9enne, Ursula von der Leyen, qui a demand\u00e9 des explications \u00e0 au pr\u00e9sident ukrainien apr\u00e8s la promulgation de la loi.<\/p>\n","protected":false},"excerpt":{"rendered":"L\u2019Union europ\u00e9enne a salu\u00e9 cette initiative, qui survient deux jours apr\u00e8s que le pr\u00e9sident ukrainien a promulgu\u00e9 une&hellip;\n","protected":false},"author":2,"featured_media":270526,"comment_status":"","ping_status":"","sticky":false,"template":"","format":"standard","meta":{"footnotes":""},"categories":[5],"tags":[11,1011,27,14,2088,12,1778,220,28],"class_list":{"0":"post-270525","1":"post","2":"type-post","3":"status-publish","4":"format-standard","5":"has-post-thumbnail","7":"category-international","8":"tag-actualites","9":"tag-fr","10":"tag-france","11":"tag-international","12":"tag-manifestation","13":"tag-news","14":"tag-ue","15":"tag-ukraine","16":"tag-world"},"share_on_mastodon":{"url":"https:\/\/pubeurope.com\/@fr\/114908430579178607","error":""},"_links":{"self":[{"href":"https:\/\/www.europesays.com\/fr\/wp-json\/wp\/v2\/posts\/270525","targetHints":{"allow":["GET"]}}],"collection":[{"href":"https:\/\/www.europesays.com\/fr\/wp-json\/wp\/v2\/posts"}],"about":[{"href":"https:\/\/www.europesays.com\/fr\/wp-json\/wp\/v2\/types\/post"}],"author":[{"embeddable":true,"href":"https:\/\/www.europesays.com\/fr\/wp-json\/wp\/v2\/users\/2"}],"replies":[{"embeddable":true,"href":"https:\/\/www.europesays.com\/fr\/wp-json\/wp\/v2\/comments?post=270525"}],"version-history":[{"count":0,"href":"https:\/\/www.europesays.com\/fr\/wp-json\/wp\/v2\/posts\/270525\/revisions"}],"wp:featuredmedia":[{"embeddable":true,"href":"https:\/\/www.europesays.com\/fr\/wp-json\/wp\/v2\/media\/270526"}],"wp:attachment":[{"href":"https:\/\/www.europesays.com\/fr\/wp-json\/wp\/v2\/media?parent=270525"}],"wp:term":[{"taxonomy":"category","embeddable":true,"href":"https:\/\/www.europesays.com\/fr\/wp-json\/wp\/v2\/categories?post=270525"},{"taxonomy":"post_tag","embeddable":true,"href":"https:\/\/www.europesays.com\/fr\/wp-json\/wp\/v2\/tags?post=270525"}],"curies":[{"name":"wp","href":"https:\/\/api.w.org\/{rel}","templated":true}]}}