{"id":27054,"date":"2025-04-15T17:16:09","date_gmt":"2025-04-15T17:16:09","guid":{"rendered":"https:\/\/www.europesays.com\/fr\/27054\/"},"modified":"2025-04-15T17:16:09","modified_gmt":"2025-04-15T17:16:09","slug":"tour-des-abruzzes-2025-classement-1ere-etape","status":"publish","type":"post","link":"https:\/\/www.europesays.com\/fr\/27054\/","title":{"rendered":"Tour des Abruzzes 2025 &#8211; Classement 1\u00e8re \u00e9tape"},"content":{"rendered":"<p>\t\t\t\t\t\t\t\t\t\t\t\t\t\tRetrouvez le classement et les r\u00e9sultats de la 1\u00e8re \u00e9tape du Tour des Abruzzes 2025, qui s\u2019est d\u00e9roul\u00e9e ce mardi 15 avril 2025, entre Scerni et Crecchio (151 km).<\/p>\n<p style=\"text-align: justify;\">La <strong>1\u00e8re \u00e9tape du Tour des Abruzzes 2025<\/strong> se d\u00e9roule ce <strong>mardi 15 avril<\/strong> entre <strong>Scerni<\/strong> et <strong>Crecchio<\/strong>, sur une distance de 151 kilom\u00e8tres avec un d\u00e9nivel\u00e9 positif total de 2 200 m\u00e8tres.\u200b<\/p>\n<p style=\"text-align: justify;\">Le parcours est vallonn\u00e9 et comprend deux ascensions r\u00e9pertori\u00e9es, dont la mont\u00e9e de <strong>Bocca di Valle<\/strong> (11,9 km \u00e0 5,2 %), situ\u00e9e \u00e0 environ 80 km de l\u2019arriv\u00e9e. La derni\u00e8re mont\u00e9e, \u00e0 1 km de l\u2019arriv\u00e9e, pr\u00e9sente des passages \u00e0 10 %, offrant une opportunit\u00e9 aux puncheurs de faire la diff\u00e9rence.<\/p>\n<p style=\"text-align: justify;\">L\u2019arriv\u00e9e sera jug\u00e9e sur les coups de 15h45. Retrouvez ci-dessous <strong>les r\u00e9sultats de la 1\u00e8re \u00e9tape du Tour des Abruzzes<\/strong>.<\/p>\n<p>Classement 1\u00e8re \u00e9tape \u2013 Tour des Abruzzes 2025<\/p>\n<p style=\"text-align: justify;\"><strong>Classement officiel mis \u00e0 jour \u00e0 l\u2019issue de l\u2019\u00e9tape.<\/strong><\/p>\n<tr style=\"height: 24px\">\n<td style=\"border-color: #ebebeb;height: 24px;text-align: center;width: 80px;vertical-align: middle\">\ud83c\udfc6<\/td>\n<td style=\"border-color: #ebebeb;height: 24px;text-align: center;width: 500px;vertical-align: middle\"><strong>COUREURS<\/strong><\/td>\n<td style=\"border-color: #ebebeb;height: 24px;text-align: center;width: 220px;vertical-align: middle\"><strong>TEMPS \/ \u00c9CART<\/strong><\/td>\n<\/tr>\n<tr style=\"height: 24px\">\n<td style=\"border-color: #ebebeb;height: 24px;text-align: center;width: 80px;vertical-align: middle\"><strong>1.<\/strong><\/td>\n<td style=\"border-color: #ebebeb;height: 24px;text-align: center;width: 500px;vertical-align: middle\"><strong>\ud83c\uddee\ud83c\uddf9 ALESSANDRO COVI<\/strong><br \/>UAE TEAM EMIRATES \u2013 XRG<\/td>\n<td style=\"border-color: #ebebeb;text-align: center;width: 220px;vertical-align: middle\"><strong>3h34m00s<\/strong><\/td>\n<\/tr>\n<tr>\n<td style=\"border-color: #ebebeb;text-align: center;width: 80px;vertical-align: middle\">2.<\/td>\n<td style=\"border-color: #ebebeb;height: 24px;text-align: center;width: 500px;vertical-align: middle\"><strong>\ud83c\uddee\ud83c\uddf9 LUCA COLNAGHI<\/strong><br \/>VF GROUP \u2013 BARDIANI CSF \u2013 FAIZAN\u00c8<\/td>\n<td style=\"border-color: #ebebeb;text-align: center;width: 220px;vertical-align: middle\"><strong>\u00e0 0s<\/strong><\/td>\n<\/tr>\n<tr>\n<td style=\"border-color: #ebebeb;text-align: center;width: 80px;vertical-align: middle\">3.<\/td>\n<td style=\"border-color: #ebebeb;height: 24px;text-align: center;width: 500px;vertical-align: middle\"><strong>\ud83c\uddee\ud83c\uddf9 ALESSANDRO FANCELLU<\/strong><br \/>JCL TEAM UKYO<\/td>\n<td style=\"border-color: #ebebeb;text-align: center;width: 220px;vertical-align: middle\"><strong>\u00e0 0s<\/strong><\/td>\n<\/tr>\n<tr>\n<td style=\"border-color: #ebebeb;text-align: center;width: 80px;vertical-align: middle\">4.<\/td>\n<td style=\"border-color: #ebebeb;text-align: center;width: 500px;vertical-align: middle\"><strong>\ud83c\uddf3\ud83c\uddff GEORGE BENNETT<\/strong><br \/>ISRAEL PREMIER TECH ACADEMY<\/td>\n<td style=\"border-color: #ebebeb;text-align: center;width: 220px;vertical-align: middle\"><strong>\u00e0 0s<\/strong><\/td>\n<\/tr>\n<tr>\n<td style=\"border-color: #ebebeb;text-align: center;width: 80px;vertical-align: middle\">5.<\/td>\n<td style=\"border-color: #ebebeb;text-align: center;width: 500px;vertical-align: middle\"><strong>\ud83c\udde9\ud83c\uddea MARCO BRENNER<\/strong><br \/>TUDOR PRO CYCLING TEAM<\/td>\n<td style=\"border-color: #ebebeb;text-align: center;width: 220px;vertical-align: middle\"><strong>\u00e0 0s<\/strong><\/td>\n<\/tr>\n<tr>\n<td style=\"border-color: #ebebeb;text-align: center;width: 80px;vertical-align: middle\">6.<\/td>\n<td style=\"border-color: #ebebeb;height: 24px;text-align: center;width: 500px;vertical-align: middle\"><strong>\ud83c\uddee\ud83c\uddf9 MARTIN MARCELLUSI<\/strong><br \/>VF GROUP \u2013 BARDIANI CSF \u2013 FAIZAN\u00c8<\/td>\n<td style=\"border-color: #ebebeb;text-align: center;width: 220px;vertical-align: middle\"><strong>\u00e0 0s<\/strong><\/td>\n<\/tr>\n<tr>\n<td style=\"border-color: #ebebeb;text-align: center;width: 80px;vertical-align: middle\">7.<\/td>\n<td style=\"border-color: #ebebeb;height: 24px;text-align: center;width: 500px;vertical-align: middle\"><strong>\ud83c\uddee\ud83c\uddf9 SIMONE RACCANI<\/strong><br \/>JCL TEAM UKYO<\/td>\n<td style=\"border-color: #ebebeb;text-align: center;width: 220px;vertical-align: middle\"><strong>\u00e0 0s<\/strong><\/td>\n<\/tr>\n<tr>\n<td style=\"border-color: #ebebeb;text-align: center;width: 80px;vertical-align: middle\">8.<\/td>\n<td style=\"border-color: #ebebeb;height: 24px;text-align: center;width: 500px;vertical-align: middle\"><strong>\ud83c\udde6\ud83c\uddfa DAMIEN HOWSON<\/strong><br \/>Q36.5 PRO CYCLING TEAM<\/td>\n<td style=\"border-color: #ebebeb;text-align: center;width: 220px;vertical-align: middle\"><strong>\u00e0 0s<\/strong><\/td>\n<\/tr>\n<tr>\n<td style=\"border-color: #ebebeb;text-align: center;width: 80px;vertical-align: middle\">9.<\/td>\n<td style=\"border-color: #ebebeb;height: 24px;text-align: center;width: 500px;vertical-align: middle\"><strong>\ud83c\uddee\ud83c\uddf9 VALERIO CONTI<\/strong><br \/>TEAM SOLUTION TECH \u2013 VINI FANTINI<\/td>\n<td style=\"border-color: #ebebeb;text-align: center;width: 220px;vertical-align: middle\"><strong>\u00e0 0s<\/strong><\/td>\n<\/tr>\n<tr style=\"height: 24px\">\n<td style=\"border-color: #ebebeb;height: 24px;text-align: center;width: 80px;vertical-align: middle\">10.<\/td>\n<td style=\"border-color: #ebebeb;height: 24px;text-align: center;width: 500px;vertical-align: middle\"><strong>\ud83c\uddeb\ud83c\uddf7 MATHYS RONDEL<\/strong><br \/>TUDOR PRO CYCLING TEAM<\/td>\n<td style=\"border-color: #ebebeb;text-align: center;width: 220px;vertical-align: middle\"><strong>\u00e0 0s<\/strong><\/td>\n<\/tr>\n<tr style=\"height: 24px\">\n<td style=\"border-color: #ebebeb;height: 24px;text-align: center;width: 80px;vertical-align: middle\">11.<\/td>\n<td style=\"border-color: #ebebeb;height: 24px;text-align: center;width: 500px;vertical-align: middle\"><strong>\ud83c\uddee\ud83c\uddf9 TOMMASO DATI<\/strong><br \/>BIESSE \u2013 CARRERA \u2013 PREMAC<\/td>\n<td style=\"border-color: #ebebeb;text-align: center;width: 220px;vertical-align: middle\"><strong>\u00e0 6s<\/strong><\/td>\n<\/tr>\n<tr>\n<td style=\"border-color: #ebebeb;text-align: center;width: 80px;vertical-align: middle\">12.<\/td>\n<td style=\"border-color: #ebebeb;height: 24px;text-align: center;width: 500px;vertical-align: middle\"><strong>\ud83c\udde9\ud83c\uddea GEORG ZIMMERMANN<\/strong><br \/>INTERMARCH\u00c9 \u2013 WANTY<\/td>\n<td style=\"border-color: #ebebeb;text-align: center;width: 220px;vertical-align: middle\"><strong>\u00e0 7s<\/strong><\/td>\n<\/tr>\n<tr>\n<td style=\"border-color: #ebebeb;text-align: center;width: 80px;vertical-align: middle\">13.<\/td>\n<td style=\"border-color: #ebebeb;text-align: center;width: 500px;vertical-align: middle\"><strong>\ud83c\uddee\ud83c\uddf9 LUDOVICO CRESCIOLI<\/strong><br \/>TEAM POLTI VISITMALTA<\/td>\n<td style=\"border-color: #ebebeb;text-align: center;width: 220px;vertical-align: middle\"><strong>\u00e0 7s<\/strong><\/td>\n<\/tr>\n<tr>\n<td style=\"border-color: #ebebeb;text-align: center;width: 80px;vertical-align: middle\">14.<\/td>\n<td style=\"border-color: #ebebeb;text-align: center;width: 500px;vertical-align: middle\"><strong>\ud83c\uddee\ud83c\uddf9 LUCA CRETTI<\/strong><br \/>MHB BANK BALLAN CSB<\/td>\n<td style=\"border-color: #ebebeb;text-align: center;width: 220px;vertical-align: middle\"><strong>\u00e0 7s<\/strong><\/td>\n<\/tr>\n<tr>\n<td style=\"border-color: #ebebeb;text-align: center;width: 80px;vertical-align: middle\">15.<\/td>\n<td style=\"border-color: #ebebeb;text-align: center;width: 500px;vertical-align: middle\"><strong>\ud83c\uddea\ud83c\uddf8 ALEX MARTIN<\/strong><br \/>TEAM POLTI VISITMALTA<\/td>\n<td style=\"border-color: #ebebeb;text-align: center;width: 220px;vertical-align: middle\"><strong>\u00e0 7s<\/strong><\/td>\n<\/tr>\n<tr>\n<td style=\"border-color: #ebebeb;text-align: center;width: 80px;vertical-align: middle\">16.<\/td>\n<td style=\"border-color: #ebebeb;text-align: center;width: 500px;vertical-align: middle\"><strong>\ud83c\udde7\ud83c\uddea HARM VANHOUCKE<\/strong><br \/>Q36.5 PRO CYCLING TEAM<\/td>\n<td style=\"border-color: #ebebeb;text-align: center;width: 220px;vertical-align: middle\"><strong>\u00e0 7s<\/strong><\/td>\n<\/tr>\n<tr>\n<td style=\"border-color: #ebebeb;text-align: center;width: 80px;vertical-align: middle\">17.<\/td>\n<td style=\"border-color: #ebebeb;text-align: center;width: 500px;vertical-align: middle\"><strong>\ud83c\uddea\ud83c\uddf8 FERNANDO TERCERO<\/strong><br \/>TEAM POLTI VISITMALTA<\/td>\n<td style=\"border-color: #ebebeb;text-align: center;width: 220px;vertical-align: middle\"><strong>\u00e0 7s<\/strong><\/td>\n<\/tr>\n<tr>\n<td style=\"border-color: #ebebeb;text-align: center;width: 80px;vertical-align: middle\">18.<\/td>\n<td style=\"border-color: #ebebeb;text-align: center;width: 500px;vertical-align: middle\"><strong>\ud83c\uddee\ud83c\uddf9 MATTEO SCALCO<\/strong><br \/>VF GROUP \u2013 BARDIANI CSF \u2013 FAIZAN\u00c8<\/td>\n<td style=\"border-color: #ebebeb;text-align: center;width: 220px;vertical-align: middle\"><strong>\u00e0 11s<\/strong><\/td>\n<\/tr>\n<tr>\n<td style=\"border-color: #ebebeb;text-align: center;width: 80px;vertical-align: middle\">19.<\/td>\n<td style=\"border-color: #ebebeb;text-align: center;width: 500px;vertical-align: middle\"><strong>\ud83c\udde9\ud83c\uddf0 DENNIS LOCK<\/strong><br \/>GENERAL STORE \u2013 ESSEGIBI \u2013 F.LLI CURIA<\/td>\n<td style=\"border-color: #ebebeb;text-align: center;width: 220px;vertical-align: middle\"><strong>\u00e0 11s<\/strong><\/td>\n<\/tr>\n<tr style=\"height: 24px\">\n<td style=\"border-color: #ebebeb;height: 24px;text-align: center;width: 80px;vertical-align: middle\">20.<\/td>\n<td style=\"border-color: #ebebeb;text-align: center;width: 500px;vertical-align: middle\"><strong>\ud83c\uddee\ud83c\uddf9 LUCA PALETTI<\/strong><br \/>VF GROUP \u2013 BARDIANI CSF \u2013 FAIZAN\u00c8<\/td>\n<td style=\"border-color: #ebebeb;text-align: center;width: 220px;vertical-align: middle\"><strong>\u00e0 11s<\/strong><\/td>\n<\/tr>\n<p>\u00c0 lire aussi<\/p>\n<p><a href=\"https:\/\/dicodusport.fr\/blog\/classement-uci-par-equipes-2023-2025\/\" class=\"vlp-link\" title=\"Classement UCI par \u00e9quipes 2023-2025\" rel=\"nofollow noopener\" target=\"_blank\"><img loading=\"lazy\" decoding=\"async\" style=\"max-width: 792px;\" width=\"792\" height=\"445\" class=\"attachment-800x445 size-800x445 perfmatters-lazy\" alt=\"Classement UCI par \u00e9quipes 2023-2025\" src=\"https:\/\/www.europesays.com\/fr\/wp-content\/uploads\/2025\/04\/Classement-UCI-par-equipes-2023-2025.png\"  data-\/><\/p>\n<p>Classement UCI par \u00e9quipes 2023-2025<\/p>\n<p>D\u00e9couvrez le classement UCI par \u00e9quipes sur la p\u00e9riode 2023-2025<\/p>\n<p>Lire l&rsquo;article<\/p>\n<p>dicodusport.fr<\/p>\n","protected":false},"excerpt":{"rendered":"Retrouvez le classement et les r\u00e9sultats de la 1\u00e8re \u00e9tape du Tour des Abruzzes 2025, qui s\u2019est d\u00e9roul\u00e9e&hellip;\n","protected":false},"author":2,"featured_media":27055,"comment_status":"","ping_status":"","sticky":false,"template":"","format":"standard","meta":{"footnotes":""},"categories":[1417],"tags":[2113,1109,9551,1011,27,60,3296,9552,1470,1469],"class_list":{"0":"post-27054","1":"post","2":"type-post","3":"status-publish","4":"format-standard","5":"has-post-thumbnail","7":"category-volley","8":"tag-breve","9":"tag-breves","10":"tag-classement-1ere-etape-tour-des-abruzzes","11":"tag-fr","12":"tag-france","13":"tag-sports","14":"tag-tour-des-abruzzes","15":"tag-tour-des-abruzzes-2025","16":"tag-volley","17":"tag-volleyball"},"share_on_mastodon":{"url":"https:\/\/pubeurope.com\/@fr\/114343116007625718","error":""},"_links":{"self":[{"href":"https:\/\/www.europesays.com\/fr\/wp-json\/wp\/v2\/posts\/27054","targetHints":{"allow":["GET"]}}],"collection":[{"href":"https:\/\/www.europesays.com\/fr\/wp-json\/wp\/v2\/posts"}],"about":[{"href":"https:\/\/www.europesays.com\/fr\/wp-json\/wp\/v2\/types\/post"}],"author":[{"embeddable":true,"href":"https:\/\/www.europesays.com\/fr\/wp-json\/wp\/v2\/users\/2"}],"replies":[{"embeddable":true,"href":"https:\/\/www.europesays.com\/fr\/wp-json\/wp\/v2\/comments?post=27054"}],"version-history":[{"count":0,"href":"https:\/\/www.europesays.com\/fr\/wp-json\/wp\/v2\/posts\/27054\/revisions"}],"wp:featuredmedia":[{"embeddable":true,"href":"https:\/\/www.europesays.com\/fr\/wp-json\/wp\/v2\/media\/27055"}],"wp:attachment":[{"href":"https:\/\/www.europesays.com\/fr\/wp-json\/wp\/v2\/media?parent=27054"}],"wp:term":[{"taxonomy":"category","embeddable":true,"href":"https:\/\/www.europesays.com\/fr\/wp-json\/wp\/v2\/categories?post=27054"},{"taxonomy":"post_tag","embeddable":true,"href":"https:\/\/www.europesays.com\/fr\/wp-json\/wp\/v2\/tags?post=27054"}],"curies":[{"name":"wp","href":"https:\/\/api.w.org\/{rel}","templated":true}]}}