{"id":270541,"date":"2025-07-24T13:36:08","date_gmt":"2025-07-24T13:36:08","guid":{"rendered":"https:\/\/www.europesays.com\/fr\/270541\/"},"modified":"2025-07-24T13:36:08","modified_gmt":"2025-07-24T13:36:08","slug":"cest-quoi-cette-nouvelle-residence-qui-veut-metamorphoser-le-quartier-pasteur-a-rouen","status":"publish","type":"post","link":"https:\/\/www.europesays.com\/fr\/270541\/","title":{"rendered":"C&rsquo;est quoi cette nouvelle r\u00e9sidence qui veut m\u00e9tamorphoser le quartier Pasteur \u00e0 Rouen\u00a0?"},"content":{"rendered":"<p>            Par<br \/>\n        <strong><br \/>\n            <a href=\"https:\/\/actu.fr\/auteur\/adrien-filoche\" title=\"Consulter tous les articles de Adrien Filoche\" rel=\"nofollow noopener\" target=\"_blank\">Adrien Filoche<\/a><br \/>\n        <\/strong><\/p>\n<p>        Publi\u00e9 le<\/p>\n<p>            24 juil. 2025 \u00e0 15h21        <\/p>\n<p>C\u2019est un <strong>\u00e9norme chantier<\/strong> qui va venir transformer le quartier Pasteur \u00e0 <a href=\"https:\/\/actu.fr\/normandie\/rouen_76540\" rel=\"nofollow noopener\" target=\"_blank\">Rouen (Seine-Maritime).<\/a> Une grande r\u00e9sidence comprenant <strong>plus de 150 logements<\/strong> ainsi que des bureaux commerciaux doit voir le jour d\u2019ici aux prochaines ann\u00e9es. Le projet est port\u00e9 par le promoteur normand Ananas Promotion. On fait le point.<\/p>\n<p>163 logements, du T1 au T5<\/p>\n<p class=\" wall-content\">\u00ab\u2009Nous avons achet\u00e9 le terrain en juillet. C\u2019est une r\u00e9sidence qui va prendre la place de l\u2019ancien concessionnaire Volkswagen\u2009\u00bb, pr\u00e9sente <strong>Camille Zolli<\/strong>, le dirigeant d\u2019Ananas Promotion.<\/p>\n<p class=\" wall-content\">Ainsi, un premier b\u00e2timent donnera sur l\u2019avenue du Mont Riboudet, tandis qu\u2019un second \u00e9difice prendra place entre la rue du Pr\u00e9-de-la-bataille et la rue Dumont-d\u2019Urville. Au total, il y aura 163 logements ainsi que des locaux commerciaux sur une surface d\u2019environ 1 000 m\u00b2. La r\u00e9sidence sera \u00e9galement \u00e9quip\u00e9e de places de parking.<\/p>\n<p class=\" wall-content\">Concernant <strong>la r\u00e9partition des habitation<\/strong>s, une trentaine de logements seront davantage \u00e0 destination du public \u00e9tudiant (la facult\u00e9 Pasteur se trouve \u00e0 quelques m\u00e8tres) sous la forme de collocation ou de logements individuels T1. Globalement, cela ira du T1 au T5.<\/p>\n<p class=\" wall-content\">\u00ab\u2009Dans les deux derniers \u00e9tages, on retrouvera des logements <strong>un peu plus premium<\/strong>\u2009\u00bb, souligne Camille Zolli, mettant notamment l\u2019accent sur des habitations avec une ou plusieurs terrasses, et dont la plus grande pourra atteindre approximativement 100 m\u00b2.<\/p>\n<p>De 163\u2009000\u00a0euros \u00e0 580\u2009000\u00a0euros<\/p>\n<p class=\" wall-content\">La commercialisation a d\u00e9j\u00e0 d\u00e9but\u00e9. Les prix vont des logements vont de <strong>163\u2009000\u00a0euros \u00e0<\/strong><strong>\u00a0580\u2009000\u00a0euros.<\/strong><\/p>\n<p class=\" wall-content\">Concernant le chantier, la prochaine \u00e9tape est la d\u00e9molition du concessionnaire Volkswagen. \u00ab\u2009Cela va \u00eatre assez rapide, entre la fin de l\u2019ann\u00e9e ou le d\u00e9but de l\u2019ann\u00e9e suivante\u2009\u00bb, souligne le g\u00e9rant d\u2019Ananas Promotions.<\/p>\n<p class=\" wall-content\">Il esp\u00e8re ainsi le d\u00e9but du chantier au printemps 2026, avec une <strong>date de livraison estim\u00e9e pour fin 2027<\/strong> (bien que soumise \u00e0 l\u2019avanc\u00e9e des travaux).<\/p>\n<p>Suivez l\u2019actualit\u00e9 de Rouen sur <a href=\"https:\/\/www.whatsapp.com\/channel\/0029VaKfnf99hXF2ddApFB1D\" rel=\"nofollow noopener\" target=\"_blank\">notre cha\u00eene WhatsApp<\/a> et sur <a href=\"https:\/\/www.tiktok.com\/@76actu.fr?lang=fr\" rel=\"nofollow noopener\" target=\"_blank\">notre compte TikTok<\/a><\/p>\n<p class=\" wall-content\">Suivez toute l\u2019actualit\u00e9 de vos villes et m\u00e9dias favoris en vous inscrivant \u00e0 <a href=\"https:\/\/moncompte.actu.fr\" title=\"D\u00e9couvez Mon Actu\" rel=\"nofollow noopener\" data-trk=\"{&quot;cta&quot;:{&quot;action&quot;:&quot;https:\\\/\\\/moncompte.actu.fr&quot;,&quot;category&quot;:&quot;mon compte&quot;,&quot;from&quot;:&quot;article footer&quot;,&quot;name&quot;:&quot;Mon actu&quot;,&quot;type&quot;:&quot;cta&quot;}}\" target=\"_blank\">Mon Actu<\/a>.<\/p>\n<p>                    <script async src=\"\/\/www.tiktok.com\/embed.js\"><\/script><\/p>\n","protected":false},"excerpt":{"rendered":"Par Adrien Filoche Publi\u00e9 le 24 juil. 2025 \u00e0 15h21 C\u2019est un \u00e9norme chantier qui va venir transformer&hellip;\n","protected":false},"author":2,"featured_media":270542,"comment_status":"","ping_status":"","sticky":false,"template":"","format":"standard","meta":{"footnotes":""},"categories":[9587],"tags":[1111,11,33,1777,674,1011,27,1116,12,5161,25,9590,2086],"class_list":{"0":"post-270541","1":"post","2":"type-post","3":"status-publish","4":"format-standard","5":"has-post-thumbnail","7":"category-rouen","8":"tag-actu","9":"tag-actualites","10":"tag-economie","11":"tag-eu","12":"tag-europe","13":"tag-fr","14":"tag-france","15":"tag-immobilier","16":"tag-news","17":"tag-normandie","18":"tag-republique-francaise","19":"tag-rouen","20":"tag-travaux"},"share_on_mastodon":{"url":"https:\/\/pubeurope.com\/@fr\/114908481680875995","error":""},"_links":{"self":[{"href":"https:\/\/www.europesays.com\/fr\/wp-json\/wp\/v2\/posts\/270541","targetHints":{"allow":["GET"]}}],"collection":[{"href":"https:\/\/www.europesays.com\/fr\/wp-json\/wp\/v2\/posts"}],"about":[{"href":"https:\/\/www.europesays.com\/fr\/wp-json\/wp\/v2\/types\/post"}],"author":[{"embeddable":true,"href":"https:\/\/www.europesays.com\/fr\/wp-json\/wp\/v2\/users\/2"}],"replies":[{"embeddable":true,"href":"https:\/\/www.europesays.com\/fr\/wp-json\/wp\/v2\/comments?post=270541"}],"version-history":[{"count":0,"href":"https:\/\/www.europesays.com\/fr\/wp-json\/wp\/v2\/posts\/270541\/revisions"}],"wp:featuredmedia":[{"embeddable":true,"href":"https:\/\/www.europesays.com\/fr\/wp-json\/wp\/v2\/media\/270542"}],"wp:attachment":[{"href":"https:\/\/www.europesays.com\/fr\/wp-json\/wp\/v2\/media?parent=270541"}],"wp:term":[{"taxonomy":"category","embeddable":true,"href":"https:\/\/www.europesays.com\/fr\/wp-json\/wp\/v2\/categories?post=270541"},{"taxonomy":"post_tag","embeddable":true,"href":"https:\/\/www.europesays.com\/fr\/wp-json\/wp\/v2\/tags?post=270541"}],"curies":[{"name":"wp","href":"https:\/\/api.w.org\/{rel}","templated":true}]}}