{"id":270543,"date":"2025-07-24T13:37:29","date_gmt":"2025-07-24T13:37:29","guid":{"rendered":"https:\/\/www.europesays.com\/fr\/270543\/"},"modified":"2025-07-24T13:37:29","modified_gmt":"2025-07-24T13:37:29","slug":"sorti-de-leau-avant-larrivee-des-secours","status":"publish","type":"post","link":"https:\/\/www.europesays.com\/fr\/270543\/","title":{"rendered":"sorti de l\u2019eau avant l\u2019arriv\u00e9e des secours"},"content":{"rendered":"<p>\t\t\t\t\t Les faits se sont produits dans la nuit de mercredi \u00e0 jeudi, du c\u00f4t\u00e9 du quai de Boisguilbert, dans des circonstances qui restent \u00e0 pr\u00e9ciser. L\u2019homme serait tomb\u00e9 accidentellement \u00e0 l\u2019eau. Heureusement, il a pu \u00eatre r\u00e9cup\u00e9r\u00e9 avant m\u00eame l\u2019arriv\u00e9e des sapeurs-pompiers, relate le service d\u00e9partemental d&rsquo;incendie et de secours (Sdis76). <\/p>\n<p>Pris en charge sur place par les secours, il a ensuite \u00e9t\u00e9 transport\u00e9 vers l\u2019h\u00f4pital du secteur. Son \u00e9tat de sant\u00e9 n\u2019a pas \u00e9t\u00e9 pr\u00e9cis\u00e9, mais ses jours ne seraient pas en danger.\n\t\t\t\t <\/p>\n","protected":false},"excerpt":{"rendered":"Les faits se sont produits dans la nuit de mercredi \u00e0 jeudi, du c\u00f4t\u00e9 du quai de Boisguilbert,&hellip;\n","protected":false},"author":2,"featured_media":270544,"comment_status":"","ping_status":"","sticky":false,"template":"","format":"standard","meta":{"footnotes":""},"categories":[9587],"tags":[1111,11,1777,674,1011,27,1934,12,5161,25,9590,5163],"class_list":{"0":"post-270543","1":"post","2":"type-post","3":"status-publish","4":"format-standard","5":"has-post-thumbnail","7":"category-rouen","8":"tag-actu","9":"tag-actualites","10":"tag-eu","11":"tag-europe","12":"tag-fr","13":"tag-france","14":"tag-infos-locales","15":"tag-news","16":"tag-normandie","17":"tag-republique-francaise","18":"tag-rouen","19":"tag-seine-maritime"},"share_on_mastodon":{"url":"https:\/\/pubeurope.com\/@fr\/114908485626037490","error":""},"_links":{"self":[{"href":"https:\/\/www.europesays.com\/fr\/wp-json\/wp\/v2\/posts\/270543","targetHints":{"allow":["GET"]}}],"collection":[{"href":"https:\/\/www.europesays.com\/fr\/wp-json\/wp\/v2\/posts"}],"about":[{"href":"https:\/\/www.europesays.com\/fr\/wp-json\/wp\/v2\/types\/post"}],"author":[{"embeddable":true,"href":"https:\/\/www.europesays.com\/fr\/wp-json\/wp\/v2\/users\/2"}],"replies":[{"embeddable":true,"href":"https:\/\/www.europesays.com\/fr\/wp-json\/wp\/v2\/comments?post=270543"}],"version-history":[{"count":0,"href":"https:\/\/www.europesays.com\/fr\/wp-json\/wp\/v2\/posts\/270543\/revisions"}],"wp:featuredmedia":[{"embeddable":true,"href":"https:\/\/www.europesays.com\/fr\/wp-json\/wp\/v2\/media\/270544"}],"wp:attachment":[{"href":"https:\/\/www.europesays.com\/fr\/wp-json\/wp\/v2\/media?parent=270543"}],"wp:term":[{"taxonomy":"category","embeddable":true,"href":"https:\/\/www.europesays.com\/fr\/wp-json\/wp\/v2\/categories?post=270543"},{"taxonomy":"post_tag","embeddable":true,"href":"https:\/\/www.europesays.com\/fr\/wp-json\/wp\/v2\/tags?post=270543"}],"curies":[{"name":"wp","href":"https:\/\/api.w.org\/{rel}","templated":true}]}}