{"id":270557,"date":"2025-07-24T13:44:10","date_gmt":"2025-07-24T13:44:10","guid":{"rendered":"https:\/\/www.europesays.com\/fr\/270557\/"},"modified":"2025-07-24T13:44:10","modified_gmt":"2025-07-24T13:44:10","slug":"apres-quatre-tentatives-datterrissage-a-laeroport-de-nice-un-airbus-a318-111-deroute-vers-marseille","status":"publish","type":"post","link":"https:\/\/www.europesays.com\/fr\/270557\/","title":{"rendered":"Apr\u00e8s quatre tentatives d&rsquo;atterrissage \u00e0 l&rsquo;a\u00e9roport de Nice, un Airbus A318-111 d\u00e9rout\u00e9 vers Marseille"},"content":{"rendered":"<p>Les passagers du vol AF7306, en provenance de l\u2019a\u00e9roport Roissy-Charles de Gaulle, ne d\u00e9barqueront pas \u00e0 Nice ce jeudi comme pr\u00e9vu, mais \u00e0 Marseille.<\/p>\n<p>En cause: <strong>un vent soutenu en provenance du Sud-Est, rendant l\u2019atterrissage compliqu\u00e9.<\/strong><\/p>\n<p>Malgr\u00e9 quatre tentatives d\u2019approche, par mesure de pr\u00e9caution, le pilote d\u2019Air France a finalement remis les gaz et opt\u00e9 pour une d\u00e9viation vers la cit\u00e9 phoc\u00e9enne.<\/p>\n<p>Dans ce type de situation, deux sc\u00e9narios sont envisageables: si les conditions m\u00e9t\u00e9orologiques s\u2019am\u00e9liorent, l\u2019Airbus pourra reprendre la direction de Nice.<\/p>\n<p>Sinon, Air France mettra \u00e0 disposition des bus pour acheminer les passagers jusqu\u2019\u00e0 leur destination finale.<\/p>\n","protected":false},"excerpt":{"rendered":"Les passagers du vol AF7306, en provenance de l\u2019a\u00e9roport Roissy-Charles de Gaulle, ne d\u00e9barqueront pas \u00e0 Nice ce&hellip;\n","protected":false},"author":2,"featured_media":270558,"comment_status":"","ping_status":"","sticky":false,"template":"","format":"standard","meta":{"footnotes":""},"categories":[2819],"tags":[1111,11,1777,674,1011,27,803,12,2401,882,25],"class_list":{"0":"post-270557","1":"post","2":"type-post","3":"status-publish","4":"format-standard","5":"has-post-thumbnail","7":"category-nice","8":"tag-actu","9":"tag-actualites","10":"tag-eu","11":"tag-europe","12":"tag-fr","13":"tag-france","14":"tag-info-trafic","15":"tag-news","16":"tag-nice","17":"tag-provence-alpes-cote-dazur","18":"tag-republique-francaise"},"share_on_mastodon":{"url":"https:\/\/pubeurope.com\/@fr\/114908513131506602","error":""},"_links":{"self":[{"href":"https:\/\/www.europesays.com\/fr\/wp-json\/wp\/v2\/posts\/270557","targetHints":{"allow":["GET"]}}],"collection":[{"href":"https:\/\/www.europesays.com\/fr\/wp-json\/wp\/v2\/posts"}],"about":[{"href":"https:\/\/www.europesays.com\/fr\/wp-json\/wp\/v2\/types\/post"}],"author":[{"embeddable":true,"href":"https:\/\/www.europesays.com\/fr\/wp-json\/wp\/v2\/users\/2"}],"replies":[{"embeddable":true,"href":"https:\/\/www.europesays.com\/fr\/wp-json\/wp\/v2\/comments?post=270557"}],"version-history":[{"count":0,"href":"https:\/\/www.europesays.com\/fr\/wp-json\/wp\/v2\/posts\/270557\/revisions"}],"wp:featuredmedia":[{"embeddable":true,"href":"https:\/\/www.europesays.com\/fr\/wp-json\/wp\/v2\/media\/270558"}],"wp:attachment":[{"href":"https:\/\/www.europesays.com\/fr\/wp-json\/wp\/v2\/media?parent=270557"}],"wp:term":[{"taxonomy":"category","embeddable":true,"href":"https:\/\/www.europesays.com\/fr\/wp-json\/wp\/v2\/categories?post=270557"},{"taxonomy":"post_tag","embeddable":true,"href":"https:\/\/www.europesays.com\/fr\/wp-json\/wp\/v2\/tags?post=270557"}],"curies":[{"name":"wp","href":"https:\/\/api.w.org\/{rel}","templated":true}]}}