{"id":270561,"date":"2025-07-24T13:46:34","date_gmt":"2025-07-24T13:46:34","guid":{"rendered":"https:\/\/www.europesays.com\/fr\/270561\/"},"modified":"2025-07-24T13:46:34","modified_gmt":"2025-07-24T13:46:34","slug":"cest-quoi-la-jussie-cette-plante-invasive","status":"publish","type":"post","link":"https:\/\/www.europesays.com\/fr\/270561\/","title":{"rendered":"c&rsquo;est quoi la jussie, cette plante invasive\u00a0?"},"content":{"rendered":"<p>            Par<br \/>\n        <strong><br \/>\n            <a href=\"https:\/\/actu.fr\/auteur\/herve-pavageau\" title=\"Consulter tous les articles de Herv\u00e9 Pavageau\" target=\"_blank\" rel=\"noopener\">Herv\u00e9 Pavageau<\/a><br \/>\n        <\/strong><\/p>\n<p>        Publi\u00e9 le<\/p>\n<p>            24 juil. 2025 \u00e0 9h13        <\/p>\n<p>Pr\u00e9sente <b>dans le marais de Goulaine<\/b>, la jussie se r\u00e9pand aussi <b>dans la S\u00e8vre nantaise et la Maine<\/b>, notamment d\u2019<a href=\"https:\/\/actu.fr\/pays-de-la-loire\/aigrefeuille-sur-maine_44002\" target=\"_blank\" rel=\"noopener\">Aigrefeuille-sur-Maine<\/a> \u00e0 <a href=\"https:\/\/actu.fr\/pays-de-la-loire\/chateau-thebaud_44037\" target=\"_blank\" rel=\"noopener\">Ch\u00e2teau-Th\u00e9baud<\/a>.<\/p>\n<p class=\" wall-content\">Sa pr\u00e9sence en grande quantit\u00e9 a de nombreux impacts sur les milieux mais aussi sur les activit\u00e9s. Sa prolif\u00e9ration entra\u00eene<b> une modification des \u00e9cosyst\u00e8mes<\/b>.<\/p>\n<p class=\" wall-content\">Dans la S\u00e8vre nantaise, deux esp\u00e8ces sont pr\u00e9sentes : la jussie \u00e0 grandes fleurs et la jussie rampante.<\/p>\n<p class=\" wall-content\">La plante fr\u00e9quente particuli\u00e8rement les eaux stagnantes \u00e0 faibles courants, plut\u00f4t chaudes et expos\u00e9es au soleil.<\/p>\n<p class=\" wall-content\">Dans le cadre de la reconqu\u00eate de la qualit\u00e9 des eaux et des milieux aquatiques, l\u2019Etablissement public territorial du bassin-versant fait intervenir, en d\u00e9but d\u2019\u00e9t\u00e9, une entreprise sp\u00e9cialis\u00e9e pour conduire <b>des travaux d\u2019arrachage manuel des principaux foyers de jussie<\/b>.<\/p>\n<p>Vid\u00e9os : en ce moment sur ActuArrach\u00e9e \u00e0 la main<\/p>\n<p class=\" wall-content\">Plusieurs op\u00e9rations ont \u00e9t\u00e9 men\u00e9es. La premi\u00e8re a eu lieu mi-mai. L\u2019entreprise Sylvarive est intervenue trois jours sur la S\u00e8vre nantaise pour retirer <b>3,8 tonnes de jussie <\/b>(poids des v\u00e9g\u00e9taux mouill\u00e9s) de la chauss\u00e9e de Gervaud \u00e0 la chauss\u00e9e du Pont de la ville \u00e0 <a href=\"https:\/\/actu.fr\/pays-de-la-loire\/clisson_44043\" target=\"_blank\" rel=\"noopener\">Clisson<\/a>. Ainsi que sur les secteurs de la chauss\u00e9e de la Forge et du stage de <a href=\"https:\/\/actu.fr\/pays-de-la-loire\/getigne_44063\" target=\"_blank\" rel=\"noopener\">G\u00e9tign\u00e9<\/a> et le secteur de la chimotaie \u00e0 <a href=\"https:\/\/actu.fr\/pays-de-la-loire\/cugand-la-bernardiere_85076\" target=\"_blank\" rel=\"noopener\">Cugand-La Benardi\u00e8re<\/a>.<\/p>\n<p class=\" wall-content\">De nouvelles interventions ont \u00e9t\u00e9 r\u00e9alis\u00e9es mi-juin. Cette fois, ce sont <b>11 tonnes <\/b>qui ont \u00e9t\u00e9 enlev\u00e9es du cours d\u2019eau, au niveau des biefs et chauss\u00e9es du Nid d\u2019oie, de Plessard, de Gervaux ou de la feuill\u00e9e.<\/p>\n<p>    <img   decoding=\"async\" loading=\"lazy\" class=\"size-large\" src=\"https:\/\/www.europesays.com\/fr\/wp-content\/uploads\/2025\/07\/42744d5ef878666744d5ef8786a744v-960x640.jpg\" alt=\"Jussie S\u00e8vre nantaise\" width=\"960\" height=\"640\"\/><br \/>\n    La plante impacte les milieux en se d\u00e9veloppant. \u00a9EPTB S\u00e8vre nantaiseUne derni\u00e8re op\u00e9ration mi-ao\u00fbt<\/p>\n<p class=\" wall-content\">Dans le cadre d\u2019une intervention compl\u00e9mentaire command\u00e9e par la F\u00e9d\u00e9ration de p\u00eache, le secteur de la Chimotaie, \u00e0 Cugand-La Bernardi\u00e8re, o\u00f9 l\u2019activit\u00e9 de p\u00eache est impact\u00e9e, a \u00e9galement \u00e9t\u00e9 nettoy\u00e9.<\/p>\n<p class=\" wall-content\">Durant cette op\u00e9ration sp\u00e9cifique, <b>6\u00a0tonnes suppl\u00e9mentaires ont \u00e9t\u00e9 arrach\u00e9es<\/b>.<\/p>\n<blockquote class=\"ac-article-quote wall-content\">\n<p>Les tonnages de jussie collect\u00e9s sur ces trois communes, plus de 21 tonnes, illustrent l\u2019ampleur du d\u00e9veloppement de l\u2019esp\u00e8re v\u00e9g\u00e9tale exotique sur la rivi\u00e8re et ses affluents.<\/p>\n<p>L\u2019EPTB<\/p><\/blockquote>\n<p class=\" wall-content\">Pour tenter de contenir le ph\u00e9nom\u00e8ne, la structure a mis en place en 2023 <b>une strat\u00e9gie de lutte et de gestion<\/b>, qui vise \u00e0 conduire chaque des actions d\u2019arrachage manuel sur les principaux foyers observ\u00e9s et des actions de veille et d\u2019intervention rapide.<\/p>\n<p>45 000\u00a0\u20ac de d\u00e9penses<\/p>\n<p class=\" wall-content\">Pour cette campagne d\u2019\u00e9t\u00e9, une derni\u00e8re semaine d\u2019arrachage manuel est programm\u00e9e sur ce m\u00eame secteur de Cugand-Clisson-G\u00e9tign\u00e9 pour la mi-ao\u00fbt.<\/p>\n<p class=\" wall-content\">En 2025, l\u2019\u00e9tablissement a inscrit <b>45 000 \u20ac de d\u00e9penses pour ces actions sur la totalit\u00e9 du bassin-versant<\/b>. A cette enveloppe, s\u2019ajoutent les 4 500 \u20ac financ\u00e9s par la F\u00e9d\u00e9ration de p\u00eache de Vend\u00e9e pour le secteur de la Chimotaie.<\/p>\n<p class=\" wall-content\">A noter qu\u2019en cas d\u2019observation de la jussie dans la rivi\u00e8re, l\u2019EPTB de la S\u00e8vre nantaise invite <b>les particuliers \u00e0 ne pas importer de boutures \u00e0 leur domicile<\/b> et \u00e0 signaler les secteurs colonis\u00e9s.<\/p>\n<p class=\" wall-content\">Suivez toute l\u2019actualit\u00e9 de vos villes et m\u00e9dias favoris en vous inscrivant \u00e0 <a href=\"https:\/\/moncompte.actu.fr\" title=\"D\u00e9couvez Mon Actu\" rel=\"nofollow noopener\" data-trk=\"{&quot;cta&quot;:{&quot;action&quot;:&quot;https:\\\/\\\/moncompte.actu.fr&quot;,&quot;category&quot;:&quot;mon compte&quot;,&quot;from&quot;:&quot;article footer&quot;,&quot;name&quot;:&quot;Mon actu&quot;,&quot;type&quot;:&quot;cta&quot;}}\" target=\"_blank\">Mon Actu<\/a>.<\/p>\n<ul class=\"ac-article-tag wall-content\">\n<li><a href=\"https:\/\/actu.fr\/tag\/environnement\" data-trk=\"{&quot;cta&quot;:{&quot;action&quot;:&quot;Environnement&quot;,&quot;category&quot;:&quot;tag&quot;,&quot;from&quot;:&quot;article footer&quot;,&quot;name&quot;:&quot;Environnement&quot;,&quot;type&quot;:&quot;cta&quot;}}\" target=\"_blank\" rel=\"noopener\">#Environnement<\/a><\/li>\n<li><a href=\"https:\/\/actu.fr\/tag\/vignoble-nantais\" data-trk=\"{&quot;cta&quot;:{&quot;action&quot;:&quot;Vignoble nantais&quot;,&quot;category&quot;:&quot;tag&quot;,&quot;from&quot;:&quot;article footer&quot;,&quot;name&quot;:&quot;Vignoble nantais&quot;,&quot;type&quot;:&quot;cta&quot;}}\" target=\"_blank\" rel=\"noopener\">#Vignoble nantais<\/a><\/li>\n<\/ul>\n","protected":false},"excerpt":{"rendered":"Par Herv\u00e9 Pavageau Publi\u00e9 le 24 juil. 2025 \u00e0 9h13 Pr\u00e9sente dans le marais de Goulaine, la jussie&hellip;\n","protected":false},"author":2,"featured_media":270562,"comment_status":"","ping_status":"","sticky":false,"template":"","format":"standard","meta":{"footnotes":""},"categories":[2818],"tags":[1111,11,436,1777,674,1011,27,766,12,2636,25,104,2900],"class_list":{"0":"post-270561","1":"post","2":"type-post","3":"status-publish","4":"format-standard","5":"has-post-thumbnail","7":"category-nantes","8":"tag-actu","9":"tag-actualites","10":"tag-environnement","11":"tag-eu","12":"tag-europe","13":"tag-fr","14":"tag-france","15":"tag-nantes","16":"tag-news","17":"tag-pays-de-la-loire","18":"tag-republique-francaise","19":"tag-societe","20":"tag-vignoble-nantais"},"share_on_mastodon":{"url":"https:\/\/pubeurope.com\/@fr\/114908520972962341","error":""},"_links":{"self":[{"href":"https:\/\/www.europesays.com\/fr\/wp-json\/wp\/v2\/posts\/270561","targetHints":{"allow":["GET"]}}],"collection":[{"href":"https:\/\/www.europesays.com\/fr\/wp-json\/wp\/v2\/posts"}],"about":[{"href":"https:\/\/www.europesays.com\/fr\/wp-json\/wp\/v2\/types\/post"}],"author":[{"embeddable":true,"href":"https:\/\/www.europesays.com\/fr\/wp-json\/wp\/v2\/users\/2"}],"replies":[{"embeddable":true,"href":"https:\/\/www.europesays.com\/fr\/wp-json\/wp\/v2\/comments?post=270561"}],"version-history":[{"count":0,"href":"https:\/\/www.europesays.com\/fr\/wp-json\/wp\/v2\/posts\/270561\/revisions"}],"wp:featuredmedia":[{"embeddable":true,"href":"https:\/\/www.europesays.com\/fr\/wp-json\/wp\/v2\/media\/270562"}],"wp:attachment":[{"href":"https:\/\/www.europesays.com\/fr\/wp-json\/wp\/v2\/media?parent=270561"}],"wp:term":[{"taxonomy":"category","embeddable":true,"href":"https:\/\/www.europesays.com\/fr\/wp-json\/wp\/v2\/categories?post=270561"},{"taxonomy":"post_tag","embeddable":true,"href":"https:\/\/www.europesays.com\/fr\/wp-json\/wp\/v2\/tags?post=270561"}],"curies":[{"name":"wp","href":"https:\/\/api.w.org\/{rel}","templated":true}]}}