{"id":270569,"date":"2025-07-24T13:50:09","date_gmt":"2025-07-24T13:50:09","guid":{"rendered":"https:\/\/www.europesays.com\/fr\/270569\/"},"modified":"2025-07-24T13:50:09","modified_gmt":"2025-07-24T13:50:09","slug":"un-groupe-criminel-recherche-un-produit-bien-specifique","status":"publish","type":"post","link":"https:\/\/www.europesays.com\/fr\/270569\/","title":{"rendered":"\u00ab\u00a0un groupe criminel\u00a0\u00bb recherche un produit bien sp\u00e9cifique"},"content":{"rendered":"<p>            Par<br \/>\n        <strong><br \/>\n            <a href=\"https:\/\/actu.fr\/auteur\/lea-afonso\" title=\"Consulter tous les articles de L\u00e9a Afonso\" rel=\"nofollow noopener\" target=\"_blank\">L\u00e9a Afonso<\/a><br \/>\n        <\/strong><\/p>\n<p>        Publi\u00e9 le<\/p>\n<p>            24 juil. 2025 \u00e0 15h32        <\/p>\n<p>De la <strong>cr\u00e8me solaire<\/strong> comme objet de convoitise\u2026 Alors que les vols dans les pharmacies se multiplient \u00e0 <a href=\"https:\/\/actu.fr\/toulouse\/\" rel=\"nofollow noopener\" target=\"_blank\">Toulouse<\/a> depuis plusieurs semaines, les gendarmes de la Haute-Garonne alertent les professionnels.<\/p>\n<p>Des cr\u00e8mes solaires de vis\u00e9es<\/p>\n<p class=\" wall-content\">\u00ab\u2009Depuis d\u00e9but juin, plusieurs officines du d\u00e9partement sont victimes de <strong>vols \u00e0 l\u2019\u00e9talage en bande organis\u00e9e<\/strong>, ciblant principalement les <strong>cr\u00e8mes solaires<\/strong> des<strong> marques Av\u00e8ne et Caudalie<\/strong>\u2009\u00bb, annoncent de but en blanc les gendarmes. Effectivement, depuis plus d\u2019un mois, les vols s\u2019encha\u00eenent.<\/p>\n<p class=\" wall-content\">Pas plus tard qu\u2019il y a 15 jours, Actu Toulouse vous racontait le malheur de l\u2019une des pharmacies proches de Toulouse, <a href=\"https:\/\/actu.fr\/occitanie\/toulouse_31555\/pres-de-toulouse-pris-en-flagrant-delit-le-voleur-de-pharmacies-visait-un-produit-tres-convoite-en-plein-ete_62883033.html\" rel=\"nofollow noopener\" target=\"_blank\">o\u00f9 le voleur a \u00e9t\u00e9 pris en flagrant d\u00e9lit.<\/a><\/p>\n<p>    <a href=\"https:\/\/www.facebook.com\/plugins\/post.php?href=https%3A%2F%2Fwww.facebook.com%2FGGD31%2Fposts%2Fpfbid0MUPUZZJHZLSWiVAhEg1AAqLj6UtnMYY3YVFT6wr2YA6PgBPdPPpBLUcWahF2EunPl&amp;show_text=true&amp;width=350\" title=\"Ouvrie le lien\" rel=\"nofollow noopener\" target=\"_blank\">Cliquez ici pour visualiser le contenu<\/a><\/p>\n<p>Un groupe criminel multiplie les vols<\/p>\n<p class=\" wall-content\">\u00c0 l\u2019origine de ces vols, il s\u2019agirait d\u2019un \u00ab<strong>\u2009groupe criminel<\/strong>\u2009\u00bb, selon les gendarmes. \u00ab\u2009\u00c0 ce jour, <strong>huit faits<\/strong> ont \u00e9t\u00e9 recens\u00e9s en Haute-Garonne\u2009\u00bb, ajoutent-ils.<\/p>\n<p>Vid\u00e9os : en ce moment sur Actu<\/p>\n<p class=\" wall-content\">Les forces de l\u2019ordre en appellent alors \u00e0 la vigilance des pharmaciens autour des rayons concern\u00e9s et les invitent \u00e0 appeler le 17 et \u00e0 sensibiliser le personnel.<\/p>\n<p class=\" wall-content\">\u00ab\u00a0Nous vous demandons de signaler imm\u00e9diatement toute tentative ou vol av\u00e9r\u00e9, m\u00eame sans pr\u00e9judice ou si un remboursement a \u00e9t\u00e9 effectu\u00e9 sur place, pr\u00e9cisent les gendarmes. Votre r\u00e9activit\u00e9 est essentielle pour permettre une action rapide.\u00a0\u00bb<\/p>\n<p class=\" wall-content\">Suivez toute l\u2019actualit\u00e9 de vos villes et m\u00e9dias favoris en vous inscrivant \u00e0 <a href=\"https:\/\/moncompte.actu.fr\" title=\"D\u00e9couvez Mon Actu\" rel=\"nofollow noopener\" data-trk=\"{&quot;cta&quot;:{&quot;action&quot;:&quot;https:\\\/\\\/moncompte.actu.fr&quot;,&quot;category&quot;:&quot;mon compte&quot;,&quot;from&quot;:&quot;article footer&quot;,&quot;name&quot;:&quot;Mon actu&quot;,&quot;type&quot;:&quot;cta&quot;}}\" target=\"_blank\">Mon Actu<\/a>.<\/p>\n","protected":false},"excerpt":{"rendered":"Par L\u00e9a Afonso Publi\u00e9 le 24 juil. 2025 \u00e0 15h32 De la cr\u00e8me solaire comme objet de convoitise\u2026&hellip;\n","protected":false},"author":2,"featured_media":270570,"comment_status":"","ping_status":"","sticky":false,"template":"","format":"standard","meta":{"footnotes":""},"categories":[2816],"tags":[1111,11,1777,674,118,1011,27,3381,12,2680,25,2312],"class_list":{"0":"post-270569","1":"post","2":"type-post","3":"status-publish","4":"format-standard","5":"has-post-thumbnail","7":"category-toulouse","8":"tag-actu","9":"tag-actualites","10":"tag-eu","11":"tag-europe","12":"tag-faits-divers","13":"tag-fr","14":"tag-france","15":"tag-gendarmerie","16":"tag-news","17":"tag-occitanie","18":"tag-republique-francaise","19":"tag-toulouse"},"share_on_mastodon":{"url":"https:\/\/pubeurope.com\/@fr\/114908536834158933","error":""},"_links":{"self":[{"href":"https:\/\/www.europesays.com\/fr\/wp-json\/wp\/v2\/posts\/270569","targetHints":{"allow":["GET"]}}],"collection":[{"href":"https:\/\/www.europesays.com\/fr\/wp-json\/wp\/v2\/posts"}],"about":[{"href":"https:\/\/www.europesays.com\/fr\/wp-json\/wp\/v2\/types\/post"}],"author":[{"embeddable":true,"href":"https:\/\/www.europesays.com\/fr\/wp-json\/wp\/v2\/users\/2"}],"replies":[{"embeddable":true,"href":"https:\/\/www.europesays.com\/fr\/wp-json\/wp\/v2\/comments?post=270569"}],"version-history":[{"count":0,"href":"https:\/\/www.europesays.com\/fr\/wp-json\/wp\/v2\/posts\/270569\/revisions"}],"wp:featuredmedia":[{"embeddable":true,"href":"https:\/\/www.europesays.com\/fr\/wp-json\/wp\/v2\/media\/270570"}],"wp:attachment":[{"href":"https:\/\/www.europesays.com\/fr\/wp-json\/wp\/v2\/media?parent=270569"}],"wp:term":[{"taxonomy":"category","embeddable":true,"href":"https:\/\/www.europesays.com\/fr\/wp-json\/wp\/v2\/categories?post=270569"},{"taxonomy":"post_tag","embeddable":true,"href":"https:\/\/www.europesays.com\/fr\/wp-json\/wp\/v2\/tags?post=270569"}],"curies":[{"name":"wp","href":"https:\/\/api.w.org\/{rel}","templated":true}]}}