{"id":270573,"date":"2025-07-24T13:52:10","date_gmt":"2025-07-24T13:52:10","guid":{"rendered":"https:\/\/www.europesays.com\/fr\/270573\/"},"modified":"2025-07-24T13:52:10","modified_gmt":"2025-07-24T13:52:10","slug":"le-conducteur-senfuit-laissant-son-ami-grievement-blesse-au-sol","status":"publish","type":"post","link":"https:\/\/www.europesays.com\/fr\/270573\/","title":{"rendered":"le conducteur s&rsquo;enfuit, laissant son ami gri\u00e8vement bless\u00e9 au sol"},"content":{"rendered":"<p>            Par<br \/>\n        <strong><br \/>\n            <a href=\"https:\/\/actu.fr\/auteur\/margot-nicodeme\" title=\"Consulter tous les articles de Margot Nicod\u00e8me\" rel=\"nofollow noopener\" target=\"_blank\">Margot Nicod\u00e8me<\/a><br \/>\n        <\/strong><\/p>\n<p>        Publi\u00e9 le<\/p>\n<p>            24 juil. 2025 \u00e0 15h19        <\/p>\n<p>Un <b>grave accident de la route<\/b> s\u2019est produit \u00e0 <a href=\"https:\/\/actu.fr\/hauts-de-france\/lambersart_59328\" rel=\"nofollow noopener\" target=\"_blank\">Lambersart<\/a> (Nord), mercredi 23 juillet 2025 en fin d\u2019apr\u00e8s-midi. Au croisement de l\u2019avenue du Bois et de la rue de Lille, une <b>collision entre un automobiliste<\/b> et le <b>conducteur de la trottinette<\/b> est intervenue peu avant 18h. Le passager de la <a href=\"https:\/\/actu.fr\/tag\/trottinette-electrique\" rel=\"nofollow noopener\" target=\"_blank\">trottinette<\/a>, un adolescent de 17 ans, a \u00e9t\u00e9 gri\u00e8vement bless\u00e9.<\/p>\n<p>Le conducteur de la trottinette a abandonn\u00e9 son ami sur place, dans un \u00e9tat grave<\/p>\n<p class=\" wall-content\">Les pompiers se sont rendus sur place en fin de journ\u00e9e donc, et ont constat\u00e9 que le <b>conducteur du deux-roues avait quitt\u00e9 les lieux<\/b>. Il a ainsi laiss\u00e9 son ami dans un \u00e9tat tr\u00e8s pr\u00e9occupant. \u00c9tendu au sol, la jeune victime a \u00e9t\u00e9 prise en charge par les secours, le Smur et les pompiers de <a href=\"https:\/\/actu.fr\/tag\/lomme\" rel=\"nofollow noopener\" target=\"_blank\">Lomme<\/a>.<\/p>\n<p class=\" wall-content\">Transport\u00e9 m\u00e9dicalis\u00e9 au CHR de <a href=\"https:\/\/actu.fr\/hauts-de-france\/lille_59350\" rel=\"nofollow noopener\" target=\"_blank\">Lille<\/a>, le mineur est <b>gravement bless\u00e9<\/b>. Le conducteur de la voiture, lui, est indemne mais a \u00e9t\u00e9 profond\u00e9ment choqu\u00e9.<\/p>\n<p class=\" wall-content\">Suivez toute l\u2019actualit\u00e9 de vos villes et m\u00e9dias favoris en vous inscrivant \u00e0 <a href=\"https:\/\/moncompte.actu.fr\" title=\"D\u00e9couvez Mon Actu\" rel=\"nofollow noopener\" data-trk=\"{&quot;cta&quot;:{&quot;action&quot;:&quot;https:\\\/\\\/moncompte.actu.fr&quot;,&quot;category&quot;:&quot;mon compte&quot;,&quot;from&quot;:&quot;article footer&quot;,&quot;name&quot;:&quot;Mon actu&quot;,&quot;type&quot;:&quot;cta&quot;}}\" target=\"_blank\">Mon Actu<\/a>.<\/p>\n<ul class=\"ac-article-tag wall-content\">\n<li><a href=\"https:\/\/actu.fr\/tag\/accident\" data-trk=\"{&quot;cta&quot;:{&quot;action&quot;:&quot;Accident&quot;,&quot;category&quot;:&quot;tag&quot;,&quot;from&quot;:&quot;article footer&quot;,&quot;name&quot;:&quot;Accident&quot;,&quot;type&quot;:&quot;cta&quot;}}\" rel=\"nofollow noopener\" target=\"_blank\">#Accident<\/a><\/li>\n<li><a href=\"https:\/\/actu.fr\/tag\/trottinette-electrique\" data-trk=\"{&quot;cta&quot;:{&quot;action&quot;:&quot;Trottinette \\u00e9lectrique&quot;,&quot;category&quot;:&quot;tag&quot;,&quot;from&quot;:&quot;article footer&quot;,&quot;name&quot;:&quot;Trottinette \\u00e9lectrique&quot;,&quot;type&quot;:&quot;cta&quot;}}\" rel=\"nofollow noopener\" target=\"_blank\">#Trottinette \u00e9lectrique<\/a><\/li>\n<\/ul>\n","protected":false},"excerpt":{"rendered":"Par Margot Nicod\u00e8me Publi\u00e9 le 24 juil. 2025 \u00e0 15h19 Un grave accident de la route s\u2019est produit&hellip;\n","protected":false},"author":2,"featured_media":270574,"comment_status":"","ping_status":"","sticky":false,"template":"","format":"standard","meta":{"footnotes":""},"categories":[2815],"tags":[119,1111,11,1777,674,118,1011,27,811,1307,12,25,6960],"class_list":{"0":"post-270573","1":"post","2":"type-post","3":"status-publish","4":"format-standard","5":"has-post-thumbnail","7":"category-lille","8":"tag-accident","9":"tag-actu","10":"tag-actualites","11":"tag-eu","12":"tag-europe","13":"tag-faits-divers","14":"tag-fr","15":"tag-france","16":"tag-hauts-de-france","17":"tag-lille","18":"tag-news","19":"tag-republique-francaise","20":"tag-trottinette-electrique"},"share_on_mastodon":{"url":"https:\/\/pubeurope.com\/@fr\/114908544660712468","error":""},"_links":{"self":[{"href":"https:\/\/www.europesays.com\/fr\/wp-json\/wp\/v2\/posts\/270573","targetHints":{"allow":["GET"]}}],"collection":[{"href":"https:\/\/www.europesays.com\/fr\/wp-json\/wp\/v2\/posts"}],"about":[{"href":"https:\/\/www.europesays.com\/fr\/wp-json\/wp\/v2\/types\/post"}],"author":[{"embeddable":true,"href":"https:\/\/www.europesays.com\/fr\/wp-json\/wp\/v2\/users\/2"}],"replies":[{"embeddable":true,"href":"https:\/\/www.europesays.com\/fr\/wp-json\/wp\/v2\/comments?post=270573"}],"version-history":[{"count":0,"href":"https:\/\/www.europesays.com\/fr\/wp-json\/wp\/v2\/posts\/270573\/revisions"}],"wp:featuredmedia":[{"embeddable":true,"href":"https:\/\/www.europesays.com\/fr\/wp-json\/wp\/v2\/media\/270574"}],"wp:attachment":[{"href":"https:\/\/www.europesays.com\/fr\/wp-json\/wp\/v2\/media?parent=270573"}],"wp:term":[{"taxonomy":"category","embeddable":true,"href":"https:\/\/www.europesays.com\/fr\/wp-json\/wp\/v2\/categories?post=270573"},{"taxonomy":"post_tag","embeddable":true,"href":"https:\/\/www.europesays.com\/fr\/wp-json\/wp\/v2\/tags?post=270573"}],"curies":[{"name":"wp","href":"https:\/\/api.w.org\/{rel}","templated":true}]}}