{"id":270577,"date":"2025-07-24T13:54:09","date_gmt":"2025-07-24T13:54:09","guid":{"rendered":"https:\/\/www.europesays.com\/fr\/270577\/"},"modified":"2025-07-24T13:54:09","modified_gmt":"2025-07-24T13:54:09","slug":"faire-de-marseille-une-reference-de-lescale-durable-en-mediterranee","status":"publish","type":"post","link":"https:\/\/www.europesays.com\/fr\/270577\/","title":{"rendered":"Faire de Marseille une r\u00e9f\u00e9rence de l&rsquo;escale durable en M\u00e9diterran\u00e9e\u202f"},"content":{"rendered":"<p><strong\/>Sab, Alstom, Chantiers de l\u2019Atlantique, Chantier naval de Marseille\u2026 Jacques Hardelay, nouvellement \u00e9lu \u00e0 la t\u00eate du<a href=\"https:\/\/www.laprovence.com\/article\/region\/1646332407461315\/le-grand-port-de-marseille-tient-a-son-terminal-de-croisieres-de-luxe-au-j4\" target=\"_blank\" rel=\"noopener\"> Club Marseille Provence Croisi\u00e8res<\/a> est pragmatique. Gr\u00e2ce \u00e0 ses solides bagages en ing\u00e9nierie industrielle et navale, Jacques\u202fHardelay combine expertise technique et leadership strat\u00e9gique. \u00ab\u00a0Dans la continuit\u00e9 de ce qui a \u00e9t\u00e9 fait pr\u00e9c\u00e9demment\u00a0\u00bb, entame d\u2019embl\u00e9e le responsable. Celui qui succ\u00e8de \u00e0 Jean-Fran\u00e7ois Suhas affiche une ambition claire\u00a0: poursuivre et acc\u00e9l\u00e9rer la transition du port de Marseille vers une croisi\u00e8re plus durable, acceptable et b\u00e9n\u00e9fique pour le territoire. Ing\u00e9nieur naval de formation, Jacques Hardelay a fait ses armes aux Chantiers de l\u2019Atlantique \u00e0 Saint-Nazaire, avant de rejoindre le Chantier Naval de Marseille en\u00a02010 pour relancer la r\u00e9paration navale sur le port phoc\u00e9en. Un engagement de longue date qui l\u2019a conduit \u00e0 int\u00e9grer le Club Croisi\u00e8re d\u00e8s\u00a02015. \u00ab\u00a0Je repars pour un mandat, cette fois-ci \u00e0 la pr\u00e9sidence, avec la m\u00eame \u00e9nergie et la m\u00eame conviction\u00a0: la croisi\u00e8re peut \u00eatre un atout, \u00e0 condition de relever ensemble les d\u00e9fis environnementaux et soci\u00e9taux\u202f\u00a0\u00bb, affirme-t-il.<\/p>\n","protected":false},"excerpt":{"rendered":"Sab, Alstom, Chantiers de l\u2019Atlantique, Chantier naval de Marseille\u2026 Jacques Hardelay, nouvellement \u00e9lu \u00e0 la t\u00eate du Club&hellip;\n","protected":false},"author":2,"featured_media":270578,"comment_status":"","ping_status":"","sticky":false,"template":"","format":"standard","meta":{"footnotes":""},"categories":[2814],"tags":[17,1111,11,33,1777,674,4560,1011,27,40995,19023,40997,884,12,882,40996,25,96],"class_list":{"0":"post-270577","1":"post","2":"type-post","3":"status-publish","4":"format-standard","5":"has-post-thumbnail","7":"category-marseille","8":"tag-17","9":"tag-actu","10":"tag-actualites","11":"tag-economie","12":"tag-eu","13":"tag-europe","14":"tag-faire","15":"tag-fr","16":"tag-france","17":"tag-hardelay","18":"tag-jacques","19":"tag-lescale","20":"tag-marseille","21":"tag-news","22":"tag-provence-alpes-cote-dazur","23":"tag-reference","24":"tag-republique-francaise","25":"tag-une"},"share_on_mastodon":{"url":"https:\/\/pubeurope.com\/@fr\/114908552443876439","error":""},"_links":{"self":[{"href":"https:\/\/www.europesays.com\/fr\/wp-json\/wp\/v2\/posts\/270577","targetHints":{"allow":["GET"]}}],"collection":[{"href":"https:\/\/www.europesays.com\/fr\/wp-json\/wp\/v2\/posts"}],"about":[{"href":"https:\/\/www.europesays.com\/fr\/wp-json\/wp\/v2\/types\/post"}],"author":[{"embeddable":true,"href":"https:\/\/www.europesays.com\/fr\/wp-json\/wp\/v2\/users\/2"}],"replies":[{"embeddable":true,"href":"https:\/\/www.europesays.com\/fr\/wp-json\/wp\/v2\/comments?post=270577"}],"version-history":[{"count":0,"href":"https:\/\/www.europesays.com\/fr\/wp-json\/wp\/v2\/posts\/270577\/revisions"}],"wp:featuredmedia":[{"embeddable":true,"href":"https:\/\/www.europesays.com\/fr\/wp-json\/wp\/v2\/media\/270578"}],"wp:attachment":[{"href":"https:\/\/www.europesays.com\/fr\/wp-json\/wp\/v2\/media?parent=270577"}],"wp:term":[{"taxonomy":"category","embeddable":true,"href":"https:\/\/www.europesays.com\/fr\/wp-json\/wp\/v2\/categories?post=270577"},{"taxonomy":"post_tag","embeddable":true,"href":"https:\/\/www.europesays.com\/fr\/wp-json\/wp\/v2\/tags?post=270577"}],"curies":[{"name":"wp","href":"https:\/\/api.w.org\/{rel}","templated":true}]}}