{"id":270579,"date":"2025-07-24T13:55:10","date_gmt":"2025-07-24T13:55:10","guid":{"rendered":"https:\/\/www.europesays.com\/fr\/270579\/"},"modified":"2025-07-24T13:55:10","modified_gmt":"2025-07-24T13:55:10","slug":"la-mere-dun-trafiquant-porte-plainte-pour-des-menaces-de-mort-de-la-dz-mafia","status":"publish","type":"post","link":"https:\/\/www.europesays.com\/fr\/270579\/","title":{"rendered":"la m\u00e8re d\u2019un trafiquant porte plainte pour des menaces de mort de la DZ Mafia"},"content":{"rendered":"<p><strong>INFO LE FIGARO &#8211; <\/strong>La m\u00e8re d\u2019un homme connu pour trafic de stup\u00e9fiants dans plusieurs cit\u00e9s de Marseille a port\u00e9 plainte pour menaces de mort. Des individus se revendiquant de la DZ Mafia lui demanderaient le remboursement d\u2019une dette d\u2019argent.<\/p>\n<p class=\"fig-paragraph\">Une Marseillaise a port\u00e9 plainte pour des\u00a0<a href=\"http:\/\/www.lefigaro.fr\/marseille\/marseille-trois-lyceens-juges-pour-des-menaces-de-mort-envers-un-professeur-20250613\" data-fig-type=\"NewsFlash\" data-gtm-custom-categorie=\"navigation\" data-gtm-custom-action=\"crossclick\" data-gtm-custom-label=\"Contextuel\" data-gtm-event=\"customEventSPE\" data-fig-domain=\"LEFIGARO\" target=\"_blank\" rel=\"noopener\">menaces de mort<\/a>\u00a0de la part d\u2019individus se revendiquant de la\u00a0<a href=\"http:\/\/www.lefigaro.fr\/marseille\/on-a-depasse-l-entendement-a-la-prison-d-arles-l-un-des-chefs-presumes-de-la-dz-mafia-collectionne-les-telephones-20250605\" data-fig-type=\"NewsFlash\" data-gtm-custom-categorie=\"navigation\" data-gtm-custom-action=\"crossclick\" data-gtm-custom-label=\"Contextuel\" data-gtm-event=\"customEventSPE\" data-fig-domain=\"LEFIGARO\" target=\"_blank\" rel=\"noopener\">DZ Mafia<\/a>, a appris Le Figaro de sources concordantes. Cette femme est la m\u00e8re d\u2019un homme de 22 ans connu pour trafic de stup\u00e9fiants dans plusieurs cit\u00e9s des quartiers nord de Marseille et vivant actuellement hors de la cit\u00e9 phoc\u00e9enne.<\/p>\n<p>Dette d\u2019argent<\/p>\n<p class=\"fig-paragraph\">Les auteurs de ces menaces de morts se revendiqueraient de la DZ Mafia et demanderaient le remboursement d\u2019une dette d\u2019argent. La porte du domicile familial aurait \u00e9t\u00e9 tagu\u00e9e, et des menaces auraient \u00e9t\u00e9 par ailleurs prof\u00e9r\u00e9es sur les r\u00e9seaux sociaux. Une enqu\u00eate a \u00e9t\u00e9 ouverte et confi\u00e9e \u00e0 la division nord de la direction d\u00e9partementale de la police nationale.<\/p>\n<p>                                    <a class=\"fig-a11y-skip a11y-hidden\" href=\"#fig-a11y-skip-main-inarticle\"><br \/>\n        Passer la publicit\u00e9<br \/>\n    <\/a><\/p>\n<p class=\"fig-paragraph\">Un homme est d\u00e9c\u00e9d\u00e9 mercredi soir \u00e0 Marseille apr\u00e8s avoir \u00e9t\u00e9 retrouv\u00e9, gri\u00e8vement bless\u00e9 d\u2019une balle dans la t\u00eate, dans le coffre d\u2019une voiture que des personnes tentaient d\u2019incendier, des faits qui \u00e9voquent le narcobanditisme. Si cette th\u00e8se \u00e9tait confirm\u00e9e, ce serait le 8e\u00a0<a href=\"http:\/\/www.lefigaro.fr\/marseille\/bouches-du-rhone-six-personnes-en-garde-a-vue-pour-un-possible-narchomicide-20250320\" data-fig-type=\"NewsFlash\" data-gtm-custom-categorie=\"navigation\" data-gtm-custom-action=\"crossclick\" data-gtm-custom-label=\"Contextuel\" data-gtm-event=\"customEventSPE\" data-fig-domain=\"LEFIGARO\" target=\"_blank\" rel=\"noopener\">narchomicide\u00a0<\/a>cette ann\u00e9e dans les Bouches-du-Rh\u00f4ne, apr\u00e8s 24 morts en 2024 et 49 morts, un record, en 2023.<\/p>\n","protected":false},"excerpt":{"rendered":"INFO LE FIGARO &#8211; La m\u00e8re d\u2019un homme connu pour trafic de stup\u00e9fiants dans plusieurs cit\u00e9s de Marseille&hellip;\n","protected":false},"author":2,"featured_media":270580,"comment_status":"","ping_status":"","sticky":false,"template":"","format":"standard","meta":{"footnotes":""},"categories":[2814],"tags":[1111,11,1777,674,1011,27,884,7775,12,882,25,887],"class_list":{"0":"post-270579","1":"post","2":"type-post","3":"status-publish","4":"format-standard","5":"has-post-thumbnail","7":"category-marseille","8":"tag-actu","9":"tag-actualites","10":"tag-eu","11":"tag-europe","12":"tag-fr","13":"tag-france","14":"tag-marseille","15":"tag-menaces-de-mort","16":"tag-news","17":"tag-provence-alpes-cote-dazur","18":"tag-republique-francaise","19":"tag-trafic-de-drogue"},"share_on_mastodon":{"url":"https:\/\/pubeurope.com\/@fr\/114908556528368332","error":""},"_links":{"self":[{"href":"https:\/\/www.europesays.com\/fr\/wp-json\/wp\/v2\/posts\/270579","targetHints":{"allow":["GET"]}}],"collection":[{"href":"https:\/\/www.europesays.com\/fr\/wp-json\/wp\/v2\/posts"}],"about":[{"href":"https:\/\/www.europesays.com\/fr\/wp-json\/wp\/v2\/types\/post"}],"author":[{"embeddable":true,"href":"https:\/\/www.europesays.com\/fr\/wp-json\/wp\/v2\/users\/2"}],"replies":[{"embeddable":true,"href":"https:\/\/www.europesays.com\/fr\/wp-json\/wp\/v2\/comments?post=270579"}],"version-history":[{"count":0,"href":"https:\/\/www.europesays.com\/fr\/wp-json\/wp\/v2\/posts\/270579\/revisions"}],"wp:featuredmedia":[{"embeddable":true,"href":"https:\/\/www.europesays.com\/fr\/wp-json\/wp\/v2\/media\/270580"}],"wp:attachment":[{"href":"https:\/\/www.europesays.com\/fr\/wp-json\/wp\/v2\/media?parent=270579"}],"wp:term":[{"taxonomy":"category","embeddable":true,"href":"https:\/\/www.europesays.com\/fr\/wp-json\/wp\/v2\/categories?post=270579"},{"taxonomy":"post_tag","embeddable":true,"href":"https:\/\/www.europesays.com\/fr\/wp-json\/wp\/v2\/tags?post=270579"}],"curies":[{"name":"wp","href":"https:\/\/api.w.org\/{rel}","templated":true}]}}