{"id":270589,"date":"2025-07-24T14:01:10","date_gmt":"2025-07-24T14:01:10","guid":{"rendered":"https:\/\/www.europesays.com\/fr\/270589\/"},"modified":"2025-07-24T14:01:10","modified_gmt":"2025-07-24T14:01:10","slug":"le-conducteur-mis-en-examen-pour-homicide-routier","status":"publish","type":"post","link":"https:\/\/www.europesays.com\/fr\/270589\/","title":{"rendered":"le conducteur mis en examen pour homicide routier"},"content":{"rendered":"<p>            Par<br \/>\n        <strong><br \/>\n            <a href=\"https:\/\/actu.fr\/auteur\/redaction-paris\" title=\"Consulter tous les articles de R\u00e9daction Paris\" target=\"_blank\" rel=\"noopener\">R\u00e9daction Paris<\/a><br \/>\n        <\/strong><\/p>\n<p>        Publi\u00e9 le<\/p>\n<p>            24 juil. 2025 \u00e0 15h12        <\/p>\n<p>L\u2019enqu\u00eate avance. Trois jours apr\u00e8s la mort d\u2019Omar, <a href=\"https:\/\/actu.fr\/ile-de-france\/paris_75056\/mort-d-un-petit-garcon-ecrase-par-un-camion-poubelle-a-paris-ce-que-l-on-sait_62936717.html\" target=\"_blank\" rel=\"noopener\">petit gar\u00e7on de 3\u00a0ans d\u00e9c\u00e9d\u00e9<\/a> apr\u00e8s avoir \u00e9t\u00e9 percut\u00e9 par un camion poubelle, dimanche 20\u00a0juillet 2025 \u00e0 Paris, le conducteur du v\u00e9hicule a \u00e9t\u00e9 <strong>mis en examen<\/strong> et plac\u00e9 en d\u00e9tention provisoire, a appris\u00a0actu\u00a0aupr\u00e8s du <a href=\"https:\/\/actu.fr\/tag\/tribunal-de-paris\" target=\"_blank\" rel=\"noopener\">parquet<\/a>, confirmant une information du\u00a0<a href=\"https:\/\/www.leparisien.fr\/paris-75\/mort-domar-3-ans-ecrase-par-un-camion-poubelle-a-paris-le-conducteur-mis-en-examen-pour-homicide-routier-23-07-2025-R77IPAQE3BDANN4LG6GC32QH7I.php\" target=\"_blank\" rel=\"noopener\">Parisien<\/a>.<\/p>\n<p>\u00ab\u2009Interdiction de conduire et obligation de soins\u2009\u00bb<\/p>\n<p class=\" wall-content\">Directement apr\u00e8s les faits, l\u2019homme avait \u00e9t\u00e9 plac\u00e9 en garde \u00e0 vue. Il a donc \u00e9t\u00e9 mis en examen des chefs d\u2019homicide routier par conducteur d\u2019un v\u00e9hicule terrestre \u00e0 moteur, de <strong>violation manifestement d\u00e9lib\u00e9r\u00e9e<\/strong> d\u2019une obligation de s\u00e9curit\u00e9 ou de prudence, de blessures routi\u00e8res avec incapacit\u00e9 n\u2019exc\u00e9dant pas trois mois par conducteur et de violation manifestement d\u00e9lib\u00e9r\u00e9e d\u2019une obligation de s\u00e9curit\u00e9 ou de prudence. Il pourrait donc avoir commis une imprudence ayant men\u00e9 au drame.<\/p>\n<p class=\" wall-content\">Le conducteur a \u00e9t\u00e9 plac\u00e9 sous <strong>contr\u00f4le judiciaire<\/strong> avec interdiction de conduire, interdiction de contact avec la famille de la victime et obligation de soins.<\/p>\n<p class=\" wall-content\">Pour rappel, dimanche 20\u00a0juillet 2025, en fin d\u2019apr\u00e8s-midi, Omar, 3\u00a0ans, a \u00e9t\u00e9 percut\u00e9 par un camion poubelle qu\u2019il traversait la rue Claude Decaen dans le 12e arrondissement, sur un passage pi\u00e9ton, en compagnie de sa tante. Gri\u00e8vement <strong>bless\u00e9 au pied<\/strong> et conscient lors de l\u2019arriv\u00e9e des secours, il serait d\u00e9c\u00e9d\u00e9 dans la soir\u00e9e des suites de ses blessures.<\/p>\n<p class=\" wall-content\">Suivez toute l\u2019actualit\u00e9 de vos villes et m\u00e9dias favoris en vous inscrivant \u00e0 <a href=\"https:\/\/moncompte.actu.fr\" title=\"D\u00e9couvez Mon Actu\" rel=\"nofollow noopener\" data-trk=\"{&quot;cta&quot;:{&quot;action&quot;:&quot;https:\\\/\\\/moncompte.actu.fr&quot;,&quot;category&quot;:&quot;mon compte&quot;,&quot;from&quot;:&quot;article footer&quot;,&quot;name&quot;:&quot;Mon actu&quot;,&quot;type&quot;:&quot;cta&quot;}}\" target=\"_blank\">Mon Actu<\/a>.<\/p>\n","protected":false},"excerpt":{"rendered":"Par R\u00e9daction Paris Publi\u00e9 le 24 juil. 2025 \u00e0 15h12 L\u2019enqu\u00eate avance. Trois jours apr\u00e8s la mort d\u2019Omar,&hellip;\n","protected":false},"author":2,"featured_media":100773,"comment_status":"","ping_status":"","sticky":false,"template":"","format":"standard","meta":{"footnotes":""},"categories":[1888],"tags":[119,1111,1928,11,1927,1777,674,118,1011,27,12,1926,626,1925,25,2803,4595],"class_list":{"0":"post-270589","1":"post","2":"type-post","3":"status-publish","4":"format-standard","5":"has-post-thumbnail","7":"category-paris","8":"tag-accident","9":"tag-actu","10":"tag-actu-paris","11":"tag-actualites","12":"tag-actualites-paris","13":"tag-eu","14":"tag-europe","15":"tag-faits-divers","16":"tag-fr","17":"tag-france","18":"tag-news","19":"tag-news-paris","20":"tag-paris","21":"tag-paris-news","22":"tag-republique-francaise","23":"tag-transport","24":"tag-tribunal-de-paris"},"share_on_mastodon":{"url":"https:\/\/pubeurope.com\/@fr\/114908579965181582","error":""},"_links":{"self":[{"href":"https:\/\/www.europesays.com\/fr\/wp-json\/wp\/v2\/posts\/270589","targetHints":{"allow":["GET"]}}],"collection":[{"href":"https:\/\/www.europesays.com\/fr\/wp-json\/wp\/v2\/posts"}],"about":[{"href":"https:\/\/www.europesays.com\/fr\/wp-json\/wp\/v2\/types\/post"}],"author":[{"embeddable":true,"href":"https:\/\/www.europesays.com\/fr\/wp-json\/wp\/v2\/users\/2"}],"replies":[{"embeddable":true,"href":"https:\/\/www.europesays.com\/fr\/wp-json\/wp\/v2\/comments?post=270589"}],"version-history":[{"count":0,"href":"https:\/\/www.europesays.com\/fr\/wp-json\/wp\/v2\/posts\/270589\/revisions"}],"wp:featuredmedia":[{"embeddable":true,"href":"https:\/\/www.europesays.com\/fr\/wp-json\/wp\/v2\/media\/100773"}],"wp:attachment":[{"href":"https:\/\/www.europesays.com\/fr\/wp-json\/wp\/v2\/media?parent=270589"}],"wp:term":[{"taxonomy":"category","embeddable":true,"href":"https:\/\/www.europesays.com\/fr\/wp-json\/wp\/v2\/categories?post=270589"},{"taxonomy":"post_tag","embeddable":true,"href":"https:\/\/www.europesays.com\/fr\/wp-json\/wp\/v2\/tags?post=270589"}],"curies":[{"name":"wp","href":"https:\/\/api.w.org\/{rel}","templated":true}]}}