{"id":270598,"date":"2025-07-24T14:07:16","date_gmt":"2025-07-24T14:07:16","guid":{"rendered":"https:\/\/www.europesays.com\/fr\/270598\/"},"modified":"2025-07-24T14:07:16","modified_gmt":"2025-07-24T14:07:16","slug":"loi-anticorruption-en-ukraine-fragilise-par-des-manifestations-inedites-zelensky-retropedale","status":"publish","type":"post","link":"https:\/\/www.europesays.com\/fr\/270598\/","title":{"rendered":"Loi anticorruption en Ukraine : fragilis\u00e9 par des manifestations in\u00e9dites, Zelensky r\u00e9trop\u00e9dale"},"content":{"rendered":"<ul class=\"jsx-862013697 ArticleChapo__List\">\n<li class=\"jsx-862013697 ArticleChapo__List_Item flex\">Le Parlement ukrainien a adopt\u00e9 cette semaine une loi r\u00e9duisant l&rsquo;autonomie de deux instances anticorruption.<\/li>\n<li class=\"jsx-862013697 ArticleChapo__List_Item flex\">Une d\u00e9cision vue comme un recul en arri\u00e8re par des milliers de manifestants qui ont d\u00e9fil\u00e9 \u00e0 Kiev mardi 22 et mercredi 23 juillet.<\/li>\n<li class=\"jsx-862013697 ArticleChapo__List_Item flex\">Volodymyr Zelensky a finalement r\u00e9trop\u00e9dal\u00e9 ce jeudi, en annon\u00e7ant un nouveau projet de loi.<\/li>\n<\/ul>\n<p><a href=\"https:\/\/www.tf1info.fr\/actualite\/guerre-en-ukraine-le-president-ukrainien-volodymyr-zelensky-l-ancien-humoriste-devenu-chef-de-guerre-12890\/\" rel=\"noopener\" class=\"jsx-484472199 Link jsx-1428418400 jsx-554215408\" target=\"_blank\"><\/p>\n<p style=\"font-weight:400\" class=\"jsx-1837267516\">Suivez la couverture compl\u00e8te<\/p>\n<p style=\"font-weight:800\" class=\"jsx-1837267516\">Volodymyr Zelensky, l&rsquo;ancien humoriste devenu chef de guerre<\/p>\n<p><\/a><\/p>\n<p data-module=\"article-paragraph\" class=\"jsx-3046738180 Paragraph\">Depuis le d\u00e9but de la guerre en f\u00e9vrier 2022, jamais autant d&rsquo;Ukrainiens n&rsquo;\u00e9taient descendus dans la rue. Mardi 22 et mercredi 23 juillet, <a href=\"https:\/\/www.tf1info.fr\/international\/ukraine-manifestations-apres-le-vote-d-une-loi-fragilisant-la-lutte-contre-la-corruption-2384672.html\" target=\"_blank\" rel=\"noopener\">des manifestations d&rsquo;ampleur<\/a>, r\u00e9unissant plusieurs milliers de personnes, ont \u00e9t\u00e9 observ\u00e9es \u00e0 Kiev et dans les capitales r\u00e9gionales, malgr\u00e9 la loi martiale interdisant les rassemblements. Les participants, jeunes pour la plupart, fustigeaient l&rsquo;adoption d&rsquo;une loi r\u00e9duisant l&rsquo;ind\u00e9pendance de deux <a href=\"https:\/\/www.tf1info.fr\/international\/l-ukraine-adopte-une-loi-qui-fragilise-la-lutte-contre-la-corruption-l-ue-profondement-inquiete-2384396.html\" target=\"_blank\" rel=\"noopener\">instances anticorruption<\/a> du pays.\u00a0<\/p>\n<p data-module=\"article-paragraph\" class=\"jsx-3046738180 Paragraph Paragraph__End\">Sentant la col\u00e8re monter, Volodymyr Zelensky a finalement annonc\u00e9 ce jeudi revenir en arri\u00e8re. \u00ab\u00a0Je viens d&rsquo;approuver le texte d&rsquo;un projet de loi qui garantit un v\u00e9ritable renforcement\u00a0\u00bb des services de justice et de s\u00e9curit\u00e9 et les prot\u00e8ge de \u00ab\u00a0toute influence ou ing\u00e9rence russe\u00a0\u00bb tout en assurant \u00ab\u00a0l&rsquo;ind\u00e9pendance des agences anticorruption\u00a0\u00bb, a-t-il d\u00e9clar\u00e9 sur X. N\u00e9anmoins, le caract\u00e8re in\u00e9dit de la mobilisation n\u00e9e cette semaine pourrait marquer durablement la soci\u00e9t\u00e9 ukrainienne.<\/p>\n<p>Zelensky cherche \u00e0 \u00ab\u00a0renforcer son propre pouvoir\u00a0\u00bb ?<\/p>\n<p data-module=\"article-paragraph\" class=\"jsx-3046738180 Paragraph\">La loi promulgu\u00e9e par le pr\u00e9sident ukrainien dans la pr\u00e9cipitation pr\u00e9voyait que le Bureau national anticorruption (Nabu) et le parquet sp\u00e9cialis\u00e9 (SAP) soient plac\u00e9s sous l&rsquo;autorit\u00e9 directe du procureur g\u00e9n\u00e9ral. Or, ce poste est actuellement occup\u00e9 par Ruslan Kravchenko, un proche de Zelensky. Pour les opposants \u00e0 cette loi d\u00e9sormais tr\u00e8s \u00e9ph\u00e9m\u00e8re, ces deux organes allaient perdre leur ind\u00e9pendance. Interrog\u00e9 par TF1info avant le revirement du pr\u00e9sident, Adrien Nonjon, chercheur sp\u00e9cialiste de l&rsquo;Ukraine, rappelait que ces structures ont \u00ab\u00a0enqu\u00eat\u00e9 sur diff\u00e9rentes affaires avec parfois des succ\u00e8s assez retentissants qui ont pu parfois toucher les entourages des pr\u00e9sidents\u00a0\u00bb.<\/p>\n<p data-module=\"article-paragraph\" class=\"jsx-3046738180 Paragraph\">Le Nabu et le SAP ont \u00e9t\u00e9 cr\u00e9\u00e9s apr\u00e8s la r\u00e9volution de Ma\u00efdan en 2014, sous l&rsquo;impulsion de la soci\u00e9t\u00e9 civile d\u00e9sireuse de vivre dans un pays exempt de toute corruption. Si Volodymyr Zelensky a d\u00fb reculer, c&rsquo;est aussi car \u00ab\u00a0les Ukrainiens sont tr\u00e8s attach\u00e9s \u00e0 la transparence et au caract\u00e8re d\u00e9mocratique de leur r\u00e9gime\u00a0\u00bb, insiste Adrien Nonjon. Remettre en cause le fonctionnement de ces deux instances \u00e9tait donc vu par la population comme une v\u00e9ritable atteinte \u00e0 \u00ab\u00a0l&rsquo;h\u00e9ritage de 2014\u00a0\u00bb.<\/p>\n<p data-module=\"article-paragraph\" class=\"jsx-3046738180 Paragraph Paragraph__End\">Un sentiment renforc\u00e9 par la pr\u00e9cipitation avec laquelle la loi pol\u00e9mique a \u00e9t\u00e9 vot\u00e9e puis promulgu\u00e9e. Volodymyr Zelensky avait justifi\u00e9 cet empressement par le besoin de lutter contre \u00ab\u00a0l&rsquo;influence russe\u00a0\u00bb, apr\u00e8s l&rsquo;arrestation de plusieurs employ\u00e9s du Nabu, soup\u00e7onn\u00e9s de travailler \u00e0 la solde de Moscou. \u00ab\u00a0Certes la Russie exerce son influence dans l&rsquo;appareil \u00e9tatique mais il faut \u00eatre prudent. \u00c0 mon avis, il s&rsquo;agit d&rsquo;un faux pr\u00e9texte de Zelensky, qui n&rsquo;a aucune autre finalit\u00e9 que renforcer son propre pouvoir, voire prot\u00e9ger certains de ses plus proches collaborateurs\u00a0\u00bb, envisageait alors Adrien Nonjon.<\/p>\n<blockquote class=\"jsx-2786790838 Quote__Text\"><p>Les Ukrainiens sont pr\u00eats \u00e0 \u00e9norm\u00e9ment de sacrifices mais la lutte contre la corruption fait partie des principes cardinaux sur lesquels ils ne voudront jamais l\u00e2cher<\/p><\/blockquote>\n<p>Adrien Nonjon, sp\u00e9cialiste de l&rsquo;Ukraine<\/p>\n<p data-module=\"article-paragraph\" class=\"jsx-3046738180 Paragraph\">Pour ce chercheur, ce tumulte dans la vie politique ukrainienne a tout de m\u00eame mis en lumi\u00e8re la concentration croissante des pouvoirs au sein de l&rsquo;ex\u00e9cutif ukrainien. Dernier indice en ce sens : la nomination au poste de Premi\u00e8re ministre de <a href=\"https:\/\/www.tf1info.fr\/international\/guerre-ukraine-russie-volodymyr-zelensky-veut-la-nommer-premiere-ministre-qui-est-ioulia-svyrydenko-la-ministre-de-l-economie-ukrainienne-2382845.html\" target=\"_blank\" rel=\"noopener\">Ioulia Svyrydenko<\/a>, dont le nom a \u00e9t\u00e9 quasiment impos\u00e9 par Andriy Yermak, le tr\u00e8s influent chef de cabinet de Zelensky. \u00ab\u00a0Il y a toujours eu une tentation \u00e0 l&rsquo;instauration d&rsquo;un r\u00e9gime pr\u00e9sidentialiste aux pouvoirs \u00e9tendus. Les pr\u00e9sidents ukrainiens successifs ont tous eu envie un jour d&rsquo;avoir plus de pouvoir au d\u00e9triment du juridique et du l\u00e9gislatif\u00a0\u00bb, explique-t-il.<\/p>\n<p data-module=\"article-paragraph\" class=\"jsx-3046738180 Paragraph Paragraph__End\">Pris au d\u00e9pourvu par l&rsquo;avalanche de critiques et les inqui\u00e9tudes de l&rsquo;UE, Volodymyr Zelensky semble avoir un temps pens\u00e9 que sa stature charismatique de chef de guerre suffirait \u00e0 convaincre ses concitoyens de l&rsquo;importance de cette loi. Mais selon Adrien Nonjon, cette ambition \u00e9tait peine perdue d\u00e8s le d\u00e9part : \u00ab\u00a0Les Ukrainiens sont pr\u00eats \u00e0 \u00e9norm\u00e9ment de sacrifices mais la lutte contre la corruption fait partie des principes cardinaux sur lesquels ils ne voudront jamais l\u00e2cher. C&rsquo;est l\u00e0 que Zelensky a fait selon moi une grave erreur. \u00c7a peut lui co\u00fbter extr\u00eamement cher.\u00a0\u00bb<\/p>\n<p><a href=\"https:\/\/www.tf1info.fr\/international\/direct-guerre-ukraine-russie-pourparlers-negociations-paix-vente-armes-etats-unis-zelensky-poutine-les-dernieres-informations-aujourd-hui-jeudi-24-juillet-2025-2384810.html\" rel=\"noopener\" class=\"jsx-3308031228 Link flex\" target=\"_blank\"><img decoding=\"async\" src=\"https:\/\/www.europesays.com\/fr\/wp-content\/uploads\/2025\/07\/frappe-russe-odessa-ukraine-19-juillet-2025-4b8c05-0@1x.jpeg\" alt=\"La ville d'Odessa, situ\u00e9e dans le sud de l'Ukraine, a \u00e9t\u00e9 la cible dans la nuit du vendredi 18 au samedi 19 juillet 2025 d'une attaque massive de drones russes.\" loading=\"lazy\" importance=\"low\" fetchpriority=\"low\" class=\"\" aria-hidden=\"true\"\/><\/p>\n<p class=\"jsx-3657663356 ReadMoreArticle__Title\">Lire aussi<\/p>\n<p class=\"jsx-3657663356\">EN DIRECT &#8211; Ukraine : une famille tu\u00e9e dans des attaques nocturnes russes<\/p>\n<p><\/a><\/p>\n<p data-module=\"article-paragraph\" class=\"jsx-3046738180 Paragraph\">La fracture n\u00e9e cette semaine entre le peuple ukrainien et ses dirigeants pourrait-elle profiter \u00e0 la Russie ? \u00ab\u00a0C&rsquo;est du pain b\u00e9ni pour le Kremlin\u00a0\u00bb, craint le sp\u00e9cialiste. \u00ab\u00a0Pour Vladimir Poutine, il est toujours question de renverser Volodymyr Zelensky d&rsquo;une mani\u00e8re ou d&rsquo;une autre. Vu comme ill\u00e9galement \u00e9lu, il est devenu l&rsquo;homme \u00e0 abattre. Donc si sa population commence \u00e0 se soulever contre lui, \u00e7a donne au Kremlin une nouvelle justification \u00e0 son discours. La Russie rebondira sur ces manifestations d&rsquo;une mani\u00e8re ou l&rsquo;autre\u00a0\u00bb, bien qu&rsquo;elles pourraient s&rsquo;arr\u00eater ce jeudi avec le virage \u00e0 180 degr\u00e9s du pr\u00e9sident.<\/p>\n<p data-module=\"article-paragraph\" class=\"jsx-3046738180 Paragraph Paragraph__End\">Le nouveau projet de loi qui \u00ab\u00a0garantit l&rsquo;ind\u00e9pendance du Nabu et du SAP\u00a0\u00bb sera \u00ab\u00a0soumis aujourd&rsquo;hui (ce jeudi, ndlr) au Parlement ukrainien\u00a0\u00bb,\u00a0a-t-il promis, sans pour autant d\u00e9voiler le contenu exact du nouveau texte. \u00ab\u00a0Il est important que nous restions unis\u00a0\u00bb, \u00ab\u00a0que nous respections la position de tous les Ukrainiens et que nous soyons reconnaissants envers tous ceux qui soutiennent l&rsquo;Ukraine\u00a0\u00bb, a encore d\u00e9clar\u00e9 Volodymyr Zelensky.\u00a0<\/p>\n<p>Zo\u00e9 SAMIN<\/p>\n","protected":false},"excerpt":{"rendered":"Le Parlement ukrainien a adopt\u00e9 cette semaine une loi r\u00e9duisant l&rsquo;autonomie de deux instances anticorruption. Une d\u00e9cision vue&hellip;\n","protected":false},"author":2,"featured_media":270599,"comment_status":"","ping_status":"","sticky":false,"template":"","format":"standard","meta":{"footnotes":""},"categories":[1590],"tags":[1111,11,1921,1777,674,28083,1922,40998,12,132,220,1917,133,1920,135,134],"class_list":{"0":"post-270598","1":"post","2":"type-post","3":"status-publish","4":"format-standard","5":"has-post-thumbnail","7":"category-ukraine","8":"tag-actu","9":"tag-actualites","10":"tag-article-video","11":"tag-eu","12":"tag-europe","13":"tag-guerre-en-ukraine-une-treve-sera-t-elle-possible","14":"tag-info","15":"tag-lancien-humoriste-devenu-chef-de-guerre","16":"tag-news","17":"tag-russie","18":"tag-ukraine","19":"tag-ukraine-4-annee-de-guerre","20":"tag-video","21":"tag-video-international","22":"tag-vladimir-poutine","23":"tag-volodymyr-zelensky"},"share_on_mastodon":{"url":"https:\/\/pubeurope.com\/@fr\/114908603735592568","error":""},"_links":{"self":[{"href":"https:\/\/www.europesays.com\/fr\/wp-json\/wp\/v2\/posts\/270598","targetHints":{"allow":["GET"]}}],"collection":[{"href":"https:\/\/www.europesays.com\/fr\/wp-json\/wp\/v2\/posts"}],"about":[{"href":"https:\/\/www.europesays.com\/fr\/wp-json\/wp\/v2\/types\/post"}],"author":[{"embeddable":true,"href":"https:\/\/www.europesays.com\/fr\/wp-json\/wp\/v2\/users\/2"}],"replies":[{"embeddable":true,"href":"https:\/\/www.europesays.com\/fr\/wp-json\/wp\/v2\/comments?post=270598"}],"version-history":[{"count":0,"href":"https:\/\/www.europesays.com\/fr\/wp-json\/wp\/v2\/posts\/270598\/revisions"}],"wp:featuredmedia":[{"embeddable":true,"href":"https:\/\/www.europesays.com\/fr\/wp-json\/wp\/v2\/media\/270599"}],"wp:attachment":[{"href":"https:\/\/www.europesays.com\/fr\/wp-json\/wp\/v2\/media?parent=270598"}],"wp:term":[{"taxonomy":"category","embeddable":true,"href":"https:\/\/www.europesays.com\/fr\/wp-json\/wp\/v2\/categories?post=270598"},{"taxonomy":"post_tag","embeddable":true,"href":"https:\/\/www.europesays.com\/fr\/wp-json\/wp\/v2\/tags?post=270598"}],"curies":[{"name":"wp","href":"https:\/\/api.w.org\/{rel}","templated":true}]}}