{"id":270601,"date":"2025-07-24T14:09:21","date_gmt":"2025-07-24T14:09:21","guid":{"rendered":"https:\/\/www.europesays.com\/fr\/270601\/"},"modified":"2025-07-24T14:09:21","modified_gmt":"2025-07-24T14:09:21","slug":"maternite-au-royaume-uni-un-rapport-denonce-la-negligence-envers-les-femmes-noires","status":"publish","type":"post","link":"https:\/\/www.europesays.com\/fr\/270601\/","title":{"rendered":"Maternit\u00e9 au Royaume-Uni : un rapport d\u00e9nonce la n\u00e9gligence envers les femmes noires"},"content":{"rendered":"<p>  Par&amp;nbsp<a href=\"https:\/\/fr.euronews.com\/profils\/2328\" rel=\"nofollow noopener\" target=\"_blank\">Theo Farrant<\/a>&amp;nbspavec&amp;nbsp<b>AP<\/b><\/p>\n<p>\n         Publi\u00e9 le<br \/>\n            24\/07\/2025 &#8211; 15:22 UTC+2\n            <\/p>\n<p>            <img decoding=\"async\" class=\"c-ad__placeholder__logo\" src=\"https:\/\/static.euronews.com\/website\/images\/logos\/logo-euronews-grey-6-180x22.svg\" width=\"180\" height=\"22\" alt=\"\" loading=\"lazy\"\/><br \/>\n            PUBLICIT\u00c9<\/p>\n<p>Plus de la moiti\u00e9 des femmes noires du Royaume-Uni qui ont d\u00e9j\u00e0 fait part de leurs inqui\u00e9tudes pendant leur accouchement se sont senties ignor\u00e9es, selon la plus grande \u00e9tude sur les exp\u00e9riences des femmes noires \u00e0 la maternit\u00e9.<\/p>\n<p>Le \u00ab\u00a0Black Maternity Experiences Report\u00a0\u00bb (rapport sur les exp\u00e9riences de maternit\u00e9 des femmes noires), publi\u00e9 en d\u00e9but de semaine par l&rsquo;organisation Five X More, a interrog\u00e9 plus de 1 100 femmes noires et d&rsquo;origine ethnique mixte enceintes entre juillet 2021 et mars 2025.<\/p>\n<p>Les r\u00e9sultats dressent le tableau de d\u00e9faillances syst\u00e9miques \u00e9videntes dans les soins de maternit\u00e9, y compris des r\u00e9cits g\u00e9n\u00e9ralis\u00e9s de n\u00e9gligence et de traitement discriminatoire.<\/p>\n<p>Dre Sarah Tade, l&rsquo;une des femmes qui a partag\u00e9 son exp\u00e9rience, a d\u00e9clar\u00e9 que son premier accouchement avait \u00e9t\u00e9 marqu\u00e9 par la douleur et l&rsquo;incr\u00e9dulit\u00e9.<\/p>\n<p>\u00ab\u00a0Mon premier accouchement a \u00e9t\u00e9 horrible, j&rsquo;\u00e9tais \u00e0 l&rsquo;agonie\u00a0\u00bb, raconte-t-elle. \u00ab\u00a0Et il y avait des sous-entendus raciaux dans la fa\u00e7on dont on me parlait. Lorsque j&rsquo;ai continu\u00e9 \u00e0 dire que je souffrais, on m&rsquo;a questionn\u00e9e, on m&rsquo;a trait\u00e9e avec condescendance\u00a0\u00bb. Elle raconte qu&rsquo;un.e soignant.e lui a demand\u00e9 \u00ab\u00a0Vous \u00eates s\u00fbre que vous n&rsquo;\u00eates pas juste d\u00e9fonc\u00e9e ?\u00a0\u00bb.<\/p>\n<p>Plus de la moiti\u00e9 des personnes interrog\u00e9es ont d\u00e9clar\u00e9 avoir \u00e9t\u00e9 confront\u00e9es \u00e0 des difficult\u00e9s avec les professionnels de sant\u00e9 au cours de leurs soins. Parmi celles qui ont fait part de leurs inqui\u00e9tudes lors de l&rsquo;accouchement, un peu moins de la moiti\u00e9 ont d\u00e9clar\u00e9 qu&rsquo;elles n&rsquo;avaient pas \u00e9t\u00e9 prises au s\u00e9rieux ou qu&rsquo;elles n&rsquo;avaient pas b\u00e9n\u00e9fici\u00e9 d&rsquo;un soutien ad\u00e9quat.<\/p>\n<p>Un grand nombre d&rsquo;entre elles ont d\u00e9clar\u00e9 qu&rsquo;on leur avait refus\u00e9 un soulagement de la douleur alors qu&rsquo;elles l&rsquo;avaient demand\u00e9 (23 %), et beaucoup ont dit qu&rsquo;aucune explication ne leur avait \u00e9t\u00e9 donn\u00e9e. D&rsquo;autres ont d\u00e9clar\u00e9 avoir \u00e9t\u00e9 remises en question, rejet\u00e9es ou trait\u00e9es avec condescendance alors qu&rsquo;elles se sentaient pas bien.<\/p>\n<p>Par ailleurs, plus d&rsquo;un quart (28 %) des femmes interrog\u00e9es ont d\u00e9clar\u00e9 avoir \u00e9t\u00e9 victimes de discrimination, une sur quatre estimant que c&rsquo;\u00e9tait en raison de leur race.<\/p>\n<p>\u00ab\u00a0On a dit \u00e0 une femme que, \u00ab\u00a0Dieu merci, vous aviez sorti ce singe de vous\u00a0\u00bb, ce qui \u00e9tait absolument choquant\u00a0\u00bb, a d\u00e9clar\u00e9 le Dre Michelle Peter, l&rsquo;un des auteures du rapport.<\/p>\n<p>\u201cUne autre femme a vu un\u00b7e professionnel\u00b7le de sant\u00e9 comparer les soins qu\u2019elle recevait ici, au Royaume-Uni, \u00e0 ceux qu\u2019elle aurait pu recevoir en Afrique, dans le but de la faire se sentir reconnaissante d\u2019\u00eatre prise en charge ici. Ce sont des exemples tr\u00e8s concrets de racisme manifeste auxquels ces femmes sont confront\u00e9es. Et nous devons agir.\u201d<\/p>\n<p>Des donn\u00e9es ant\u00e9rieures de MBRRACE-UK, ont montr\u00e9 que les femmes noires ont jusqu&rsquo;\u00e0 quatre fois plus de risques de mourir en couches que les femmes blanches, et qu&rsquo;elles sont plus expos\u00e9es \u00e0 des complications graves et \u00e0 des probl\u00e8mes de sant\u00e9 mentale pendant et apr\u00e8s la grossesse.<\/p>\n<p>Five X More, l&rsquo;organisation \u00e0 l&rsquo;origine de ce nouveau rapport, demande que des mesures soient prises d&rsquo;urgence, notamment une formation obligatoire des professionnels de sant\u00e9 \u00e0 la comp\u00e9tence culturelle, \u00e0 une responsabilisation dans le traitement des plaintes, ainsi qu\u2019\u00e0 une collecte de donn\u00e9es plus rigoureuse sur l\u2019origine ethnique et les r\u00e9sultats en mati\u00e8re de soins de maternit\u00e9.<\/p>\n","protected":false},"excerpt":{"rendered":"Par&amp;nbspTheo Farrant&amp;nbspavec&amp;nbspAP Publi\u00e9 le 24\/07\/2025 &#8211; 15:22 UTC+2 PUBLICIT\u00c9 Plus de la moiti\u00e9 des femmes noires du Royaume-Uni&hellip;\n","protected":false},"author":2,"featured_media":270602,"comment_status":"","ping_status":"","sticky":false,"template":"","format":"standard","meta":{"footnotes":""},"categories":[1588],"tags":[11,1777,674,196,15761,12,473,1853,71,1851,1850,1852],"class_list":{"0":"post-270601","1":"post","2":"type-post","3":"status-publish","4":"format-standard","5":"has-post-thumbnail","7":"category-royaume-uni","8":"tag-actualites","9":"tag-eu","10":"tag-europe","11":"tag-grossesse","12":"tag-maternite","13":"tag-news","14":"tag-royaume-uni","15":"tag-royaume-uni-de-grande-bretagne-et-dirlande-du-nord","16":"tag-sante","17":"tag-uk","18":"tag-united-kingdom","19":"tag-united-kingdom-of-great-britain-and-northern-ireland"},"share_on_mastodon":{"url":"https:\/\/pubeurope.com\/@fr\/114908611660748819","error":""},"_links":{"self":[{"href":"https:\/\/www.europesays.com\/fr\/wp-json\/wp\/v2\/posts\/270601","targetHints":{"allow":["GET"]}}],"collection":[{"href":"https:\/\/www.europesays.com\/fr\/wp-json\/wp\/v2\/posts"}],"about":[{"href":"https:\/\/www.europesays.com\/fr\/wp-json\/wp\/v2\/types\/post"}],"author":[{"embeddable":true,"href":"https:\/\/www.europesays.com\/fr\/wp-json\/wp\/v2\/users\/2"}],"replies":[{"embeddable":true,"href":"https:\/\/www.europesays.com\/fr\/wp-json\/wp\/v2\/comments?post=270601"}],"version-history":[{"count":0,"href":"https:\/\/www.europesays.com\/fr\/wp-json\/wp\/v2\/posts\/270601\/revisions"}],"wp:featuredmedia":[{"embeddable":true,"href":"https:\/\/www.europesays.com\/fr\/wp-json\/wp\/v2\/media\/270602"}],"wp:attachment":[{"href":"https:\/\/www.europesays.com\/fr\/wp-json\/wp\/v2\/media?parent=270601"}],"wp:term":[{"taxonomy":"category","embeddable":true,"href":"https:\/\/www.europesays.com\/fr\/wp-json\/wp\/v2\/categories?post=270601"},{"taxonomy":"post_tag","embeddable":true,"href":"https:\/\/www.europesays.com\/fr\/wp-json\/wp\/v2\/tags?post=270601"}],"curies":[{"name":"wp","href":"https:\/\/api.w.org\/{rel}","templated":true}]}}