{"id":270605,"date":"2025-07-24T14:11:10","date_gmt":"2025-07-24T14:11:10","guid":{"rendered":"https:\/\/www.europesays.com\/fr\/270605\/"},"modified":"2025-07-24T14:11:10","modified_gmt":"2025-07-24T14:11:10","slug":"sommet-ue-chine-jose-manuel-barroso-tance-les-europeens-a-agir-au-lieu-de-critiquer-les-autres","status":"publish","type":"post","link":"https:\/\/www.europesays.com\/fr\/270605\/","title":{"rendered":"Sommet UE-Chine: Jos\u00e9 Manuel Barroso tance les Europ\u00e9ens \u00e0 \u00ab\u00a0agir\u00a0\u00bb au lieu de \u00ab\u00a0critiquer les autres\u00a0\u00bb"},"content":{"rendered":"<p>            <img decoding=\"async\" class=\"c-ad__placeholder__logo\" src=\"https:\/\/static.euronews.com\/website\/images\/logos\/logo-euronews-grey-6-180x22.svg\" width=\"180\" height=\"22\" alt=\"\" loading=\"lazy\"\/><br \/>\n            PUBLICIT\u00c9<\/p>\n<p>\u00ab\u00a0L&rsquo;Union europ\u00e9enne doit faire plus et plus vite\u00a0\u00bb pour projeter son influence face \u00e0 une Chine de plus en plus dominante, assure, d&#8217;embl\u00e9e, Jos\u00e9 Manuel Barroso. <\/p>\n<p>Dans un entretien accord\u00e9 \u00e0 Euronews, l&rsquo;ancien pr\u00e9sident de la Commission europ\u00e9enne de 2004 \u00e0 2014 garanti que l&rsquo;UE doit \u00ab\u00a0devenir un adulte responsable de notre propre avenir\u00a0\u00bb. \u00ab\u00a0L&rsquo;Europe ne devrait pas \u00eatre une sorte d&rsquo;adolescent g\u00e9opolitique\u00a0\u00bb, a-t-il martel\u00e9. <\/p>\n<p>Si l&rsquo;Union europ\u00e9enne n&rsquo;a toujours pas r\u00e9ussi \u00e0 harmoniser pleinement son march\u00e9 pour les services ou les capitaux, ni \u00e0 b\u00e2tir une d\u00e9fense commune, \u00ab\u00a0ce n&rsquo;est pas \u00e0 cause de la Chine ou des \u00c9tats-Unis\u00a0\u00bb mais de ses propres divisions, a-t-il soulign\u00e9, appelant les Europ\u00e9ens \u00e0 \u00ab\u00a0agir\u00a0\u00bb au lieu de \u00ab\u00a0critiquer et de rejeter la faute sur les autres\u00a0\u00bb.<\/p>\n<p>Escalade entre l&rsquo;UE et la Chine<\/p>\n<p>Ce jeudi 24 juillet, les dirigeants de l&rsquo;Union europ\u00e9enne sont \u00e0 P\u00e9kin pour un sommet sous tension avec la Chine, au lendemain <a href=\"https:\/\/fr.euronews.com\/my-europe\/2025\/07\/23\/lue-et-le-japon-renforcent-leur-alliance-commerciale-face-aux-tensions-mondiales\" target=\"_blank\" rel=\"noopener\"><strong>d&rsquo;une r\u00e9union avec les responsables japonais<\/strong><\/a>. <\/p>\n<p>Ce <a href=\"https:\/\/fr.euronews.com\/my-europe\/2025\/07\/24\/sommet-chine-ue-une-rencontre-diplomatique-sur-fond-de-tensions\" target=\"_blank\" rel=\"noopener\"><strong>sommet entre l&rsquo;UE et la Chine<\/strong><\/a> \u00e9tait <a href=\"https:\/\/fr.euronews.com\/my-europe\/2025\/07\/23\/sommet-ue-chine-bruxelles-et-pekin-peuvent-ils-reellement-surmonter-leurs-differends\" target=\"_blank\" rel=\"noopener\"><strong>la promesse d&rsquo;un r\u00e9chauffement des liens<\/strong><\/a> entre les deux partis. Et pour cause, il a \u00e9t\u00e9 organis\u00e9 \u00e0 l&rsquo;occasion du cinquanti\u00e8me anniversaire des relations bilat\u00e9rales entre P\u00e9kin et Bruxelles. Il intervient \u00e9galement alors que la <a href=\"https:\/\/fr.euronews.com\/business\/2025\/07\/09\/droit-de-douane-apres-les-lettres-de-donald-trump-quelle-est-la-prochaine-etape-pour-washi\" target=\"_blank\" rel=\"noopener\"><strong>guerre commerciale initi\u00e9e par Donald Trump<\/strong><\/a> jette le trouble sur les relations internationales.<\/p>\n<p>Mais tout espoir de reprise a \u00e9t\u00e9 an\u00e9anti par des tensions persistantes, notamment autour de la\u00a0surproduction massive de biens chinois soutenue par P\u00e9kin, comme dans l\u2019automobile ou les technologies vertes. Une situation qui alimente un\u00a0d\u00e9s\u00e9quilibre commercial jug\u00e9 pr\u00e9occupant, l\u2019Union europ\u00e9enne affichant un\u00a0d\u00e9ficit annuel de 305,8 milliards d\u2019euros avec la Chine.<\/p>\n<p>Les diff\u00e9rends commerciaux se sont \u00e9galement intensifi\u00e9s apr\u00e8s que l&rsquo;UE a impos\u00e9 des <a href=\"https:\/\/fr.euronews.com\/my-europe\/2024\/10\/04\/bruxelles-donne-son-feu-vert-aux-droits-de-douane-appliques-aux-vehicules-electriques-chin\" target=\"_blank\" rel=\"noopener\"><strong>droits de douane sur les v\u00e9hicules \u00e9lectriques fabriqu\u00e9s en Chine<\/strong><\/a> l&rsquo;ann\u00e9e derni\u00e8re, invoquant l&rsquo;utilisation d\u00e9loyale par P\u00e9kin de subventions qui \u00e9vincent les concurrents de l&rsquo;UE du march\u00e9. <\/p>\n<p>Cette mesure a d\u00e9clench\u00e9 une escalade commerciale. La Chine a lanc\u00e9 des enqu\u00eates visant plusieurs produits tels que le brandy (cognac, armagnac et autres eaux-de-vie similaires), la viande de porc et les produits laitiers fabriqu\u00e9s dans l&rsquo;UE, qu&rsquo;elle soup\u00e7onne d&rsquo;avoir b\u00e9n\u00e9fici\u00e9 de subventions publiques injustifi\u00e9es.<\/p>\n<p>Barroso pessimiste sur le sommet<\/p>\n<p>Mais les promesses de rapprochement entre Bruxelles et P\u00e9kin ne convainquent pas Jos\u00e9 Manuel Barroso. \u00ab\u00a0Franchement, je ne pense pas que cela se produise. Je vois beaucoup de tensions\u00a0\u00bb, a-t-il assur\u00e9. \u00ab\u00a0Je ne m&rsquo;attends pas \u00e0 ce que ce sommet soit tourn\u00e9 vers l&rsquo;avenir.\u00a0\u00bb<\/p>\n<p>Lors de son passage \u00e0 la t\u00eate de la Commission europ\u00e9enne, la Chine a consolid\u00e9 sa position de deuxi\u00e8me \u00e9conomie mondiale. Il avait alors refus\u00e9 d&rsquo;accorder \u00e0 P\u00e9kin le \u00ab\u00a0statut d&rsquo;\u00e9conomie de march\u00e9\u00a0\u00bb afin de prot\u00e9ger le bloc des 27 pays contre le dumping.<\/p>\n<p>Des n\u00e9gociations en vue d&rsquo;un accord d&rsquo;investissements, appel\u00e9 \u00ab\u00a0Accord global sur l&rsquo;investissement\u00a0\u00bb (AGI) ont \u00e9galement \u00e9t\u00e9 lanc\u00e9es sous sa pr\u00e9sidence, mais la ratification de l&rsquo;accord a ensuite \u00e9t\u00e9 bloqu\u00e9e au Parlement europ\u00e9en.<\/p>\n<p>\u00ab\u00a0Je ne pense pas qu&rsquo;il soit tr\u00e8s utile de juger les d\u00e9cisions politiques d&rsquo;un moment donn\u00e9 \u00e0 la lumi\u00e8re de ce qui s&rsquo;est pass\u00e9 par la suite\u00a0\u00bb, a-t-il affirm\u00e9, refusant alors les critiques sur son bilan. Selon lui, il \u00e9tait impossible de mettre en place des mesures pour emp\u00eacher l&rsquo;augmentation de l&rsquo;exc\u00e9dant commercial chinois avec ses partenaires. \u00ab\u00a0En effet, un dirigeant politique d\u00e9cide sur la base des informations dont il dispose \u00e0 ce moment-l\u00e0. La question est de savoir si ces d\u00e9cisions \u00e9taient les bonnes compte-tenu des informations disponibles \u00e0 ce moment-l\u00e0. Et, oui, je crois que c&rsquo;\u00e9tait le cas\u00a0\u00bb, a-t-il appuy\u00e9.<\/p>\n<p>La guerre en Ukraine, source de tensions<\/p>\n<p>La <a href=\"https:\/\/fr.euronews.com\/2024\/07\/11\/lotan-fustige-le-role-determinant-de-la-chine-dans-le-conflit-en-ukraine\" target=\"_blank\" rel=\"noopener\"><strong>position de la Chine \u00e0 l&rsquo;\u00e9gard de la guerre men\u00e9e par la Russie<\/strong><\/a> en Ukraine fait \u00e9galement obstacle \u00e0 toute perspective de rapprochement entre les deux parties. Bruxelles accuse P\u00e9kin d&rsquo;\u00eatre un \u00ab\u00a0facilitateur cl\u00e9\u00a0\u00bb de la guerre gr\u00e2ce \u00e0 son partenariat commercial et \u00e9conomique \u00ab\u00a0sans limites\u00a0\u00bb avec Moscou. L&rsquo;ex\u00e9cutif europ\u00e9en estime que la Chine fournit 80 % des biens \u00e0 double usage qui servent \u00e0 fabriquer les armes russes.<\/p>\n<p>\u00ab\u00a0Traditionnellement, la Chine a toujours dit qu&rsquo;elle \u00e9tait pour l&rsquo;ordre multilat\u00e9ral, qu&rsquo;elle \u00e9tait pour le respect du droit international\u00a0\u00bb, a expliqu\u00e9 Jos\u00e9 Manuel Barroso.<\/p>\n<p>Mais alors que la Russie viole le droit international en envahissant l&rsquo;Ukraine et en annexant des parties de son territoire, \u00ab\u00a0la Chine n&rsquo;est pas capable de dire un seul mot critique \u00e0 l&rsquo;\u00e9gard de Moscou\u00a0\u00bb. Et \u00ab\u00a0c&rsquo;est tr\u00e8s difficile \u00e0 accepter pour les Europ\u00e9ens\u00a0\u00bb, conclut-il.<\/p>\n","protected":false},"excerpt":{"rendered":"PUBLICIT\u00c9 \u00ab\u00a0L&rsquo;Union europ\u00e9enne doit faire plus et plus vite\u00a0\u00bb pour projeter son influence face \u00e0 une Chine de&hellip;\n","protected":false},"author":2,"featured_media":270606,"comment_status":"","ping_status":"","sticky":false,"template":"","format":"standard","meta":{"footnotes":""},"categories":[1586],"tags":[11,309,1777,674,1011,27,34485,12,25,13551,364],"class_list":{"0":"post-270605","1":"post","2":"type-post","3":"status-publish","4":"format-standard","5":"has-post-thumbnail","7":"category-europe","8":"tag-actualites","9":"tag-chine","10":"tag-eu","11":"tag-europe","12":"tag-fr","13":"tag-france","14":"tag-jose-manuel-barroso","15":"tag-news","16":"tag-republique-francaise","17":"tag-ue-chine","18":"tag-union-europeenne"},"share_on_mastodon":{"url":"https:\/\/pubeurope.com\/@fr\/114908619505281640","error":""},"_links":{"self":[{"href":"https:\/\/www.europesays.com\/fr\/wp-json\/wp\/v2\/posts\/270605","targetHints":{"allow":["GET"]}}],"collection":[{"href":"https:\/\/www.europesays.com\/fr\/wp-json\/wp\/v2\/posts"}],"about":[{"href":"https:\/\/www.europesays.com\/fr\/wp-json\/wp\/v2\/types\/post"}],"author":[{"embeddable":true,"href":"https:\/\/www.europesays.com\/fr\/wp-json\/wp\/v2\/users\/2"}],"replies":[{"embeddable":true,"href":"https:\/\/www.europesays.com\/fr\/wp-json\/wp\/v2\/comments?post=270605"}],"version-history":[{"count":0,"href":"https:\/\/www.europesays.com\/fr\/wp-json\/wp\/v2\/posts\/270605\/revisions"}],"wp:featuredmedia":[{"embeddable":true,"href":"https:\/\/www.europesays.com\/fr\/wp-json\/wp\/v2\/media\/270606"}],"wp:attachment":[{"href":"https:\/\/www.europesays.com\/fr\/wp-json\/wp\/v2\/media?parent=270605"}],"wp:term":[{"taxonomy":"category","embeddable":true,"href":"https:\/\/www.europesays.com\/fr\/wp-json\/wp\/v2\/categories?post=270605"},{"taxonomy":"post_tag","embeddable":true,"href":"https:\/\/www.europesays.com\/fr\/wp-json\/wp\/v2\/tags?post=270605"}],"curies":[{"name":"wp","href":"https:\/\/api.w.org\/{rel}","templated":true}]}}