{"id":270611,"date":"2025-07-24T14:14:09","date_gmt":"2025-07-24T14:14:09","guid":{"rendered":"https:\/\/www.europesays.com\/fr\/270611\/"},"modified":"2025-07-24T14:14:09","modified_gmt":"2025-07-24T14:14:09","slug":"un-feu-dappartement-est-en-cours-a-martigues-au-moins-deux-appartements-detruits","status":"publish","type":"post","link":"https:\/\/www.europesays.com\/fr\/270611\/","title":{"rendered":"Un feu d&rsquo;appartement est en cours \u00e0 Martigues, au moins deux appartements d\u00e9truits"},"content":{"rendered":"<p>Une v\u00e9ritable fournaise. Un incendie a d\u00e9truit au moins <a href=\"https:\/\/www.laprovence.com\/article\/faits-divers-justice\/2729223202312414\/marseille-un-incendie-dans-un-appartement-fait-deux-blesses-legers\" target=\"_blank\" rel=\"nofollow noopener\">deux appartements<\/a> ce jeudi 24 juillet 2025 dans l&rsquo;apr\u00e8s-midi \u00e0 <a href=\"https:\/\/www.laprovence.com\/bouches-du-rhone\/martigues-13056\" target=\"_blank\" rel=\"nofollow noopener\">Martigues<\/a> sans faire de victime.\u00a0Lorsque les sapeurs-pompiers sont arriv\u00e9s vers 13h30 dans l&rsquo;impasse situ\u00e9e aux Esp\u00e9relles, l&rsquo;incendie s&rsquo;\u00e9tait g\u00e9n\u00e9ralis\u00e9 au sein de cet appartement situ\u00e9 au premier \u00e9tage d&rsquo;un b\u00e2timent qui en compte deux.<\/p>\n<p>Le feu, dont on ignore l&rsquo;origine, aurait \u00e9t\u00e9 aggrav\u00e9 par la pr\u00e9sence de bouteilles de protoxyde d&rsquo;azote dont certaines ont explos\u00e9, faisant courir des risques importants aux \u00e9quipes de secours.<\/p>\n<p>L&rsquo;incendie, si virulent qu&rsquo;il a \u00e9t\u00e9, a \u00e9t\u00e9 ma\u00eetris\u00e9 par les <a href=\"https:\/\/www.laprovence.com\/article\/region\/71119801423856\/feu-de-martigues-un-developpement-explosif-les-pompiers-surpris-par-la-virulence-du-feu-des-son-depart\" target=\"_blank\" rel=\"nofollow noopener\">sapeurs-pompiers<\/a> au bout d&rsquo;une heure de lutte, mais l&rsquo;appartement a \u00e9t\u00e9 enti\u00e8rement d\u00e9truit, tout comme celui situ\u00e9 au-dessus. La chaleur y a \u00e9t\u00e9 telle que les structures pourraient avoir \u00e9t\u00e9 endommag\u00e9es. Les locataires avaient pu, juste auparavant, s&rsquo;extraire des lieux et aucune victime n&rsquo;est \u00e0 d\u00e9plorer. De nombreux riverains ne cachent pas leur col\u00e8re, \u00e9voquant une situation \u00ab\u00a0pr\u00e9visible\u00a0\u00bb. En effet, selon nos informations, la police est r\u00e9guli\u00e8rement appel\u00e9e pour ramener le calme dans ce b\u00e2timent.<\/p>\n","protected":false},"excerpt":{"rendered":"Une v\u00e9ritable fournaise. Un incendie a d\u00e9truit au moins deux appartements ce jeudi 24 juillet 2025 dans l&rsquo;apr\u00e8s-midi&hellip;\n","protected":false},"author":2,"featured_media":270612,"comment_status":"","ping_status":"","sticky":false,"template":"","format":"standard","meta":{"footnotes":""},"categories":[2],"tags":[17,11,40999,4383,4070,14635,1011,27,151,379,12,5912,16,25],"class_list":{"0":"post-270611","1":"post","2":"type-post","3":"status-publish","4":"format-standard","5":"has-post-thumbnail","7":"category-actualites","8":"tag-17","9":"tag-actualites","10":"tag-appartements","11":"tag-detruits","12":"tag-deux","13":"tag-flammes","14":"tag-fr","15":"tag-france","16":"tag-les","17":"tag-moins","18":"tag-news","19":"tag-par","20":"tag-region","21":"tag-republique-francaise"},"share_on_mastodon":{"url":"https:\/\/pubeurope.com\/@fr\/114908631157347415","error":""},"_links":{"self":[{"href":"https:\/\/www.europesays.com\/fr\/wp-json\/wp\/v2\/posts\/270611","targetHints":{"allow":["GET"]}}],"collection":[{"href":"https:\/\/www.europesays.com\/fr\/wp-json\/wp\/v2\/posts"}],"about":[{"href":"https:\/\/www.europesays.com\/fr\/wp-json\/wp\/v2\/types\/post"}],"author":[{"embeddable":true,"href":"https:\/\/www.europesays.com\/fr\/wp-json\/wp\/v2\/users\/2"}],"replies":[{"embeddable":true,"href":"https:\/\/www.europesays.com\/fr\/wp-json\/wp\/v2\/comments?post=270611"}],"version-history":[{"count":0,"href":"https:\/\/www.europesays.com\/fr\/wp-json\/wp\/v2\/posts\/270611\/revisions"}],"wp:featuredmedia":[{"embeddable":true,"href":"https:\/\/www.europesays.com\/fr\/wp-json\/wp\/v2\/media\/270612"}],"wp:attachment":[{"href":"https:\/\/www.europesays.com\/fr\/wp-json\/wp\/v2\/media?parent=270611"}],"wp:term":[{"taxonomy":"category","embeddable":true,"href":"https:\/\/www.europesays.com\/fr\/wp-json\/wp\/v2\/categories?post=270611"},{"taxonomy":"post_tag","embeddable":true,"href":"https:\/\/www.europesays.com\/fr\/wp-json\/wp\/v2\/tags?post=270611"}],"curies":[{"name":"wp","href":"https:\/\/api.w.org\/{rel}","templated":true}]}}