{"id":270615,"date":"2025-07-24T14:16:11","date_gmt":"2025-07-24T14:16:11","guid":{"rendered":"https:\/\/www.europesays.com\/fr\/270615\/"},"modified":"2025-07-24T14:16:11","modified_gmt":"2025-07-24T14:16:11","slug":"championnat-deurope-individuel-dames-kong-a-deux-coups-de-la-tete","status":"publish","type":"post","link":"https:\/\/www.europesays.com\/fr\/270615\/","title":{"rendered":"Championnat d&rsquo;Europe individuel Dames\u00a0: Kong \u00e0 deux coups de la t\u00eate"},"content":{"rendered":"<p>Les Fran\u00e7aises, de mani\u00e8re g\u00e9n\u00e9rale, ont r\u00e9ussi \u00e0 se positionner aux diff\u00e9rents \u00e9chelons du peloton de t\u00eate, pr\u00eates \u00e0 bondir lors des trois tours qui restent. \u00c9galement partie dans une matin\u00e9e aux conditions de jeu id\u00e9ales, <strong>Laura Nepper <\/strong>a eu le m\u00e9rite de signer son 68 (-5) en \u00e9tant partie du 10, c&rsquo;est-\u00e0-dire en n&rsquo;ayant pas les pars 5 des trous 15, 17 et 18 en guise de fin de partie.\u00a0<\/p>\n<p>La joueuse de Valescure, qui a sign\u00e9 quatre birdies et un eagle, occupe une 7e place o\u00f9 elle devance d&rsquo;une longueur <strong>Sara Brentcheneff <\/strong>et <strong>Vairana Heck<\/strong>. La Lyonnaise, en premi\u00e8re partie, n&rsquo;a commis aucun bogey sur la route de son score de 69 (-4), tandis que la Racingwoman a sign\u00e9 l&rsquo;un des meilleurs scores de l&rsquo;apr\u00e8s-midi, pour figurer elle aussi \u00e0 cette 15e place. <strong>Valentine Delon <\/strong>et <strong>Louise Uma Landgraf<\/strong>, toutes les deux au 22e rang \u00e0 -3, sont \u00e9galement en embuscade.<\/p>\n","protected":false},"excerpt":{"rendered":"Les Fran\u00e7aises, de mani\u00e8re g\u00e9n\u00e9rale, ont r\u00e9ussi \u00e0 se positionner aux diff\u00e9rents \u00e9chelons du peloton de t\u00eate, pr\u00eates&hellip;\n","protected":false},"author":2,"featured_media":270616,"comment_status":"","ping_status":"","sticky":false,"template":"","format":"standard","meta":{"footnotes":""},"categories":[1418],"tags":[1011,27,1472,60],"class_list":{"0":"post-270615","1":"post","2":"type-post","3":"status-publish","4":"format-standard","5":"has-post-thumbnail","7":"category-golf","8":"tag-fr","9":"tag-france","10":"tag-golf","11":"tag-sports"},"share_on_mastodon":{"url":"https:\/\/pubeurope.com\/@fr\/114908638904131577","error":""},"_links":{"self":[{"href":"https:\/\/www.europesays.com\/fr\/wp-json\/wp\/v2\/posts\/270615","targetHints":{"allow":["GET"]}}],"collection":[{"href":"https:\/\/www.europesays.com\/fr\/wp-json\/wp\/v2\/posts"}],"about":[{"href":"https:\/\/www.europesays.com\/fr\/wp-json\/wp\/v2\/types\/post"}],"author":[{"embeddable":true,"href":"https:\/\/www.europesays.com\/fr\/wp-json\/wp\/v2\/users\/2"}],"replies":[{"embeddable":true,"href":"https:\/\/www.europesays.com\/fr\/wp-json\/wp\/v2\/comments?post=270615"}],"version-history":[{"count":0,"href":"https:\/\/www.europesays.com\/fr\/wp-json\/wp\/v2\/posts\/270615\/revisions"}],"wp:featuredmedia":[{"embeddable":true,"href":"https:\/\/www.europesays.com\/fr\/wp-json\/wp\/v2\/media\/270616"}],"wp:attachment":[{"href":"https:\/\/www.europesays.com\/fr\/wp-json\/wp\/v2\/media?parent=270615"}],"wp:term":[{"taxonomy":"category","embeddable":true,"href":"https:\/\/www.europesays.com\/fr\/wp-json\/wp\/v2\/categories?post=270615"},{"taxonomy":"post_tag","embeddable":true,"href":"https:\/\/www.europesays.com\/fr\/wp-json\/wp\/v2\/tags?post=270615"}],"curies":[{"name":"wp","href":"https:\/\/api.w.org\/{rel}","templated":true}]}}