{"id":270617,"date":"2025-07-24T14:18:10","date_gmt":"2025-07-24T14:18:10","guid":{"rendered":"https:\/\/www.europesays.com\/fr\/270617\/"},"modified":"2025-07-24T14:18:10","modified_gmt":"2025-07-24T14:18:10","slug":"transferts-nationale-jean-pascal-barraque-sengage-officiellement-avec-nissa-rugby","status":"publish","type":"post","link":"https:\/\/www.europesays.com\/fr\/270617\/","title":{"rendered":"Transferts. Nationale &#8211; Jean-Pascal Barraque s&rsquo;engage officiellement avec Nissa Rugby"},"content":{"rendered":"<p>\n                Tr\u00e8s actif sur le march\u00e9 des transferts, le club de Nice a officialis\u00e9 une nouvelle recrue de renom pour sa saison \u00e0 venir en Nationale. C&rsquo;est Jean-Pascal Barraque (34 ans, 1 s\u00e9lection) qui arrive en\u00a0C\u00f4te d&rsquo;Azur.\n            <\/p>\n<p>Le gros mercato ni\u00e7ois continue\u00a0! Alors que les joueurs de Nissa Rugby ont\u00a0repris le chemin de l&rsquo;entra\u00eenement avec un grand nombre de nouvelles t\u00eates, le recrutement se poursuit avec l&rsquo;annonce officielle de l&rsquo;arriv\u00e9e de Jean-Pascal Barraque. L&rsquo;ancien international, capable d&rsquo;\u00e9voluer au poste d&rsquo;arri\u00e8re, de centre et d&rsquo;ouvreur, va d\u00e9couvrir le championnat de Nationale \u00e0 34 ans pour compl\u00e9ter un effectif d\u00e9j\u00e0 rempli de recrues phares.\u00a0<\/p>\n<p><strong>Lire aussi :\u00a0<a href=\"https:\/\/www.rugbyrama.fr\/2025\/07\/23\/nationale-jassume-totalement-mon-choix-guillaume-rouet-evoque-ses-premiers-pas-avec-le-stade-nicois-12840564.php\" target=\"_self\" rel=\"nofollow noopener\">\u00ab\u00a0J\u2019assume totalement mon choix\u00a0\u00bb : Guillaume Rouet \u00e9voque ses premiers pas avec Nice<\/a><\/strong><\/p>\n<p>Un recrutement de renom<\/p>\n<p>La saison pass\u00e9e, l&rsquo;ancien septiste n&rsquo;avait jou\u00e9 que trois matchs de Top 14 avec Perpignan. \u00c0 Nice, il pourrait former la paire de centres avec Waisea Nayacalevu&#8230; une association qui a de quoi faire peur au troisi\u00e8me \u00e9chelon du rugby fran\u00e7ais ! Avec son recrutement, Nissa Rugby affirme en tout cas ses ambitions de remont\u00e9e en Pro D2 d\u00e8s la fin de la saison \u00e0 venir.<\/p>\n","protected":false},"excerpt":{"rendered":"Tr\u00e8s actif sur le march\u00e9 des transferts, le club de Nice a officialis\u00e9 une nouvelle recrue de renom&hellip;\n","protected":false},"author":2,"featured_media":270618,"comment_status":"","ping_status":"","sticky":false,"template":"","format":"standard","meta":{"footnotes":""},"categories":[1416],"tags":[1011,27,479,1468,60],"class_list":{"0":"post-270617","1":"post","2":"type-post","3":"status-publish","4":"format-standard","5":"has-post-thumbnail","7":"category-rugby","8":"tag-fr","9":"tag-france","10":"tag-rugby","11":"tag-rugby-football","12":"tag-sports"},"share_on_mastodon":{"url":"https:\/\/pubeurope.com\/@fr\/114908646858713610","error":""},"_links":{"self":[{"href":"https:\/\/www.europesays.com\/fr\/wp-json\/wp\/v2\/posts\/270617","targetHints":{"allow":["GET"]}}],"collection":[{"href":"https:\/\/www.europesays.com\/fr\/wp-json\/wp\/v2\/posts"}],"about":[{"href":"https:\/\/www.europesays.com\/fr\/wp-json\/wp\/v2\/types\/post"}],"author":[{"embeddable":true,"href":"https:\/\/www.europesays.com\/fr\/wp-json\/wp\/v2\/users\/2"}],"replies":[{"embeddable":true,"href":"https:\/\/www.europesays.com\/fr\/wp-json\/wp\/v2\/comments?post=270617"}],"version-history":[{"count":0,"href":"https:\/\/www.europesays.com\/fr\/wp-json\/wp\/v2\/posts\/270617\/revisions"}],"wp:featuredmedia":[{"embeddable":true,"href":"https:\/\/www.europesays.com\/fr\/wp-json\/wp\/v2\/media\/270618"}],"wp:attachment":[{"href":"https:\/\/www.europesays.com\/fr\/wp-json\/wp\/v2\/media?parent=270617"}],"wp:term":[{"taxonomy":"category","embeddable":true,"href":"https:\/\/www.europesays.com\/fr\/wp-json\/wp\/v2\/categories?post=270617"},{"taxonomy":"post_tag","embeddable":true,"href":"https:\/\/www.europesays.com\/fr\/wp-json\/wp\/v2\/tags?post=270617"}],"curies":[{"name":"wp","href":"https:\/\/api.w.org\/{rel}","templated":true}]}}