{"id":270619,"date":"2025-07-24T14:19:10","date_gmt":"2025-07-24T14:19:10","guid":{"rendered":"https:\/\/www.europesays.com\/fr\/270619\/"},"modified":"2025-07-24T14:19:10","modified_gmt":"2025-07-24T14:19:10","slug":"arthur-cazaux-rejoint-arthur-rinderknech-en-demi-finales-a-kitzbuhel-lequipe","status":"publish","type":"post","link":"https:\/\/www.europesays.com\/fr\/270619\/","title":{"rendered":"Arthur Cazaux rejoint Arthur Rinderknech en demi-finales \u00e0 Kitzb\u00fchel &#8211; L&#039;\u00c9quipe"},"content":{"rendered":"<ol>\n<li><a href=\"https:\/\/news.google.com\/rss\/articles\/CBMiuAFBVV95cUxQSXo0bklYWUJaaXBMMzhHU0lxOHU3N1N3QWdEYVZYTWc3VmMxN3pkUllVX1c2cDZaY19NbEw4VGQ1WTJGNWpuMkpJVERGTnVKVnphZll3ZFR5bS11TXZRWGc2R1pkTHZCd2JpVjBhRGg2YzRRY3BFaWotUlhXVy1FTElhY2drMHBaR1VaLWRtR2pFOUthS2pUU2szOERqS0YxN01iVkV6OXIxOTFhbU1FeElzT2dWTVU0?oc=5\" target=\"_blank\" rel=\"nofollow noopener\">Arthur Cazaux rejoint Arthur Rinderknech en demi-finales \u00e0 Kitzb\u00fchel<\/a>&nbsp;&nbsp;L&rsquo;\u00c9quipe<\/li>\n<li><a href=\"https:\/\/news.google.com\/rss\/articles\/CBMixwFBVV95cUxPSmZSNTRsRHYyYzNhY1h1VnI5cWxvc2NkeTBQeWU5Vkp6X2FUWWRXRmx2dnYteTVyNDRWZlhvWHdObHJuYTVXcUg5S3E4Nk5iU0xMVzUyQ0ZURHdjNk90RklIVnlMS2RfQTh0RXVqQUVtdU94TTdhOTBxOTlaLXBobkQ5TEhMdTBMQnQxSHhHMzMyeUJoRUZUaXA0Z1FkallMVFhqRTY1S25QTEZ4RFhiRUNwMjNOMHhYN0RPRTJRbUJtUVZGTWtj0gHGAUFVX3lxTE9yM080SlNjUTJiTG1PWXZ4YV9oTGtRR0dZenpPN2xQM0M3YkxoWDg3TG5HS3l5VWJJN3o0T0xHTU9LYUpON05sUFZ2S1BUUURTOHNLcll3TjA5TmJPM09OYjVWSmY5QmJIR2drTXFsSVdRTHBPQmdVQUZ5aVZTdjBUb0kwdXNyLU9wU2NXcGFTZHFHRzhPTDRPVGw5Yjc2amhvWVU3X2kyV2FpOU91UkM2dFRlUjRqTnNKS21URnB1UFZWSDZWUQ?oc=5\" target=\"_blank\" rel=\"nofollow noopener\">ATP &#8211; Kitzb\u00fchel : Rinderknech s&rsquo;offre sa premi\u00e8re demie depuis un an<\/a>&nbsp;&nbsp;Orange Actualit\u00e9s | Sports<\/li>\n<li><a href=\"https:\/\/news.google.com\/rss\/articles\/CBMi2wFBVV95cUxQMEtxQ2dwME1xVjV1d0pVN0VZUlNFS0NRVENUZHhGcEdMano1bFY1Sjh6UVJNZXJPMl9ITk9zeHBUaU15eHNCdXlTNi1icUFRbHJ6UDhpblNUTWJPeVZQZXU5OVRmSGROblhaOXdKd0p2bEpFWjdtTTlXZ1U4WGhsSmYtdEE5bzduNTRGaV9YcFFDVWlzWjY2OHI2VDlZaTV5bXpMeF9yV2M3dWktSTUtUU9UZGVTd0tjaUhIRTNnSDMtdG1GQXZEcDF1cWZCTENTV0lJWlVBcVYxNlk?oc=5\" target=\"_blank\" rel=\"nofollow noopener\">Tennis : Cazaux rejoint Rinderknech en quarts \u00e0 Kitzb\u00fchel, avant des retrouvailles en demi-finales ?<\/a>&nbsp;&nbsp;Le Figaro<\/li>\n<li><a href=\"https:\/\/news.google.com\/rss\/articles\/CBMijAJBVV95cUxNdmdVV3hkNFRlYmZ2LTJDWjRyamtNeFhEc1pVYjl1Z0ZMaEYySVM2bEZ5eEVZRlRFNl9wbVR6OVdHeko1ZGhLdWZSUGhzUk1CZGdfWC1xZDJlaTZ2V3Q4V0RnNlVXbVNVYXRKaUpkME5IU09td3ZGaVgzdGgtajNlNUV5SC14SmIwdTNvM3R5SU1teEljcVBxVmJkX2NVYXRvRlZtZGFway1MYThnVnpDSFVtNjFLSDJPbDZNWEtXNWNSSnVEVUQwdlB3QlNhVU56clR3OE9nenVuaVM5d19YclVqeFA2R01EbzFOTnd4ak9oOGhFdktDdExVYjk1b29peXFqZUVZTGpZdWxK?oc=5\" target=\"_blank\" rel=\"nofollow noopener\">Tennis. Arthur Rinderknech qualifi\u00e9 en demi-finale \u00e0 l\u2019ATP 250 de Kitzb\u00fchel et attend Arthur Cazaux<\/a>&nbsp;&nbsp;Ouest-France<\/li>\n<li><a href=\"https:\/\/news.google.com\/rss\/articles\/CBMingJBVV95cUxQMDZPYjVNR1ZSc1lxbk9jNDVidGtGUG1qYWsxLVFhWmZuclh3Y0NYa1NNSTFFUm9PaWRnbUJXc3Q4T1RFMW5YdThHYUFSSDc1bl9yV2E1YlFfMmNBeUkxbjB2UFk2MWZmWVJDWm9nUGtmdVM5YzRYS05jN3VYZXlZVVJSb3A1bUtnN3FTRVBKS255bl9HOUowQWh4VG9fSExhem90d2EwWXZjLTRud0hlR3VQdmNsZEo4akNtdWg3b0RaNWVDTWFGV3hGNEtiSURzQTY3b2tmdUZORUlxem81NEZBWUdhRkVfeGc3aGFsTVYyUHdsclUxYWF6cEk5cll0b1lGdHc0LVVab1RVak4yMWJxMkpvcnVMZGxublFR?oc=5\" target=\"_blank\" rel=\"nofollow noopener\">Rinderknech se qualifie difficilement en quarts, Cazaux passe aussi<\/a>&nbsp;&nbsp;Eurosport<\/li>\n<\/ol>\n","protected":false},"excerpt":{"rendered":"Arthur Cazaux rejoint Arthur Rinderknech en demi-finales \u00e0 Kitzb\u00fchel&nbsp;&nbsp;L&rsquo;\u00c9quipe ATP &#8211; Kitzb\u00fchel : Rinderknech s&rsquo;offre sa premi\u00e8re demie&hellip;\n","protected":false},"author":2,"featured_media":270620,"comment_status":"","ping_status":"","sticky":false,"template":"","format":"standard","meta":{"footnotes":""},"categories":[1415],"tags":[1011,27,60,1467],"class_list":{"0":"post-270619","1":"post","2":"type-post","3":"status-publish","4":"format-standard","5":"has-post-thumbnail","7":"category-tennis","8":"tag-fr","9":"tag-france","10":"tag-sports","11":"tag-tennis"},"share_on_mastodon":{"url":"https:\/\/pubeurope.com\/@fr\/114908650734921943","error":""},"_links":{"self":[{"href":"https:\/\/www.europesays.com\/fr\/wp-json\/wp\/v2\/posts\/270619","targetHints":{"allow":["GET"]}}],"collection":[{"href":"https:\/\/www.europesays.com\/fr\/wp-json\/wp\/v2\/posts"}],"about":[{"href":"https:\/\/www.europesays.com\/fr\/wp-json\/wp\/v2\/types\/post"}],"author":[{"embeddable":true,"href":"https:\/\/www.europesays.com\/fr\/wp-json\/wp\/v2\/users\/2"}],"replies":[{"embeddable":true,"href":"https:\/\/www.europesays.com\/fr\/wp-json\/wp\/v2\/comments?post=270619"}],"version-history":[{"count":0,"href":"https:\/\/www.europesays.com\/fr\/wp-json\/wp\/v2\/posts\/270619\/revisions"}],"wp:featuredmedia":[{"embeddable":true,"href":"https:\/\/www.europesays.com\/fr\/wp-json\/wp\/v2\/media\/270620"}],"wp:attachment":[{"href":"https:\/\/www.europesays.com\/fr\/wp-json\/wp\/v2\/media?parent=270619"}],"wp:term":[{"taxonomy":"category","embeddable":true,"href":"https:\/\/www.europesays.com\/fr\/wp-json\/wp\/v2\/categories?post=270619"},{"taxonomy":"post_tag","embeddable":true,"href":"https:\/\/www.europesays.com\/fr\/wp-json\/wp\/v2\/tags?post=270619"}],"curies":[{"name":"wp","href":"https:\/\/api.w.org\/{rel}","templated":true}]}}