{"id":270621,"date":"2025-07-24T14:21:14","date_gmt":"2025-07-24T14:21:14","guid":{"rendered":"https:\/\/www.europesays.com\/fr\/270621\/"},"modified":"2025-07-24T14:21:14","modified_gmt":"2025-07-24T14:21:14","slug":"espargaro-dans-le-coup-mais-frustre-de-navoir-pas-pu-creer-la-surprise","status":"publish","type":"post","link":"https:\/\/www.europesays.com\/fr\/270621\/","title":{"rendered":"Espargar\u00f3 dans le coup mais frustr\u00e9 de n&rsquo;avoir pas pu cr\u00e9er la surprise"},"content":{"rendered":"<p><a href=\"https:\/\/fr.motorsport.com\/driver\/pol-espargaro\/94345\/\" target=\"_blank\" rel=\"noopener\">Pol Espargar\u00f3<\/a> a fait sa premi\u00e8re apparition de l&rsquo;ann\u00e9e \u00e0 Brno. Apr\u00e8s trois wild-cards l&rsquo;an pass\u00e9, l&rsquo;Espagnol se voit cantonn\u00e9 \u00e0 des tests cette ann\u00e9e, KTM ayant renonc\u00e9 \u00e0 aligner des pilotes suppl\u00e9mentaires pour des raisons \u00e9conomiques cette saison, mais il rempla\u00e7ait <a href=\"https:\/\/fr.motorsport.com\/driver\/maverick-vinales\/96553\/\" target=\"_blank\" rel=\"noopener\">Maverick Vi\u00f1ales<\/a>, bless\u00e9, chez Tech3 au GP de R\u00e9publique tch\u00e8que.<\/p>\n<p>M\u00eame s&rsquo;il est rare de voir un pilote engag\u00e9 ponctuellement lutter avec les meilleurs, Espargar\u00f3 comptait sur un petit avantage en d\u00e9but de week-end. Brno faisait sa premi\u00e8re apparition au calendrier depuis 2020, quand il \u00e9tait titulaire, ce qui pouvait jouer en sa faveur face aux pilotes arriv\u00e9s dans le championnat par la suite. Il arrivait en plus tr\u00e8s bien pr\u00e9par\u00e9 apr\u00e8s avoir pris part \u00e0 un test quelques semaines avant le week-end.<\/p>\n<p>La pluie tomb\u00e9e vendredi l&rsquo;a finalement priv\u00e9 de ces forces et il n&rsquo;a pas pu entrer dans le top 10. \u00ab\u00a0Sur le sec, je pense que j&rsquo;aurais eu un avantage\u00a0\u00bb, a expliqu\u00e9 Espargar\u00f3. \u00ab\u00a0Avec la connaissance de la piste et ma vitesse, j&rsquo;aurais pu entrer en Q2 et \u00e7a aide beaucoup pour la course.\u00a0\u00bb<\/p>\n<p>Samedi, sur piste s\u00e8che, l&rsquo;Espagnol a d\u00fb se contenter de la 14e place sur la grille mais il a r\u00e9ussi \u00e0 remonter jusqu&rsquo;\u00e0 la neuvi\u00e8me place du sprint, pour prendre un point. G\u00e9rer la mont\u00e9e en temp\u00e9rature du pneu dans le trafic lui a pos\u00e9 certaines difficult\u00e9s.<\/p>\n<p>\u00ab\u00a0C&rsquo;est une chose \u00e0 laquelle je ne suis pas habitu\u00e9 en test parce que je suis tout le temps seul. C&rsquo;\u00e9tait un cauchemar pour doubler Jorge [Mart\u00edn] ! Je ne voulais rien faire d&rsquo;idiot donc j&rsquo;ai pris un peu plus de temps que la normale. Puis j&rsquo;ai un peu perdu le contact avec Johann [Zarco] et c&rsquo;\u00e9tait dur de revenir sur lui en seulement deux tours.\u00a0\u00bb<\/p>\n<p>\u00ab\u00a0Je suis satisfait, finir \u00e0 4&Prime;7 de Marc avec la moto rouge, ce n&rsquo;est pas si mauvais !\u00a0\u00bb, r\u00e9sumait-il, fier de sa prestation.<\/p>\n<p>   <img decoding=\"async\" draggable=\"false\" src=\"https:\/\/www.europesays.com\/fr\/wp-content\/uploads\/2025\/07\/pol-espargaro-red-bull-ktm-tec.jpg\" alt=\"Pol Espargaro, Red Bull KTM Tech3&#10;\" width=\"1200\" height=\"800\" loading=\"lazy\"\/> <\/p>\n<p class=\"title\">Pol Espargar\u00f3<\/p>\n<p class=\"photographer\">Photo de: Tech 3<\/p>\n<p>Dimanche, Espargar\u00f3 a encore pris la neuvi\u00e8me place, mais au prix d&rsquo;une remont\u00e9e encore plus ardue. Un souci lors du d\u00e9part l&rsquo;a fait d\u00e9gringoler dans le classement et il n&rsquo;\u00e9tait que 19e \u00e0 la fin du premier tour\u00a0: \u00ab\u00a0Mon d\u00e9part a \u00e9t\u00e9 vraiment mauvais. Quand je fais des courses, je fais aussi des essais et on a essay\u00e9 un nouveau syst\u00e8me de d\u00e9part.\u00a0\u00bb<\/p>\n<p>\u00ab\u00a0[Samedi] il \u00e9tait bon, je pense qu&rsquo;il apporte un progr\u00e8s mais dans certains domaines, il nous manque des connaissances. Je l&rsquo;ai pay\u00e9 [dimanche], je n&rsquo;avais pas ces informations, j&rsquo;ai pris un tr\u00e8s mauvais d\u00e9part \u00e0 cause des connaissances sur l&#8217;embrayage, l&rsquo;\u00e9lectronique, etc. J&rsquo;\u00e9tais presque dernier, 20e.\u00a0\u00bb<\/p>\n<p>\u00ab\u00a0Ensuite, j&rsquo;avais le rythme pour \u00eatre avec Fabio [Quartararo] et Ra\u00fal [Fern\u00e1ndez], pour me battre pour la cinqui\u00e8me ou sixi\u00e8me place. En tout cas, je suis remont\u00e9 assez vite, j&rsquo;ai pris la neuvi\u00e8me place. Je peux dire que je suis satisfait.\u00a0\u00bb<\/p>\n<p>Espargar\u00f3 a en effet montr\u00e9 qu&rsquo;il \u00e9tait toujours dans le rythme&#8230; mais en quittant Brno, il restait frustr\u00e9 de ne pas avoir pu profiter de l&rsquo;avantage qu&rsquo;il pensait avoir pour les premiers essais\u00a0: \u00ab\u00a0La moto a \u00e9t\u00e9 bonne et elle a bien fonctionn\u00e9 ce week-end, d\u00e8s le d\u00e9but. C&rsquo;est dommage qu&rsquo;il y ait eu de la pluie le premier jour et qu&rsquo;on n&rsquo;ait pas pu passer en &lsquo;mode surprise&rsquo; pour entrer en Q2. Tout a \u00e9t\u00e9 un peu plus dur apr\u00e8s. C&rsquo;\u00e9tait bien, c&rsquo;\u00e9tait un bon week-end que j&rsquo;ai appr\u00e9ci\u00e9.\u00a0\u00bb<\/p>\n<blockquote>\n<p>On ne r\u00e9alise pas \u00e0 quel point c&rsquo;est dur et le niveau de risque que prennent ces gars tant qu&rsquo;on n&rsquo;est pas l&rsquo;un des leurs.<\/p>\n<\/blockquote>\n<p>L&rsquo;an pass\u00e9, Pol Espargar\u00f3 avait confi\u00e9 avoir eu <a href=\"https:\/\/fr.motorsport.com\/motogp\/news\/pol-espargaro-mal-prepare-stresse\/10625290\/\" target=\"_blank\" rel=\"noopener\">du mal \u00e0 appr\u00e9hender sa premi\u00e8re apparition en wild-card<\/a>, apr\u00e8s avoir perdu le contact direct avec les exigences de la comp\u00e9tition. De la pression au niveau n\u00e9cessaire en piste, chaque \u00e9l\u00e9ment peut poser difficult\u00e9 un pilote pr\u00e9sent ponctuellement. \u00c0 Brno, il a encore \u00e9t\u00e9 impressionn\u00e9 par le niveau des titulaires.<\/p>\n<p>\u00ab\u00a0Je peux vous dire que c&rsquo;\u00e9tait dur !\u00a0\u00bb, commentait-il apr\u00e8s les premiers essais vendredi. \u00ab\u00a0C&rsquo;\u00e9tait assez dur, on ne r\u00e9alise pas \u00e0 quel point c&rsquo;est dur et le niveau de risque que prennent ces gars tant qu&rsquo;on n&rsquo;est pas l&rsquo;un des leurs. C&rsquo;est fou. Dans la matin\u00e9e, le degr\u00e9 de risques \u00e9tait \u00e9lev\u00e9 dans des conditions mitig\u00e9es. Dans l&rsquo;apr\u00e8s-midi, il n&rsquo;y en avait pas tant.\u00a0\u00bb<\/p>\n<p>   <img decoding=\"async\" draggable=\"false\" src=\"https:\/\/www.europesays.com\/fr\/wp-content\/uploads\/2025\/07\/1753366874_215_pol-espargaro-red-bull-ktm-tec.jpg\" alt=\"Pol Espargaro, Red Bull KTM Tech3\" width=\"1200\" height=\"800\" loading=\"lazy\"\/> <\/p>\n<p class=\"title\">Pol Espargar\u00f3<\/p>\n<p class=\"photographer\">Photo de: Gold and Goose Photography \/ LAT Images \/ via Getty Images<\/p>\n<p>\u00ab\u00a0\u00c9videmment, on joue beaucoup avec la limite, avec l&rsquo;avant et l&rsquo;arri\u00e8re, mais la vitesse que prennent ces gars&#8230; Je viens de discuter avec Pedro [Acosta]. Au dernier tour, il m&rsquo;a doubl\u00e9 en freinant au virage 10, il est entr\u00e9 comme un fou. C&rsquo;\u00e9tait fou. Ces gars sont \u00e0 un autre niveau.\u00a0\u00bb<\/p>\n<p>\u00ab\u00a0Quand on manque quelques courses, on commence \u00e0 oublier les mauvaises choses et on ne se souvient que des bonnes choses\u00a0\u00bb, expliquait-il avant m\u00eame l&rsquo;entame des essais. \u00ab\u00a0Quand on arrive ici, on est super enthousiaste et toutes les mauvaises choses reviennent avec les bonnes ! On r\u00e9alise pourquoi on ne fait plus de course.\u00a0\u00bb<\/p>\n<p>Une fois le week-end termin\u00e9, c&rsquo;est n\u00e9anmoins la satisfaction qui pr\u00e9dominait\u00a0: \u00ab\u00a0J&rsquo;ai eu un peu de tout. Lors du sprint, j&rsquo;\u00e9tais super d\u00e9tendu, j&rsquo;ai pris beaucoup de plaisir. [Dimanche] en course, je me suis peut-\u00eatre mis trop de pression au d\u00e9part et je me suis manqu\u00e9 avec ce probl\u00e8me d&#8217;embrayage. Je l&rsquo;ai pay\u00e9 tr\u00e8s, tr\u00e8s cher en me retrouvant 20e. Puis je me suis calm\u00e9, je me suis dit &lsquo;Je suis l\u00e0 pour prendre du plaisir&rsquo; et tout est venu assez bien, assez facilement. Je suis tr\u00e8s content, il y a trois KTM dans le top 10, ce qui est incroyable.\u00a0\u00bb<\/p>\n<p>Lire aussi :<\/p>\n<p>Dans cet article<\/p>\n<p>Soyez le premier inform\u00e9 et souscrivez aux alertes mails pour recevoir les infos en temps r\u00e9el<\/p>\n<p>    S&rsquo;abonner aux alertes de news<\/p>\n","protected":false},"excerpt":{"rendered":"Pol Espargar\u00f3 a fait sa premi\u00e8re apparition de l&rsquo;ann\u00e9e \u00e0 Brno. Apr\u00e8s trois wild-cards l&rsquo;an pass\u00e9, l&rsquo;Espagnol se&hellip;\n","protected":false},"author":2,"featured_media":270622,"comment_status":"","ping_status":"","sticky":false,"template":"","format":"standard","meta":{"footnotes":""},"categories":[1413],"tags":[37813,1011,27,37812,1457,1456,1458,5129,60,3374],"class_list":{"0":"post-270621","1":"post","2":"type-post","3":"status-publish","4":"format-standard","5":"has-post-thumbnail","7":"category-moto","8":"tag-brno-circuit","9":"tag-fr","10":"tag-france","11":"tag-gp-de-ru00e9publique-tchu00e8que","12":"tag-moto","13":"tag-motocycle","14":"tag-motogp","15":"tag-pol-espargaru00f3","16":"tag-sports","17":"tag-tech-3"},"share_on_mastodon":{"url":"https:\/\/pubeurope.com\/@fr\/114908658678744472","error":""},"_links":{"self":[{"href":"https:\/\/www.europesays.com\/fr\/wp-json\/wp\/v2\/posts\/270621","targetHints":{"allow":["GET"]}}],"collection":[{"href":"https:\/\/www.europesays.com\/fr\/wp-json\/wp\/v2\/posts"}],"about":[{"href":"https:\/\/www.europesays.com\/fr\/wp-json\/wp\/v2\/types\/post"}],"author":[{"embeddable":true,"href":"https:\/\/www.europesays.com\/fr\/wp-json\/wp\/v2\/users\/2"}],"replies":[{"embeddable":true,"href":"https:\/\/www.europesays.com\/fr\/wp-json\/wp\/v2\/comments?post=270621"}],"version-history":[{"count":0,"href":"https:\/\/www.europesays.com\/fr\/wp-json\/wp\/v2\/posts\/270621\/revisions"}],"wp:featuredmedia":[{"embeddable":true,"href":"https:\/\/www.europesays.com\/fr\/wp-json\/wp\/v2\/media\/270622"}],"wp:attachment":[{"href":"https:\/\/www.europesays.com\/fr\/wp-json\/wp\/v2\/media?parent=270621"}],"wp:term":[{"taxonomy":"category","embeddable":true,"href":"https:\/\/www.europesays.com\/fr\/wp-json\/wp\/v2\/categories?post=270621"},{"taxonomy":"post_tag","embeddable":true,"href":"https:\/\/www.europesays.com\/fr\/wp-json\/wp\/v2\/tags?post=270621"}],"curies":[{"name":"wp","href":"https:\/\/api.w.org\/{rel}","templated":true}]}}