{"id":270625,"date":"2025-07-24T14:23:12","date_gmt":"2025-07-24T14:23:12","guid":{"rendered":"https:\/\/www.europesays.com\/fr\/270625\/"},"modified":"2025-07-24T14:23:12","modified_gmt":"2025-07-24T14:23:12","slug":"en-direct-tour-de-france-2025-vingegaard-met-pogacar-sous-pression-place-a-la-bagarre-dans-le-dernier-col-de-letape-reine-des-alpes","status":"publish","type":"post","link":"https:\/\/www.europesays.com\/fr\/270625\/","title":{"rendered":"EN DIRECT &#8211; Tour de France 2025 : Vingegaard met Pogacar sous pression&#8230; Place \u00e0 la bagarre dans le dernier col de l\u2019\u00e9tape-reine des Alpes"},"content":{"rendered":"<p>\n        16:18\n            <\/p>\n<p class=\"fig-live-post__title\" role=\"heading\" aria-level=\"3\">Lipowitz s\u2019\u00e9chappe<\/p>\n<p class=\"fig-paragraph\">Vingegaard et Pogacar sont \u00e0 plus de 3 minutes de l\u2019Allemand qui prend le large et rattrape les deux leaders au classement.<\/p>\n<p>\n        16:15\n            <\/p>\n<p class=\"fig-live-post__title\" role=\"heading\" aria-level=\"3\">Attaque de Felix Gall !<\/p>\n<p class=\"fig-paragraph\">L\u2019Autrichien passe \u00e0 l\u2019offensive, en vain. Pogacar, Vingegaard et Roglic ne le laissent pas s\u2019\u00e9chapper alors que les coureurs attaquent le col de la Loze. Il reste 26 km.<\/p>\n<p>\n        16:14\n            <\/p>\n<p class=\"fig-live-post__title\" role=\"heading\" aria-level=\"3\">Vauquelin a repris du temps<\/p>\n<p class=\"fig-paragraph\">Le Fran\u00e7ais a rejoint le troisi\u00e8me groupe, \u00e0 moins de deux minutes du maillot jaune.<\/p>\n<p>\n        16:12\n            <\/p>\n<p class=\"fig-live-post__title\" role=\"heading\" aria-level=\"3\">L\u2019interminable col de la Loze<\/p>\n<p class=\"fig-paragraph\">Place \u00e0 la tr\u00e8s longue derni\u00e8re ascension du jour. Les coureurs s\u2019appr\u00eatent \u00e0 entamer la mont\u00e9e du col de la Loze. L\u2019altitude maximale sera de pr\u00e8s de 2300 m\u00e8tres. Au programme\u00a0: 26,5 kilom\u00e8tres \u00e0 6,4% de moyenne.<\/p>\n<p>    Le col de la Loze<br \/>\n                Procyclingstats<\/p>\n<p>\n        16:08\n            <\/p>\n<p class=\"fig-live-post__title\" role=\"heading\" aria-level=\"3\">Les \u00e9chapp\u00e9s creusent l\u2019\u00e9cart<\/p>\n<p class=\"fig-paragraph\">Jorgenson, Rubio et O\u2019Connor ont un peu plus d\u2019une minute trente d\u2019avance sur un Florian Lipowitz \u00e0 l\u2019offensive. Il a pris de l\u2019avance sur les cadors Pogacar et Vingegaard, accompagn\u00e9s d\u2019Arensman, de Roglic et de Gall. Il reste 31 km.<\/p>\n<p>    Thymen Arensman<br \/>\n                Sarah Meyssonnier \/ REUTERS<\/p>\n<p>\n        16:03\n            <\/p>\n<p class=\"fig-live-post__title\" role=\"heading\" aria-level=\"3\">Le duel Pogacar-Vingegaard, les soup\u00e7ons de dopage, les chances qu\u2019un Fran\u00e7ais gagne le Tour&#8230; Les v\u00e9rit\u00e9s de Thomas Voeckler au Figaro<\/p>\n<p class=\"fig-paragraph\"><strong>ENTRETIEN &#8211;\u00a0Observateur privil\u00e9gi\u00e9 du Tour apr\u00e8s en avoir \u00e9t\u00e9 un acteur ador\u00e9 entre 2003 et 2017, le s\u00e9lectionneur de l\u2019\u00e9quipe de France balaie l\u2019actualit\u00e9 de l\u2019\u00e9v\u00e9nement.<\/strong><\/p>\n<p class=\"fig-paragraph\">Apr\u00e8s une sortie \u00e0 v\u00e9lo de deux heures,\u00a0<a href=\"http:\/\/www.lefigaro.fr\/sports\/cyclisme\/cyclisme-pour-moi-il-n-y-a-pas-de-hierarchie-entre-les-championnats-du-monde-et-le-championnat-d-europe-assure-thomas-voeckler-20250629\" target=\"_blank\" data-fig-type=\"NewsFlash\" rel=\"noopener\" data-gtm-custom-categorie=\"navigation\" data-gtm-custom-action=\"crossclick\" data-gtm-custom-label=\"Contextuel\" data-gtm-event=\"customEventSPE\" data-fig-domain=\"LEFIGARO\">Thomas Voeckler, s\u00e9lectionneur de l\u2019\u00e9quipe de France<\/a>, a, mercredi \u00e0 Boll\u00e8ne, particip\u00e9 \u00e0 la pr\u00e9sentation des championnats d\u2019Europe dans la Dr\u00f4me et dans l\u2019Ard\u00e8che, du 1er\u00a0au 5\u00a0octobre&#8230;<\/p>\n<p class=\"fig-paragraph\">L\u2019article de nos envoy\u00e9s sp\u00e9ciaux Gilles Festor et Jean-Julien Ezvan est\u00a0<a href=\"http:\/\/www.lefigaro.fr\/sports\/cyclisme\/tour-de-france\/thomas-voeckler-un-vainqueur-francais-sur-le-tour-pas-l-an-prochain-ni-dans-deux-ans-peut-etre-apres-20250723\" data-fig-type=\"Article\" data-gtm-custom-categorie=\"navigation\" data-gtm-custom-action=\"crossclick\" data-gtm-custom-label=\"Contextuel\" data-gtm-event=\"customEventSPE\" data-fig-domain=\"LEFIGARO\" target=\"_blank\" rel=\"noopener\">\u00e0 retrouver ici.<\/a><\/p>\n<p>\n        15:58\n            <\/p>\n<p class=\"fig-live-post__title\" role=\"heading\" aria-level=\"3\">Les leaders ont ralenti<\/p>\n<p class=\"fig-paragraph\">La descente est termin\u00e9e. Pogacar et Vingegaard s\u2019observent, il reste quelques kilom\u00e8tres avant d\u2019attaquer le col de la Loze. Jorgenson, O\u2019Connor et Rubio prennent le large en t\u00eate avec 40 secondes d\u2019avance sur les deux cadors.<\/p>\n<p>\n        15:54\n            <\/p>\n<p class=\"fig-live-post__title\" role=\"heading\" aria-level=\"3\">Tour de France : piscines improvis\u00e9es, jet de sacs de patates et v\u00e9los suspendus dans les airs, Lou Anne, 29 ans, raconte la vie de caravani\u00e8re<\/p>\n<p class=\"fig-paragraph\"><strong>UN JOUR, UN M\u00c9TIER\u00a0&#8211; Tout au long du Tour de France, Le Figaro va \u00e0 la rencontre de ceux qui font le Tour \u00e0 l\u2019ombre des coureurs.<\/strong><\/p>\n<p class=\"fig-paragraph\">\u00ab\u00a0Des \u00e9tapes avec une super m\u00e9t\u00e9o, un monde de dingue et un paysage incroyable avec ce panorama incroyable, on en redemande\u00a0\u00bb. M\u00eame si elle reconna\u00eet qu\u2019apr\u00e8s deux semaines de course, son corps \u00ab\u00a0commence \u00e0 faire des appels de phare\u00a0\u00bb&#8230;<\/p>\n<p class=\"fig-body-link\">\n            \u00c0 lire aussi<br \/>\n        <a class=\"fig-body-link__link\" href=\"http:\/\/www.lefigaro.fr\/sports\/cyclisme\/tour-de-france\/tour-de-france-piscines-improvisees-jet-de-sac-de-patates-et-velos-suspendus-dans-les-airs-lou-anne-29-ans-raconte-sa-vie-de-caravaniere-20250724\" data-fig-type=\"NewsFlash\" rel=\"nofollow noopener\" data-gtm-custom-categorie=\"navigation\" data-gtm-custom-action=\"crossclick\" data-gtm-custom-label=\"Contextuel\" data-gtm-event=\"customEventSPE\" data-fig-domain=\"LEFIGARO\" target=\"_blank\">Tour de France\u00a0: piscines improvis\u00e9es, jet de sacs de patates et v\u00e9los suspendus dans les airs, Lou Anne, 29 ans, raconte la vie de caravani\u00e8re<br \/>\n    <\/a>\n<\/p>\n<p>\n        15:49\n            <\/p>\n<p class=\"fig-live-post__title\" role=\"heading\" aria-level=\"3\">Plus que 45 km<\/p>\n<p class=\"fig-paragraph\">Les sept hommes de t\u00eate continuent de descendre \u00e0 grande vitesse. Lipowitz les suit \u00e0 distance. Le groupe d\u2019Oscar Onley compte deux minutes 50 de retard quand celui de Vauquelin est \u00e0 plus de quatre minutes vingt.<\/p>\n<p>    Les coureurs se dirigent vers le col de la Loze.<br \/>\n                Belga \/ Icon Sport<\/p>\n<p>\n        15:43\n            <\/p>\n<p class=\"fig-live-post__title\" role=\"heading\" aria-level=\"3\">Jorgenson \u00e0 bloc dans la descente<\/p>\n<p class=\"fig-paragraph\">L\u2019Am\u00e9ricain est \u00e0 fond sur les pentes du col de la Madeleine. Les six autres hommes de t\u00eate le suivent de pr\u00e8s. Jorgenson ne veut pas laisser d\u2019autres coureurs rejoindre l\u2019\u00e9chapp\u00e9e. Et \u00e7a fonctionne, Florian Lipowitz perd du temps, de m\u00eame que Thymen Arensman.<\/p>\n<p>    Florian Lipowitz compte plus d\u2019une minute de retard sur les \u00e9chapp\u00e9s.<br \/>\n                Benoit Tessier \/ REUTERS<\/p>\n<p>\n        15:38\n            <\/p>\n<p class=\"fig-live-post__title\" role=\"heading\" aria-level=\"3\">\u00abWallah, je vais gagner la course !\u00bb : un individu plac\u00e9 en garde \u00e0 vue apr\u00e8s avoir perturb\u00e9 l\u2019arriv\u00e9e de la 17e \u00e9tape<\/p>\n<p class=\"fig-paragraph\"><strong>\u00c0 quelques m\u00e8tres de l\u2019arriv\u00e9e de la 17e \u00e9tape du Tour de France un homme de 31 ans s\u2019est invit\u00e9 sur le parcours. La vid\u00e9o a \u00e9t\u00e9 post\u00e9e sur TikTok.<\/strong><\/p>\n<p class=\"fig-paragraph\">Voil\u00e0 une blague qui aurait pu mal finir. Alors que la\u00a0<a href=\"http:\/\/www.lefigaro.fr\/vox\/societe\/michel-bernard-le-tour-de-france-un-rendez-vous-avec-l-enfance-20250723\" target=\"_blank\" data-fig-type=\"Article\" rel=\"noopener\" data-gtm-custom-categorie=\"navigation\" data-gtm-custom-action=\"crossclick\" data-gtm-custom-label=\"Contextuel\" data-gtm-event=\"customEventSPE\" data-fig-domain=\"LEFIGARO\">17e \u00e9tape du Tour de France\u00a0<\/a>\u00e9tait sur le point de se terminer, un coureur amateur s\u2019est invit\u00e9 sur la ligne, voulant lever les bras comme s\u2019il avait gagn\u00e9 l\u2019\u00e9tape&#8230;<\/p>\n<p class=\"fig-body-link\">\n            \u00c0 lire aussi<br \/>\n        <a class=\"fig-body-link__link\" href=\"http:\/\/www.lefigaro.fr\/sports\/cyclisme\/tour-de-france\/wallah-je-vais-gagner-la-course-un-individu-place-en-garde-a-vue-apres-avoir-perturbe-l-arrivee-de-la-17e-etape-20250724\" data-fig-type=\"NewsFlash\" rel=\"nofollow noopener\" data-gtm-custom-categorie=\"navigation\" data-gtm-custom-action=\"crossclick\" data-gtm-custom-label=\"Contextuel\" data-gtm-event=\"customEventSPE\" data-fig-domain=\"LEFIGARO\" target=\"_blank\">\u00abWallah, je vais gagner la course\u00a0!\u00bb\u00a0: un individu plac\u00e9 en garde \u00e0 vue apr\u00e8s avoir perturb\u00e9 l\u2019arriv\u00e9e de la 17e \u00e9tape<br \/>\n    <\/a>\n<\/p>\n<p>\n        15:33\n            <\/p>\n<p class=\"fig-live-post__title\" role=\"heading\" aria-level=\"3\">60 kilom\u00e8tres de l\u2019arriv\u00e9e<\/p>\n<p class=\"fig-paragraph\">Jorgenson est devant dans la descente et emm\u00e8ne son co\u00e9quipier Vingegaard avec lui. Pogacar est juste derri\u00e8re. Ils sont toujours sept en t\u00eate.<\/p>\n<p class=\"fig-paragraph\">Le peloton est \u00e0 plus de deux minutes dix, Vauquelin \u00e0 quatre et Healy \u00e0 cinq minutes.<\/p>\n<p>    Tadej Pogacar<br \/>\n                Sarah Meyssonnier \/ REUTERS<\/p>\n<p>\n        15:29\n            <\/p>\n<p class=\"fig-live-post__title\" role=\"heading\" aria-level=\"3\">Vingegaard devant Pogacar au sommet !<\/p>\n<p class=\"fig-paragraph\">Le Danois empoche les vingt points devant Pogacar, ce qui permet \u00e0 Martinez de garder le maillot \u00e0 pois pour le moment.<\/p>\n<p>\n        15:25\n            <\/p>\n<p class=\"fig-live-post__title\" role=\"heading\" aria-level=\"3\">Dernier kilom\u00e8tre d\u2019ascension<\/p>\n<p class=\"fig-paragraph\">Les huit \u00e9chapp\u00e9s conservent 40 secondes d\u2019avance sur un Florian Lipowitz esseul\u00e9. L\u2019Allemand n\u2019a pas pu suivre Vingegaard et Pogacar. Arensman a aussi craqu\u00e9.<\/p>\n<p class=\"fig-paragraph\">Le groupe de dix coureurs men\u00e9 par Oscar Onley, quatri\u00e8me du g\u00e9n\u00e9ral, compte deux minutes de retard sur la t\u00eate de course. Vauquelin est lui \u00e0 plus de trois minutes quarante.<\/p>\n<p>\n        15:21\n            <\/p>\n<p class=\"fig-live-post__title\" role=\"heading\" aria-level=\"3\">Tour de France : \u00abManger la luzerne\u00bb, \u00absaler la soupe\u00bb, \u00abfumer la pipe\u00bb, \u00eates-vous incollable sur les expressions du v\u00e9lo ?<\/p>\n<p class=\"fig-paragraph\"><strong>QUIZ\u00a0&#8211; Vous pensez conna\u00eetre sur le bout des doigts le jargon du cyclisme avant le Tour de France\u00a0? Le Figaro vous met au d\u00e9fi de faire le score parfait avec ce quiz.<\/strong><\/p>\n<p class=\"fig-paragraph\">Le Tour de France c\u00e9l\u00e8bre cette ann\u00e9e sa 112e \u00e9dition\u00a0<a href=\"https:\/\/www.lefigaro.fr\/sports\/cyclisme\/tour-de-france\/parcours\" target=\"_blank\" rel=\"noopener\" data-gtm-custom-categorie=\"navigation\" data-gtm-custom-action=\"crossclick\" data-gtm-custom-label=\"Contextuel\" data-gtm-event=\"customEventSPE\">au d\u00e9part de Lille avec une arriv\u00e9e programm\u00e9e \u00e0 Paris le 27 juillet<\/a>. Plus d\u2019un si\u00e8cle d\u2019histoire au cours duquel le v\u00e9lo a collectionn\u00e9 les expressions savoureuses&#8230;<\/p>\n<p class=\"fig-paragraph\"><a href=\"https:\/\/engage.collectiveaudience.co\/5bc7634c46e0fb0001c30a6c\/648c92301165ad532be90e2c\" target=\"_blank\" rel=\"noopener\" data-gtm-custom-categorie=\"navigation\" data-gtm-custom-action=\"crossclick\" data-gtm-custom-label=\"Contextuel\" data-gtm-event=\"customEventSPE\">Cliquez ici<\/a>\u00a0pour tester vos connaissances.<\/p>\n<p>\n        15:17\n            <\/p>\n<p class=\"fig-live-post__title\" role=\"heading\" aria-level=\"3\">Les deux cadors en t\u00eate de course<\/p>\n<p class=\"fig-paragraph\">Gr\u00e2ce \u00e0 l\u2019attaque de Jonas Vingegaard, Tadej Pogacar et le Danois ont pu revenir sur les \u00e9chapp\u00e9s. Ils sont huit en t\u00eate. Le sommet du col de la Madeleine est dans 3 km, 70 bornes pour l\u2019arriv\u00e9e.<\/p>\n<p class=\"fig-paragraph\">Le Slov\u00e8ne n\u2019a pas d\u2019\u00e9quipier avec lui contrairement \u00e0 Vingegaard qui a Jorgenson.<\/p>\n<p>\n        15:14\n            <\/p>\n<p class=\"fig-live-post__title\" role=\"heading\" aria-level=\"3\">Vingegaard \u00e0 l\u2019attaque !!<\/p>\n<p class=\"fig-paragraph\">Alors que Florian Lipowitz vient de craquer, Jonas Vingegaard tente de l\u00e2cher son rival Tadej Pogacar, sans grand succ\u00e8s pour le moment. Le Slov\u00e8ne suit le double vainqueur du Tour comme son ombre.<\/p>\n<p>\n        15:11\n            <\/p>\n<p class=\"fig-live-post__title\" role=\"heading\" aria-level=\"3\">Le groupe maillot jaune revient<\/p>\n<p class=\"fig-paragraph\">Le peloton ne compte plus qu\u2019une minute de retard sur les six \u00e9chapp\u00e9s, Alex Baudin vient de craquer. Il reste 5 km de mont\u00e9e dans le col de la Madeleine, peut-\u00eatre assez pour rattraper les hommes de t\u00eate avant le sommet. De son c\u00f4t\u00e9, K\u00e9vin Vauquelin est \u00e0 pr\u00e8s de deux minutes du groupe de Pogacar et Vingegaard.<\/p>\n<p>\n        15:06\n            <\/p>\n<p class=\"fig-live-post__title\" role=\"heading\" aria-level=\"3\">Wellens repris par le peloton<\/p>\n<p class=\"fig-paragraph\">Le Belge a \u00e9t\u00e9 l\u2019auteur de la premi\u00e8re attaque du jour apr\u00e8s le sprint interm\u00e9diaire de Rip\u00e9rioux au 23e kilom\u00e8tre. Il a ensuite tenu bon en t\u00eate avant de subir un probl\u00e8me m\u00e9canique. Wellens avait rattrap\u00e9 les poursuivants mais n\u2019a pas pu les suivre lorsqu\u2019ils rattrapaient les \u00e9chapp\u00e9s. Le peloton vient donc de revenir sur lui. Plus que 7 km d\u2019ascension.<\/p>\n<p>    Tim Wellens<br \/>\n                Sarah Meyssonnier \/ REUTERS<\/p>\n<p>\n        15:01\n            <\/p>\n<p class=\"fig-live-post__title\" role=\"heading\" aria-level=\"3\">Vauquelin perd du terrain<\/p>\n<p class=\"fig-paragraph\">K\u00e9vin Vauquelin ne peut pas suivre le rythme des leaders du g\u00e9n\u00e9ral. Il est \u00e0 40 secondes de Vingegaard et Pogacar, eux-m\u00eames \u00e0 une minute cinquante des \u00e9chapp\u00e9s. Il reste 75 km dont 8 dans le col de la Madeleine.<\/p>\n<p>\n        14:57\n            <\/p>\n<p class=\"fig-live-post__title\" role=\"heading\" aria-level=\"3\">Armirail en grande forme<\/p>\n<p class=\"fig-paragraph\">Le Fran\u00e7ais ram\u00e8ne son \u00e9quipier Felix Gall vers le groupe de t\u00eate et emm\u00e8ne Primoz Roglic avec lui. C\u2019est la deuxi\u00e8me fois qu\u2019il aide d\u2019autres coureurs aujourd\u2019hui. Armirail a l\u2019air tr\u00e8s \u00e0 l\u2019aise.<\/p>\n<p>\n        14:53\n            <\/p>\n<p class=\"fig-live-post__title\" role=\"heading\" aria-level=\"3\">Tour de France : Thibaut Pinot critique l\u2019attitude de Lenny Martinez apr\u00e8s \u00abun bidon coll\u00e9\u00bb<\/p>\n<p class=\"fig-paragraph\"><strong>Le Fran\u00e7ais, maillot \u00e0 pois, a \u00e9t\u00e9 surpris en train de faire un (long) bidon coll\u00e9 pour s\u2019\u00e9conomiser \u00e0 quelques kilom\u00e8tres du sommet du col du Glandon, lors de la 18e \u00e9tape du Tour de France.<\/strong><\/p>\n<p class=\"fig-paragraph\">Une attitude qui suscite la pol\u00e9mique. En difficult\u00e9 dans le groupe de t\u00eate, ce jeudi, dans la\u00a0<a href=\"https:\/\/www.lefigaro.fr\/sports\/cyclisme\/tour-de-france\/en-direct-tour-de-france-2025-3-cols-hors-categorie-5-450-metres-de-denivele-l-etape-reine-dans-les-alpes-promet-du-grand-spectacle-20250724\" target=\"_blank\" data-fig-type=\"Live\" rel=\"noopener\" data-gtm-custom-categorie=\"navigation\" data-gtm-custom-action=\"crossclick\" data-gtm-custom-label=\"Contextuel\" data-gtm-event=\"customEventSPE\" data-fig-domain=\"LEFIGARO\">18e \u00e9tape<\/a>\u00a0du\u00a0<a href=\"http:\/\/www.lefigaro.fr\/sports\/cyclisme\/tour-de-france\/tour-de-france-tadej-pogacar-victime-d-une-chute-avant-le-debut-de-la-18e-etape-20250724\" target=\"_blank\" data-fig-type=\"NewsFlash\" rel=\"noopener\" data-gtm-custom-categorie=\"navigation\" data-gtm-custom-action=\"crossclick\" data-gtm-custom-label=\"Contextuel\" data-gtm-event=\"customEventSPE\" data-fig-domain=\"LEFIGARO\">Tour de France<\/a>,\u00a0<a href=\"http:\/\/www.lefigaro.fr\/sports\/cyclisme\/tour-de-france\/tour-de-france-je-suis-encore-tres-tres-loin-de-gagner-c-est-impossible-pour-l-instant-lenny-martinez-vise-les-victoires-d-etapes-20250702\" target=\"_blank\" data-fig-type=\"NewsFlash\" rel=\"noopener\" data-gtm-custom-categorie=\"navigation\" data-gtm-custom-action=\"crossclick\" data-gtm-custom-label=\"Contextuel\" data-gtm-event=\"customEventSPE\" data-fig-domain=\"LEFIGARO\">Lenny Martinez<\/a>\u00a0a r\u00e9alis\u00e9 un \u00abbidon coll\u00e9\u00bb \u00e0 quelques kilom\u00e8tres du sommet du col du Glandon avant d\u2019aller&#8230;<\/p>\n<p class=\"fig-paragraph\">La suite de l\u2019article est\u00a0<a href=\"http:\/\/www.lefigaro.fr\/sports\/cyclisme\/tour-de-france\/tour-de-france-quand-thibaut-pinot-critique-l-attitude-de-lenny-martinez-apres-un-bidon-colle-20250724\" data-fig-type=\"NewsFlash\" data-gtm-custom-categorie=\"navigation\" data-gtm-custom-action=\"crossclick\" data-gtm-custom-label=\"Contextuel\" data-gtm-event=\"customEventSPE\" data-fig-domain=\"LEFIGARO\" target=\"_blank\" rel=\"noopener\">disponible ici.<\/a><\/p>\n<p>\n        14:49\n            <\/p>\n<p class=\"fig-live-post__title\" role=\"heading\" aria-level=\"3\">Le groupe de Roglic a repris les \u00e9chapp\u00e9s<\/p>\n<p class=\"fig-paragraph\">Ils sont d\u00e9sormais huit \u00e0 mener la course. Jorgenson et Arensman ont vu Roglic, Gall, Armirail et les autres revenir sur eux. Les \u00e9chapp\u00e9s comptent maintenant une minute 35 sur leurs plus proches poursuivants. Martinez est compl\u00e8tement d\u00e9croch\u00e9 \u00e0 5 minutes 20.<\/p>\n<p>    Matteo Jorgenson (\u00e0 droite)<br \/>\n                Sarah Meyssonnier \/ REUTERS<\/p>\n<p>\n        14:44\n            <\/p>\n<p class=\"fig-live-post__title\" role=\"heading\" aria-level=\"3\">Van Aert r\u00e9veille le peloton<\/p>\n<p class=\"fig-paragraph\">Le Belge essaie d\u2019imprimer un rythme plus \u00e9lev\u00e9 pour rattraper les poursuivants et \u00e9chapp\u00e9s. Il est suivi par les cadors Vingegaard et Pogacar, accompagn\u00e9s par plusieurs de leurs \u00e9quipiers. Le peloton compte trois minutes dix de retard sur les hommes de t\u00eate.<\/p>\n<p>    Wout Van Aert (\u00e0 gauche)<br \/>\n                Sarah Meyssonnier \/ REUTERS<\/p>\n<p>\n        14:40\n            <\/p>\n<p class=\"fig-live-post__title\" role=\"heading\" aria-level=\"3\">Un record pour Martinez<\/p>\n<p class=\"fig-paragraph\">Le tricolore vient de devenir le plus jeune coureur \u00e0 passer le col du Glandon en t\u00eate \u00e0 22 ans et 13 jours. Il d\u00e9tr\u00f4ne un autre fran\u00e7ais\u00a0: Richard Virenque qui avait 24 ans, huit mois et un jour quand il l\u2019a fait en 1994.<\/p>\n<p class=\"fig-paragraph\">Dans le m\u00eame temps, Lenny Martinez craque compl\u00e8tement et est m\u00eame repris par le peloton.<\/p>\n<p>\n        14:35\n            <\/p>\n<p class=\"fig-live-post__title\" role=\"heading\" aria-level=\"3\">Abandon d\u2019Enric Mas<\/p>\n<p class=\"fig-paragraph\">L\u2019Espagnol semblait en difficult\u00e9 depuis le d\u00e9but de l\u2019\u00e9tape et s\u2019arr\u00eate ici. Le coureur de chez Movistar a failli remporter la seizi\u00e8me \u00e9tape du Tour au Mont Ventoux mais a finalement d\u00fb s\u2019incliner devant Valentin Paret-Peintre et Ben Healy.<\/p>\n<p>    Enric Mas<br \/>\n                Sarah Meyssonnier \/ REUTERS<\/p>\n<p>\n        14:30\n            <\/p>\n<p class=\"fig-live-post__title\" role=\"heading\" aria-level=\"3\">85 km de l\u2019arriv\u00e9e<\/p>\n<p class=\"fig-paragraph\">Les coureurs forment toujours cinq groupes diff\u00e9rents. Jorgenson et Arensman ont 30 secondes d\u2019avance et s\u2019appr\u00eatent \u00e0 attaquer l\u2019ascension du col de la Madeleine. Tim Wellens a r\u00e9ussi \u00e0 r\u00e9int\u00e9grer le groupe des poursuivants apr\u00e8s son incident m\u00e9canique. UAE pousse dans le peloton.<\/p>\n<p>    L\u2019\u00e9quipe de Pogacar m\u00e8ne le peloton.<br \/>\n                Sarah Meyssonnier \/ REUTERS<\/p>\n<p>\n        14:25\n            <\/p>\n<p class=\"fig-live-post__title\" role=\"heading\" aria-level=\"3\">Deuxi\u00e8me difficult\u00e9 du jour<\/p>\n<p class=\"fig-paragraph\">Le col de la Madeleine approche \u00e0 grands pas. 19,3 kilom\u00e8tres d\u2019ascension \u00e0 presque 8% de moyenne. 20 points sont \u00e0 r\u00e9cup\u00e9rer au sommet.<\/p>\n<p>\n        14:19\n            <\/p>\n<p class=\"fig-live-post__title\" role=\"heading\" aria-level=\"3\">5 groupes distincts<\/p>\n<p class=\"fig-paragraph\">Matteo Jorgenson et Thymen Arensman sont seuls en t\u00eate. Ils ont 10 secondes d\u2019avance sur leurs comp\u00e8res d\u2019\u00e9chapp\u00e9e.<\/p>\n<p class=\"fig-paragraph\">Trois poursuivants dont Lenny Martinez et Alex Baudin sont 25 secondes plus loin.<\/p>\n<p class=\"fig-paragraph\">Jordan Jegat emm\u00e8ne un quatri\u00e8me groupe de six coureurs \u00e0 une minute 20 des \u00e9chapp\u00e9s.<\/p>\n<p class=\"fig-paragraph\">Le peloton descend tranquillement les pentes du col du Glandon \u00e0 deux minutes trente des hommes de t\u00eate.<\/p>\n<p>\n        14:15\n            <\/p>\n<p class=\"fig-live-post__title\" role=\"heading\" aria-level=\"3\">La vitesse de Martinez<\/p>\n<p class=\"fig-paragraph\">Le maillot \u00e0 pois a r\u00e9ussi \u00e0 reprendre 17 points d\u2019avance sur son plus proche poursuivant. Il a atteint une vitesse moyenne de 25,5 km\/h dans le col du Glandon.<\/p>\n<p>\n        14:11\n            <\/p>\n<p class=\"fig-live-post__title\" role=\"heading\" aria-level=\"3\">Du plus soporifique au plus excitant, notre classement des \u00e9ditions du Tour de France au 21e si\u00e8cle<\/p>\n<p class=\"fig-paragraph\"><strong>DIAPORAMA\u00a0&#8211; L\u2019\u00e9motion et l\u2019espoir fran\u00e7ais en 2019, le sc\u00e9nario renversant de 2011, la rivalit\u00e9 Pogacar-Vingegaard n\u00e9e en 2022&#8230; D\u00e9couvrez notre classement des meilleurs (ou moins bons) opus de la Grande Boucle depuis le d\u00e9but du si\u00e8cle.<\/strong><\/p>\n<p class=\"fig-paragraph\">Chaque \u00e9t\u00e9,\u00a0<a href=\"https:\/\/www.lefigaro.fr\/sports\/cyclisme\/tour-de-france\/en-direct-tour-de-france-suivez-le-grand-depart-de-lille-metropole-avec-une-premiere-etape-promise-aux-sprinteurs-20250705\" target=\"_blank\" data-fig-type=\"Live\" rel=\"noopener\" data-gtm-custom-categorie=\"navigation\" data-gtm-custom-action=\"crossclick\" data-gtm-custom-label=\"Contextuel\" data-gtm-event=\"customEventSPE\" data-fig-domain=\"LEFIGARO\">le grand d\u00e9part du Tour de France<\/a>\u00a0fait remonter de nombreux souvenirs \u00e0 tous les amateurs de v\u00e9lo au d\u00e9but du mois de juillet. \u00c9piques victoires fran\u00e7aises, empoignades entre favoris au classement g\u00e9n\u00e9ral&#8230;<\/p>\n<p class=\"fig-paragraph\">Le diaporama complet est<a href=\"http:\/\/www.lefigaro.fr\/sports\/cyclisme\/tour-de-france\/du-plus-soporifique-au-plus-excitant-notre-classement-des-editions-du-tour-de-france-au-21e-siecle-20250712\" data-fig-type=\"NewsFlash\" data-gtm-custom-categorie=\"navigation\" data-gtm-custom-action=\"crossclick\" data-gtm-custom-label=\"Contextuel\" data-gtm-event=\"customEventSPE\" data-fig-domain=\"LEFIGARO\" target=\"_blank\" rel=\"noopener\">\u00a0disponible ici.<\/a><\/p>\n<p>\n        14:07\n            <\/p>\n<p class=\"fig-live-post__title\" role=\"heading\" aria-level=\"3\">Martinez empoche les 20 points<\/p>\n<p class=\"fig-paragraph\">Le Fran\u00e7ais a pass\u00e9 le col du Glandon en t\u00eate devant un Thymen Arensman qui n\u2019a pas forc\u00e9. Le maillot \u00e0 pois compte maintenant 80 points contre 63 pour le Belge et 60 pour Pogacar.<\/p>\n<p>\n        14:03\n            <\/p>\n<p class=\"fig-live-post__title\" role=\"heading\" aria-level=\"3\">Dernier kilom\u00e8tre de mont\u00e9e<\/p>\n<p class=\"fig-paragraph\">Les coureurs se replacent et commencent \u00e0 acc\u00e9l\u00e9rer, notamment Lenny Martinez. Arensman semble \u00eatre le plus fort. Wellens a d\u00fb s\u2019arr\u00eater pour changer de v\u00e9lo. Le Belge a eu un probl\u00e8me m\u00e9canique.<\/p>\n<p>\n        13:57\n            <\/p>\n<p class=\"fig-live-post__title\" role=\"heading\" aria-level=\"3\">Plus que 4km d\u2019ascension<\/p>\n<p class=\"fig-paragraph\">Les \u00e9chapp\u00e9s ne sont plus que 13, Lenny Martinez tient bon. Les poursuivants sont 50 secondes derri\u00e8re. Alex Baudin, Jordan Jegat et Cl\u00e9ment Champoussin en font partie. Le peloton compte 2 minutes de retard sur les hommes de t\u00eate.<\/p>\n<p>\n        13:51\n            <\/p>\n<p class=\"fig-live-post__title\" role=\"heading\" aria-level=\"3\">Course au podium, Vauquelin, Montmartre\u2026 Les myst\u00e8res de la troisi\u00e8me semaine du Tour de France<\/p>\n<p class=\"fig-paragraph\"><strong>D\u00c9CRYPTAGE\u00a0&#8211; Si Tadej Pogacar a tu\u00e9 tout suspense jusqu\u2019\u00e0 maintenant, des enjeux existent avant l\u2019arriv\u00e9e \u00e0 Paris dimanche.<\/strong><\/p>\n<p class=\"fig-paragraph\">Le Tour l\u2019a rappel\u00e9 ce dimanche lors de la 15e\u00a0\u00e9tape entre Muret et Carcassonne (remport\u00e9e en solitaire par le Belge Tim Wellens, un des maillons forts du Maillot jaune<a href=\"http:\/\/www.lefigaro.fr\/sports\/cyclisme\/tour-de-france\/contre-la-montre-a-peyragudes-le-nouveau-tour-de-force-de-tadej-pogacar-20250718\" target=\"_blank\" data-fig-type=\"Article\" rel=\"noopener\" data-gtm-custom-categorie=\"navigation\" data-gtm-custom-action=\"crossclick\" data-gtm-custom-label=\"Contextuel\" data-gtm-event=\"customEventSPE\" data-fig-domain=\"LEFIGARO\">\u00a0Tadej Pogacar<\/a>), une chute peut jouer au chamboule-tout&#8230;<\/p>\n<p class=\"fig-body-link\">\n            \u00c0 lire aussi<br \/>\n        <a class=\"fig-body-link__link fig-premium-mark\" href=\"http:\/\/www.lefigaro.fr\/sports\/cyclisme\/tour-de-france\/course-au-podium-vauquelin-montmartre-les-mysteres-de-la-troisieme-semaine-du-tour-de-france-20250720\" data-fig-type=\"Article\" rel=\"nofollow noopener\" data-gtm-custom-categorie=\"navigation\" data-gtm-custom-action=\"crossclick\" data-gtm-custom-label=\"Contextuel\" data-gtm-event=\"customEventSPE\" data-fig-domain=\"LEFIGARO\" target=\"_blank\">Course au podium, Vauquelin, Montmartre\u2026 Les myst\u00e8res de la troisi\u00e8me semaine du Tour de France<br \/>\n    <\/a>\n<\/p>\n<p>\n        13:47\n            <\/p>\n<p class=\"fig-live-post__title\" role=\"heading\" aria-level=\"3\">Martinez est en train de craquer<\/p>\n<p class=\"fig-paragraph\">Le Fran\u00e7ais a beaucoup de mal \u00e0 suivre les autres \u00e9chapp\u00e9s. Le rythme imprim\u00e9 par des coureurs comme Thymen Arensman est impressionnant.<\/p>\n<p>\n        13:43\n            <\/p>\n<p class=\"fig-live-post__title\" role=\"heading\" aria-level=\"3\">Ce que pense Pogacar de l\u2019\u00e9tape du jour<\/p>\n<p class=\"fig-paragraph\">Le maillot jaune sait qu\u2019il va devoir fournir beaucoup d\u2019efforts s\u2019il veut s\u2019imposer \u00e0 Courchevel. Il reste le favori.<\/p>\n<p>\n        13:38\n            <\/p>\n<p class=\"fig-live-post__title\" role=\"heading\" aria-level=\"3\">15 coureurs en t\u00eate<\/p>\n<p class=\"fig-paragraph\">Les \u00e9chapp\u00e9s entament la derni\u00e8re mais tr\u00e8s difficile partie de l\u2019ascension du col du Glandon. Martinez, Wellens, Arensman et Roglic font partie de ce groupe.<\/p>\n<p class=\"fig-paragraph\">Jorgan Jegat m\u00e8ne les poursuivants \u00e0 35 secondes de la t\u00eate de course.<\/p>\n<p class=\"fig-paragraph\">Le peloton est une minute derri\u00e8re.<\/p>\n<p>    Tim Wellens m\u00e8ne l\u2019\u00e9chapp\u00e9e depuis le d\u00e9but de l\u2019ascension du col du Glandon.<br \/>\n                Sarah Meyssonnier \/ REUTERS<\/p>\n<p>\n        13:33\n            <\/p>\n<p class=\"fig-live-post__title\" role=\"heading\" aria-level=\"3\">Roglic rappel\u00e9 \u00e0 l\u2019ordre<\/p>\n<p class=\"fig-paragraph\">Red Bull-Bora, l\u2019\u00e9quipe de Primoz Roglic et Florian Lipowitz, a mis en garde son coureur slov\u00e8ne, qui a tent\u00e9 une attaque\u00a0:<\/p>\n<p class=\"fig-paragraph\">\u00abPrimoz, UAE Emirates roule fort derri\u00e8re, ne gaspille pas autant ton \u00e9nergie\u00bb<\/p>\n<p>\n        13:29\n            <\/p>\n<p class=\"fig-live-post__title\" role=\"heading\" aria-level=\"3\">Storer et Arensman attaquent \u00e0 leur tour<\/p>\n<p class=\"fig-paragraph\">Les deux coureurs veulent rejoindre l\u2019\u00e9chapp\u00e9e. Ils sont \u00e0 25 secondes des hommes de t\u00eate. Il reste 16 kilom\u00e8tres \u00e0 gravir avant de descendre evrs le col de la Madeleine.<\/p>\n<p>\n        13:25\n            <\/p>\n<p class=\"fig-live-post__title\" role=\"heading\" aria-level=\"3\">Plus que deux \u00e9chapp\u00e9s<\/p>\n<p class=\"fig-paragraph\">Tim Wellens et Alexey Lutsenko sont seuls en t\u00eate mais Primoz Roglic se rapproche d\u2019eux. Il emm\u00e8ne Matteo Jorgenson, Felix Gall et Gregor Muhlberger. Lenny Martinez est quelques secondes plus loin.<\/p>\n<p>\n        13:23\n            <\/p>\n<p class=\"fig-live-post__title\" role=\"heading\" aria-level=\"3\">Attaque de Roglic !<\/p>\n<p class=\"fig-paragraph\">Alors que Van Aert vient de craquer dans les \u00e9chapp\u00e9s, Quinn Simons et Primoz Roglic passent \u00e0 l\u2019offensive.<\/p>\n<p>\n        13:21\n            <\/p>\n<p class=\"fig-live-post__title\" role=\"heading\" aria-level=\"3\">Il n\u2019y a plus de poursuivants<\/p>\n<p class=\"fig-paragraph\">Le peloton est revenu sur le groupe de Ben O\u2019Connor. Les \u00e9chapp\u00e9s ne comptent que 20 secondes d\u2019avance. Il reste 128 km.<\/p>\n<p>\n        13:17\n            <\/p>\n<p class=\"fig-live-post__title\" role=\"heading\" aria-level=\"3\">Rutsch l\u00e2che d\u00e9j\u00e0<\/p>\n<p class=\"fig-paragraph\">L\u2019Allemand \u00e9tait dans l\u2019\u00e9chapp\u00e9e mais n\u2019est pas un grimpeur, loin de l\u00e0. C\u2019est d\u00e9j\u00e0 difficile pour Jonas Rutsch. Il reste 20 kilom\u00e8tres d\u2019ascension du col du Glandon.<\/p>\n<p>\n        13:14\n            <\/p>\n<p class=\"fig-live-post__title\" role=\"heading\" aria-level=\"3\">Le point sur la situation de course<\/p>\n<p class=\"fig-paragraph\">Cinq coureurs sont en t\u00eate de la course\u00a0: Tim Wellens, Wout van Aert, Jonas Rutsch, Kaden Groves et Alexey Lutsenko.<\/p>\n<p class=\"fig-paragraph\">Suivent six autres concurrents \u00e0 25 secondes\u00a0: Santiago Buitrago, Samuel Watson, Marius Mayrhofer, Ben O\u2019Connor, Ivan Romeo et<strong> Matt\u00e9o Vercher.<\/strong><\/p>\n<p class=\"fig-paragraph\">Le peloton est \u00e0 50 secondes des \u00e9chapp\u00e9s.<\/p>\n<p>\n        13:11\n            <\/p>\n<p class=\"fig-live-post__title\" role=\"heading\" aria-level=\"3\">Place au terrible col du Glandon<\/p>\n<p class=\"fig-paragraph\">Une longue ascension de 21 kilom\u00e8tres tr\u00e8s irr\u00e9guli\u00e8re attend les coureurs. 5,1% de moyenne avant de redescendre vers le col e la Madeleine.<\/p>\n<p>\n        13:08\n            <\/p>\n<p class=\"fig-live-post__title\" role=\"heading\" aria-level=\"3\">Girmay a crev\u00e9<\/p>\n<p class=\"fig-paragraph\">L\u2019\u00c9rythr\u00e9en n\u2019a pas de chance apr\u00e8s la chute subie hier \u00e0 la flamme rouge.<\/p>\n<p>\n        13:05\n            <\/p>\n<p class=\"fig-live-post__title\" role=\"heading\" aria-level=\"3\">Van Aert passe \u00e0 l\u2019attaque<\/p>\n<p class=\"fig-paragraph\">Le Belge est d\u00e9cid\u00e9 \u00e0 se projeter vers l\u2019avant. Wellens est toujours seul en t\u00eate. Le peloton s\u2019est reform\u00e9 \u00e0 vingt secondes du coureur de chez UAE, m\u00eame Jonathan Milan en fait \u00e0 nouveau partie.<\/p>\n<p>    Wout Van Aert<br \/>\n                Benoit Tessier \/ REUTERS<\/p>\n<p>\n        13:00\n            <\/p>\n<p class=\"fig-live-post__title\" role=\"heading\" aria-level=\"3\">Une grosse cassure<\/p>\n<p class=\"fig-paragraph\">Quatre groupes diff\u00e9rents se forment. Wellens seul en t\u00eate, quelques secondes devant le groupe du maillot \u00e0 pois. Le peloton est \u00e0 une demi-minute. Les sprinters, dont Jonathan Milan sont \u00e0 50 secondes.<\/p>\n<p>\n        12:55\n            <\/p>\n<p class=\"fig-live-post__title\" role=\"heading\" aria-level=\"3\">Tim Wellens seul en t\u00eate<\/p>\n<p class=\"fig-paragraph\">Le co\u00e9quipier de Tadej Pogacar a choisi d\u2019attaquer mais sa course en solitaire ne risque pas d\u2019aller bien loin. Il n\u2019a que 5 secondes d\u2019avance sur le peloton. D\u2019autres coureurs devraient le rejoindre.<\/p>\n<p>\n        12:53\n            <\/p>\n<p class=\"fig-live-post__title\" role=\"heading\" aria-level=\"3\">Jonathan Milan remporte le sprint interm\u00e9diaire<\/p>\n<p class=\"fig-paragraph\">C\u2019\u00e9tait pr\u00e9vu et c\u2019est bien arriv\u00e9. L\u2019Italien empoche les vingt points pour le classement du meilleur sprinter et laisse de premiers coureurs s\u2019\u00e9chapper en t\u00eate. Girmay, Turgis, Abrahamsen et Wellens prennent les points de la 2e \u00e0 la 5e place.<\/p>\n<p>\n        12:51\n            <\/p>\n<p class=\"fig-live-post__title\" role=\"heading\" aria-level=\"3\">Pogacar \u00e0 terre avant l\u2019\u00e9tape<\/p>\n<p class=\"fig-paragraph\">Le maillot jaune a chut\u00e9 juste avant le d\u00e9part. Il a percut\u00e9 une voiture de la Visma Lease a Bike, l\u2019\u00e9quipe de&#8230; Jonas Vingegaard. Plus de peur que de mal pour le Slov\u00e8ne finalement.<\/p>\n<p>\n        12:47\n            <\/p>\n<p class=\"fig-live-post__title\" role=\"heading\" aria-level=\"3\">Plus que 4km avant le sprint<\/p>\n<p class=\"fig-paragraph\">Lidl-Trek contr\u00f4le toujours l\u2019avant du peloton. Jonathan Milan est pr\u00eat \u00e0 bondir. Personne ne semble \u00eatre en mesure de lui contester les 20 points offerts au premier du sprint interm\u00e9diaire pour l\u2019instant.<\/p>\n<p>    L\u2019\u00e9quipe Lidl-Trek en t\u00eate du peloton.<br \/>\n                Sarah Meyssonnier \/ REUTERS<\/p>\n<p>\n        12:42\n            <\/p>\n<p class=\"fig-live-post__title\" role=\"heading\" aria-level=\"3\">Soup\u00e7ons autour de Pogacar et de son \u00e9quipe sur le Tour de France : o\u00f9 en est vraiment la lutte antidopage ?<\/p>\n<p class=\"fig-paragraph\"><strong>D\u00c9CRYPTAGE &#8211;\u00a0Alors que l\u2019ultradomination du Slov\u00e8ne et la formation UAE Team Emirates interroge, la chasse au dopage n\u2019a jamais \u00e9t\u00e9 aussi intense.<\/strong><\/p>\n<p class=\"fig-paragraph\">Le calme qui suit la temp\u00eate. Apr\u00e8s avoir travers\u00e9 une quinzaine d\u2019ann\u00e9es noires et des scandales de dopage \u00e0 r\u00e9p\u00e9tition, le Tour de France a \u00e9chapp\u00e9 aux turbulences du dopage depuis 2017. Le dernier cas positif autour de l\u2019\u00e9preuve remonte \u00e0&#8230;<\/p>\n<p class=\"fig-paragraph\">L\u2019article de notre envoy\u00e9 sp\u00e9cial Gilles Festor est\u00a0<a href=\"http:\/\/www.lefigaro.fr\/sports\/cyclisme\/tour-de-france\/soupcons-autour-de-pogacar-et-de-son-equipe-sur-le-tour-de-france-ou-en-est-vraiment-la-lutte-antidopage-20250723\" data-fig-type=\"Article\" data-gtm-custom-categorie=\"navigation\" data-gtm-custom-action=\"crossclick\" data-gtm-custom-label=\"Contextuel\" data-gtm-event=\"customEventSPE\" data-fig-domain=\"LEFIGARO\" target=\"_blank\" rel=\"noopener\">\u00e0 retrouver ici<\/a>.<\/p>\n<p>\n        12:38\n            <\/p>\n<p class=\"fig-live-post__title\" role=\"heading\" aria-level=\"3\">5500 m\u00e8tres de d\u00e9nivel\u00e9 positif<\/p>\n<p class=\"fig-paragraph\">Les coureurs sont plus stress\u00e9s et nerveux que d\u2019habitude et pour cause. L\u2019\u00e9tape du jour va \u00eatre extr\u00eamement demandeuse en efforts avec ses 5500 m\u00e8tres de d\u00e9nivel\u00e9 positif. Il y a trois cols hors-cat\u00e9gorie dont le dernier \u00e0 Courchevel pour conclure l\u2019\u00e9preuve.<\/p>\n<p>\n        12:33\n            <\/p>\n<p class=\"fig-live-post__title\" role=\"heading\" aria-level=\"3\">D\u00e9part tr\u00e8s calme&#8230; avant la temp\u00eate<\/p>\n<p class=\"fig-paragraph\">L\u2019\u00e9tape devrait s\u2019animer \u00e0 partir du sprint interm\u00e9diaire, pr\u00e9vu dans 12 km. Les sprinters laisseront leur place aux grimpeurs.<\/p>\n<p>    Tadej Pogacar<br \/>\n                Sarah Meyssonnier \/ REUTERS<\/p>\n<p>\n        12:29\n            <\/p>\n<p class=\"fig-live-post__title\" role=\"heading\" aria-level=\"3\">Tour de France : Pogacar vigilant malgr\u00e9 la pluie, statu quo entre les favoris&#8230; Le classement g\u00e9n\u00e9ral \u00e0 l\u2019issue de la 17e \u00e9tape<\/p>\n<p class=\"fig-paragraph\"><strong>Sur un parcours de transition vers les Alpes ce mercredi, Jonathan Milan s\u2019est impos\u00e9 au sprint tandis que les favoris du g\u00e9n\u00e9ral se sont marqu\u00e9s.<\/strong><\/p>\n<p class=\"fig-paragraph\">Des chutes, des \u00e9chapp\u00e9es, un sprint \u00e0 l\u2019arriv\u00e9e&#8230; La 17e \u00e9tape entre Boll\u00e8ne et Valence a donn\u00e9 son verdict ce mercredi. Le maillot vert Jonathan Milan a\u00a0<a href=\"http:\/\/www.lefigaro.fr\/sports\/cyclisme\/tour-de-france\/tour-de-france-immense-au-sprint-jonathan-milan-remporte-une-17e-etape-pluvieuse-20250723\" target=\"_blank\" data-fig-type=\"NewsFlash\" rel=\"noopener\" data-gtm-custom-categorie=\"navigation\" data-gtm-custom-action=\"crossclick\" data-gtm-custom-label=\"Contextuel\" data-gtm-event=\"customEventSPE\" data-fig-domain=\"LEFIGARO\">fait honneur \u00e0 son statut dans la Dr\u00f4me<\/a>, bien aid\u00e9 par la chute de&#8230;<\/p>\n<p class=\"fig-paragraph\">Si vous n\u2019avez pas tout suivi de l\u2019\u00e9tape de la veille, voici ce qui change au classement g\u00e9n\u00e9ral\u00a0:<\/p>\n<p class=\"fig-body-link\">\n            \u00c0 lire aussi<br \/>\n        <a class=\"fig-body-link__link\" href=\"http:\/\/www.lefigaro.fr\/sports\/cyclisme\/tour-de-france\/tour-de-france-pogacar-vigilant-malgre-la-pluie-statu-quo-entre-les-favoris-le-classement-general-a-l-issue-de-la-17e-etape-20250723\" data-fig-type=\"NewsFlash\" rel=\"nofollow noopener\" data-gtm-custom-categorie=\"navigation\" data-gtm-custom-action=\"crossclick\" data-gtm-custom-label=\"Contextuel\" data-gtm-event=\"customEventSPE\" data-fig-domain=\"LEFIGARO\" target=\"_blank\">Tour de France\u00a0: Pogacar vigilant malgr\u00e9 la pluie, statu quo entre les favoris&#8230; Le classement g\u00e9n\u00e9ral \u00e0 l\u2019issue de la 17e \u00e9tape<br \/>\n    <\/a>\n<\/p>\n<p>\n        12:25\n            <\/p>\n<p class=\"fig-live-post__title\" role=\"heading\" aria-level=\"3\">19km avant le sprint interm\u00e9diaire<\/p>\n<p class=\"fig-paragraph\">Lidl-Trek va mettre Jonathan Milan sur orbite pour le sprint interm\u00e9diaire de Rioup\u00e9roux avant de laisser la barre \u00e0 de potentiels \u00e9chapp\u00e9s.<\/p>\n<p>\n        12:21\n            <\/p>\n<p class=\"fig-live-post__title\" role=\"heading\" aria-level=\"3\">Le d\u00e9part r\u00e9el a \u00e9t\u00e9 lanc\u00e9<\/p>\n<p class=\"fig-paragraph\">L\u2019\u00e9quipe Lidl-Trek de Jonathan Milan se place \u00e0 l\u2019avant d\u00e8s les premiers m\u00e8tres.<\/p>\n<p>\n        12:16\n            <\/p>\n<p class=\"fig-live-post__title\" role=\"heading\" aria-level=\"3\">\u00abLe Tour de France, c\u2019est 24 heures sur 24\u00bb : en coulisse avec le n\u00b02 de la Grande Boucle<\/p>\n<p class=\"fig-paragraph\"><strong>PORTRAIT &#8211;\u00a0S\u00e9curit\u00e9 ou logistique, Pierre-Yves Thouault a un \u0153il \u00e0 tout durant tout le Tour de France au mois de juillet. Et aussi tout au long de l\u2019ann\u00e9e.<\/strong><\/p>\n<p class=\"fig-paragraph\">Dans l\u2019effervescence du d\u00e9part, comme dans le brouhaha de l\u2019arriv\u00e9e, Pierre-Yves Thouault, l\u2019adjoint de\u00a0<a href=\"http:\/\/www.lefigaro.fr\/sports\/cyclisme\/tour-de-france\/que-les-gamins-revent-comme-nous-du-tour-de-france-les-confidences-de-jean-marie-leblanc-et-christian-prudhomme-au-figaro-20250701\" target=\"_blank\" data-fig-type=\"Article\" rel=\"noopener\" data-gtm-custom-categorie=\"navigation\" data-gtm-custom-action=\"crossclick\" data-gtm-custom-label=\"Contextuel\" data-gtm-event=\"customEventSPE\" data-fig-domain=\"LEFIGARO\">Christian Prudhomme<\/a>, le directeur du\u00a0<a href=\"https:\/\/www.lefigaro.fr\/sports\/cyclisme\/tour-de-france\" target=\"_blank\" data-fig-type=\"Section\" rel=\"noopener\" data-gtm-custom-categorie=\"navigation\" data-gtm-custom-action=\"crossclick\" data-gtm-custom-label=\"Contextuel\" data-gtm-event=\"customEventSPE\" data-fig-domain=\"LEFIGARO\">Tour de France<\/a>, garde un flegme britannique. Comme \u00e0 Lauwin-Planque&#8230;<\/p>\n<p class=\"fig-paragraph\">L\u2019article complet est\u00a0<a href=\"http:\/\/www.lefigaro.fr\/sports\/cyclisme\/tour-de-france\/le-tour-de-france-c-est-24-heures-sur-24-en-coulisse-avec-le-n02-de-la-grande-boucle-20250717\" data-fig-type=\"Article\" data-gtm-custom-categorie=\"navigation\" data-gtm-custom-action=\"crossclick\" data-gtm-custom-label=\"Contextuel\" data-gtm-event=\"customEventSPE\" data-fig-domain=\"LEFIGARO\" target=\"_blank\" rel=\"noopener\">\u00e0 retrouver ici.<\/a><\/p>\n<p>\n        12:12\n            <\/p>\n<p class=\"fig-live-post__title\" role=\"heading\" aria-level=\"3\">Le d\u00e9part fictif a \u00e9t\u00e9 donn\u00e9<\/p>\n<p class=\"fig-paragraph\">C\u2019est parti pour un peu moins de 5 kilom\u00e8tres \u00e0 saluer la foule et peaufiner les strat\u00e9gies pour les coureurs. L\u2019\u00e9tape reine du Tour doit s\u2019\u00e9lancer \u00e0 12h20.<\/p>\n<p>\n        12:07\n            <\/p>\n<p class=\"fig-live-post__title\" role=\"heading\" aria-level=\"3\">Un membre du top 10 a abandonn\u00e9<\/p>\n<p class=\"fig-paragraph\">Carlos Rodriguez a d\u00e9clar\u00e9 forfait pour la suite du Tour. L\u2019Espagnol souffre d\u2019une fracture du bassin, il \u00e9tait 10e au classement g\u00e9n\u00e9ral.\u00a0<a href=\"http:\/\/www.lefigaro.fr\/sports\/cyclisme\/tour-de-france\/tour-de-france-carlos-rodriguez-abandonne-avec-une-fracture-du-bassin-20250724\" data-fig-type=\"NewsFlash\" data-gtm-custom-categorie=\"navigation\" data-gtm-custom-action=\"crossclick\" data-gtm-custom-label=\"Contextuel\" data-gtm-event=\"customEventSPE\" data-fig-domain=\"LEFIGARO\" target=\"_blank\" rel=\"noopener\">Le Fran\u00e7ais Jordan Jegat prend sa place.<\/a><\/p>\n<p>\n        12:04\n            <\/p>\n<p class=\"fig-live-post__title\" role=\"heading\" aria-level=\"3\">Le duel Pogacar-Vingegaard, les soup\u00e7ons de dopage, les chances qu\u2019un Fran\u00e7ais gagne le Tour&#8230; Les v\u00e9rit\u00e9s de Thomas Voeckler au Figaro<\/p>\n<p class=\"fig-paragraph\"><strong>ENTRETIEN &#8211;\u00a0Observateur privil\u00e9gi\u00e9 du Tour apr\u00e8s en avoir \u00e9t\u00e9 un acteur ador\u00e9 entre 2003 et 2017, le s\u00e9lectionneur de l\u2019\u00e9quipe de France balaie l\u2019actualit\u00e9 de l\u2019\u00e9v\u00e9nement.<\/strong><\/p>\n<p class=\"fig-paragraph\">Apr\u00e8s une sortie \u00e0 v\u00e9lo de deux heures,\u00a0<a href=\"http:\/\/www.lefigaro.fr\/sports\/cyclisme\/cyclisme-pour-moi-il-n-y-a-pas-de-hierarchie-entre-les-championnats-du-monde-et-le-championnat-d-europe-assure-thomas-voeckler-20250629\" target=\"_blank\" data-fig-type=\"NewsFlash\" rel=\"noopener\" data-gtm-custom-categorie=\"navigation\" data-gtm-custom-action=\"crossclick\" data-gtm-custom-label=\"Contextuel\" data-gtm-event=\"customEventSPE\" data-fig-domain=\"LEFIGARO\">Thomas Voeckler, s\u00e9lectionneur de l\u2019\u00e9quipe de France<\/a>, a, mercredi \u00e0 Boll\u00e8ne, particip\u00e9 \u00e0 la pr\u00e9sentation des championnats d\u2019Europe dans la Dr\u00f4me et dans l\u2019Ard\u00e8che, du 1er\u00a0au 5\u00a0octobre&#8230;<\/p>\n<p class=\"fig-body-link\">\n            \u00c0 lire aussi<br \/>\n        <a class=\"fig-body-link__link fig-premium-mark\" href=\"http:\/\/www.lefigaro.fr\/sports\/cyclisme\/tour-de-france\/thomas-voeckler-un-vainqueur-francais-sur-le-tour-pas-l-an-prochain-ni-dans-deux-ans-peut-etre-apres-20250723\" data-fig-type=\"Article\" rel=\"nofollow noopener\" data-gtm-custom-categorie=\"navigation\" data-gtm-custom-action=\"crossclick\" data-gtm-custom-label=\"Contextuel\" data-gtm-event=\"customEventSPE\" data-fig-domain=\"LEFIGARO\" target=\"_blank\">Le duel Pogacar-Vingegaard, les soup\u00e7ons de dopage, les chances qu\u2019un Fran\u00e7ais gagne le Tour&#8230; Les v\u00e9rit\u00e9s de Thomas Voeckler au Figaro<br \/>\n    <\/a>\n<\/p>\n<p>\n        11:59\n            <\/p>\n<p class=\"fig-live-post__title\" role=\"heading\" aria-level=\"3\">Tour de France : Vingegaard et les Alpes peuvent-ils renverser Pogacar ?<\/p>\n<p class=\"fig-paragraph\"><strong>LA QUESTION DU JOUR\u00a0&#8211; Apr\u00e8s une \u00e9tape cadenass\u00e9e par les sprinters \u00e0 Valence, les protagonistes du classement g\u00e9n\u00e9ral seront de nouveau \u00e0 l\u2019ouvrage vers le col de la Loze ce jeudi. Pour asseoir les positions ou assister \u00e0 des mouvements.<\/strong><\/p>\n<p class=\"fig-paragraph\"><a href=\"http:\/\/www.lefigaro.fr\/sports\/cyclisme\/tour-de-france\/soupcons-autour-de-pogacar-et-de-son-equipe-sur-le-tour-de-france-ou-en-est-vraiment-la-lutte-antidopage-20250723\" target=\"_blank\" data-fig-type=\"Article\" rel=\"noopener\" data-gtm-custom-categorie=\"navigation\" data-gtm-custom-action=\"crossclick\" data-gtm-custom-label=\"Contextuel\" data-gtm-event=\"customEventSPE\" data-fig-domain=\"LEFIGARO\">Tadej Pogacar<\/a>,\u00a0<a href=\"https:\/\/www.lefigaro.fr\/sports\/cyclisme\/tour-de-france\/en-direct-tour-de-france-2025-apres-le-mythe-du-ventoux-direction-a-valence-une-17e-etape-reservee-aux-sprinteurs-20250723\" target=\"_blank\" data-fig-type=\"Live\" rel=\"noopener\" data-gtm-custom-categorie=\"navigation\" data-gtm-custom-action=\"crossclick\" data-gtm-custom-label=\"Contextuel\" data-gtm-event=\"customEventSPE\" data-fig-domain=\"LEFIGARO\">Jonas Vingegaard<\/a>\u00a0et le Top 10 sont, dans le final nerveux conduisant au cinqui\u00e8me sprint de ce Tour \u00e0 Valence, pass\u00e9s \u00e0 travers les gouttes et les chutes ce mercredi. Pr\u00eats \u00e0 affronter les Alpes&#8230;<\/p>\n<p class=\"fig-paragraph\">Vous pouvez lire la suite de l\u2019article\u00a0<a href=\"http:\/\/www.lefigaro.fr\/sports\/cyclisme\/tour-de-france\/vingegaard-et-les-alpes-peuvent-ils-renverser-pogacar-20250723\" data-fig-type=\"NewsFlash\" data-gtm-custom-categorie=\"navigation\" data-gtm-custom-action=\"crossclick\" data-gtm-custom-label=\"Contextuel\" data-gtm-event=\"customEventSPE\" data-fig-domain=\"LEFIGARO\" target=\"_blank\" rel=\"noopener\">en cliquant ici.<\/a><\/p>\n<p>\n        11:55\n            <\/p>\n<p class=\"fig-live-post__title\" role=\"heading\" aria-level=\"3\">Les favoris du jour<\/p>\n<p class=\"fig-paragraph\">Tadej Pogacar et Jonas Vingegaard arrivent en grands favoris aujourd\u2019hui mais attention aux outsiders Felix Gall et Michael Woods.<\/p>\n<p>\n        11:48\n            <\/p>\n<p class=\"fig-live-post__title\" role=\"heading\" aria-level=\"3\">Le classement du maillot vert<\/p>\n<p class=\"fig-paragraph\">Jonathan Milan va avoir du mal \u00e0 conserver son maillot vert jusqu\u2019\u00e0 Paris m\u00eame s\u2019il poss\u00e8de une belle avance. Les \u00e9tapes de montagne \u00e0 venir vont l\u2019emp\u00eacher de r\u00e9colter beaucoup de points.<\/p>\n<p>\n        11:46\n            <\/p>\n<p class=\"fig-live-post__title\" role=\"heading\" aria-level=\"3\">Tour de France: Parcours, horaires, favoris et curiosit\u00e9s&#8230; \u00c0 quoi va ressembler la tr\u00e8s attendue (et infernale) 18e \u00e9tape dans les Alpes ?<\/p>\n<p class=\"fig-paragraph\"><strong>Tout ce qu\u2019il faut savoir sur la course et ses \u00e0-c\u00f4t\u00e9s avec la dix-huiti\u00e8me \u00e9tape du Tour de France entre Vif et Courchevel Col de la Loze. Avec une grande bagarre attendue entre Pogacar et Vingegaard.<\/strong><\/p>\n<p class=\"fig-paragraph\">171,5 kilom\u00e8tres, trois ascensions hors cat\u00e9gorie, 5 450 m\u00e8tres de d\u00e9nivel\u00e9 positif&#8230;<a href=\"http:\/\/www.lefigaro.fr\/sports\/cyclisme\/tour-de-france\/vingegaard-et-les-alpes-peuvent-ils-renverser-pogacar-20250723\" target=\"_blank\" data-fig-type=\"NewsFlash\" rel=\"noopener\" data-gtm-custom-categorie=\"navigation\" data-gtm-custom-action=\"crossclick\" data-gtm-custom-label=\"Contextuel\" data-gtm-event=\"customEventSPE\" data-fig-domain=\"LEFIGARO\">C\u2019est l\u2019\u00e9tape reine de ce Tour de France<\/a>\u00a0qui attend les coureurs ce jeudi entre Vif (Is\u00e8re) et Courchevel Col de la Loze. Il faudra&#8230;<\/p>\n<p class=\"fig-body-link\">\n            \u00c0 lire aussi<br \/>\n        <a class=\"fig-body-link__link\" href=\"http:\/\/www.lefigaro.fr\/sports\/cyclisme\/tour-de-france\/tour-de-france-2025-parcours-horaires-favoris-et-curiosites-de-la-dix-huitieme-etape-20250724\" data-fig-type=\"NewsFlash\" rel=\"nofollow noopener\" data-gtm-custom-categorie=\"navigation\" data-gtm-custom-action=\"crossclick\" data-gtm-custom-label=\"Contextuel\" data-gtm-event=\"customEventSPE\" data-fig-domain=\"LEFIGARO\" target=\"_blank\">Tour de France: Parcours, horaires, favoris et curiosit\u00e9s&#8230; \u00c0 quoi va ressembler la tr\u00e8s attendue (et infernale) 18e \u00e9tape dans les Alpes\u00a0?<br \/>\n    <\/a>\n<\/p>\n<p>\n        11:44\n            <\/p>\n<p class=\"fig-live-post__title\" role=\"heading\" aria-level=\"3\">Bonjour \u00e0 tous<\/p>\n<p class=\"fig-paragraph\">Bienvenue sur ce direct comment\u00e9 de la dix-huiti\u00e8me \u00e9tape de la Grande Boucle. Apr\u00e8s le deuxi\u00e8me succ\u00e8s de Jonathan Milan au sprint \u00e0 Valence, une tout autre \u00e9preuve attend les coureurs aujourd\u2019hui. Les deux cadors Tadej Pogacar et Jonas Vingegaard pourraient nous offrir un tr\u00e8s beau spectacle.<\/p>\n<p>    Joathan Milan<br \/>\n                Sarah Meyssonnier \/ REUTERS<\/p>\n<p>                Les publications appara\u00eetront ici<\/p>\n<p>        Fermer<\/p>\n","protected":false},"excerpt":{"rendered":"16:18 Lipowitz s\u2019\u00e9chappe Vingegaard et Pogacar sont \u00e0 plus de 3 minutes de l\u2019Allemand qui prend le large&hellip;\n","protected":false},"author":2,"featured_media":270626,"comment_status":"","ping_status":"","sticky":false,"template":"","format":"standard","meta":{"footnotes":""},"categories":[1411],"tags":[1154,207,1011,27,27884,60,1138,210],"class_list":{"0":"post-270625","1":"post","2":"type-post","3":"status-publish","4":"format-standard","5":"has-post-thumbnail","7":"category-cyclisme","8":"tag-cycling","9":"tag-cyclisme","10":"tag-fr","11":"tag-france","12":"tag-jonas-vingegaard","13":"tag-sports","14":"tag-tadej-pogacar","15":"tag-tour-de-france"},"share_on_mastodon":{"url":"https:\/\/pubeurope.com\/@fr\/114908666482874265","error":""},"_links":{"self":[{"href":"https:\/\/www.europesays.com\/fr\/wp-json\/wp\/v2\/posts\/270625","targetHints":{"allow":["GET"]}}],"collection":[{"href":"https:\/\/www.europesays.com\/fr\/wp-json\/wp\/v2\/posts"}],"about":[{"href":"https:\/\/www.europesays.com\/fr\/wp-json\/wp\/v2\/types\/post"}],"author":[{"embeddable":true,"href":"https:\/\/www.europesays.com\/fr\/wp-json\/wp\/v2\/users\/2"}],"replies":[{"embeddable":true,"href":"https:\/\/www.europesays.com\/fr\/wp-json\/wp\/v2\/comments?post=270625"}],"version-history":[{"count":0,"href":"https:\/\/www.europesays.com\/fr\/wp-json\/wp\/v2\/posts\/270625\/revisions"}],"wp:featuredmedia":[{"embeddable":true,"href":"https:\/\/www.europesays.com\/fr\/wp-json\/wp\/v2\/media\/270626"}],"wp:attachment":[{"href":"https:\/\/www.europesays.com\/fr\/wp-json\/wp\/v2\/media?parent=270625"}],"wp:term":[{"taxonomy":"category","embeddable":true,"href":"https:\/\/www.europesays.com\/fr\/wp-json\/wp\/v2\/categories?post=270625"},{"taxonomy":"post_tag","embeddable":true,"href":"https:\/\/www.europesays.com\/fr\/wp-json\/wp\/v2\/tags?post=270625"}],"curies":[{"name":"wp","href":"https:\/\/api.w.org\/{rel}","templated":true}]}}