{"id":270627,"date":"2025-07-24T14:24:12","date_gmt":"2025-07-24T14:24:12","guid":{"rendered":"https:\/\/www.europesays.com\/fr\/270627\/"},"modified":"2025-07-24T14:24:12","modified_gmt":"2025-07-24T14:24:12","slug":"girondins-gatean-laborde-rapporte-une-belle-somme-a-bordeaux","status":"publish","type":"post","link":"https:\/\/www.europesays.com\/fr\/270627\/","title":{"rendered":"Girondins : G\u00e4tean Laborde rapporte une belle somme \u00e0 Bordeaux"},"content":{"rendered":"<p><img decoding=\"async\" src=\"https:\/\/www.europesays.com\/fr\/wp-content\/uploads\/2025\/07\/671_1e48dec5fc0985807f65e5dd8f9b189c.jpg\" alt=\"Girondins : G\u00e4tean Laborde rapporte une belle somme \u00e0 Bordeaux\" class=\"img-responsive mt-3\"\/><\/p>\n<p class=\"text-center mb-3\" style=\"font-size: 14px\">\u00a9 Iconsport<\/p>\n<p>      <strong>Une somme coquette pour un club de 4e division endett\u00e9 sur 10 ans<\/strong><\/p>\n<p style=\"text-align: justify;\">C&rsquo;est <a href=\"https:\/\/sportune.20minutes.fr\/gaetan-laborde-va-rapporter-aux-girondins-de-bordeaux-374276\" target=\"_blank\" rel=\"noopener\">Sportune<\/a> qui d\u00e9taille le fonctionnement du m\u00e9canisme de solidarit\u00e9 de la FIFA. Ce dispositif permet aux clubs ayant form\u00e9 un joueur de toucher un pourcentage du transfert lorsque celui-ci est transf\u00e9r\u00e9.<\/p>\n<p style=\"text-align: justify;\">Ainsi, l&rsquo;OGC Nice va empocher 4M\u20ac dans le transfert du natif de Mont-de-Marsan vers l&rsquo;Arabie Saoudite. <a href=\"https:\/\/www.webgirondins.com\/actualite-mercato-ex-girondins-gaetan-laborde-rejoint-al-diraiyah-fc-129833\" target=\"_blank\" rel=\"noopener\">Ga\u00ebtan Laborde<\/a> a \u00e9t\u00e9 form\u00e9 de l&rsquo;\u00e2ge de 12 ans \u00e0 ses 23 ans aux Girondins de Bordeaux, avec des pr\u00eats au cours de cette p\u00e9riode au Red Star FC, au Stade Brestois et au Clermont Foot.<\/p>\n<p style=\"text-align: justify;\">Ainsi, Bordeaux devrait encaisser la somme de 140 000\u20ac pour soulager un peu ses finances. Le FCGB tire encore des b\u00e9n\u00e9fices de sa formation. Or, depuis l&rsquo;\u00e9t\u00e9 2024, les Girondins ne poss\u00e8dent plus de centre de formation.<\/p>\n<p style=\"text-align: justify;\">Enfin, ces 140 000\u20ac apparaissent bien maigres face \u00e0 la dette \u00e0 rembourser de 26M\u20ac \u00e9tal\u00e9s sur 10 ans \u00e0 la suite du redressement judiciaire des Girondins de Bordeaux.<\/p>\n<p style=\"text-align: justify;\">\u00c0 lire aussi &gt;&gt; <strong><a href=\"https:\/\/www.webgirondins.com\/actualite-girondins-n2-outsiders-favoris-promus-decouvrez-les-forces-du-groupe-a-face-aux-girondins-129821\" target=\"_blank\" rel=\"noopener\">D\u00e9couvrez ici notre s\u00e9rie de podcasts courts sur les effectifs des clubs de National 2 du groupe A.<\/a><\/strong><\/p>\n<p>\u00c9coutez notre podcast court :<\/p>\n<p>\u00a0<\/p>\n","protected":false},"excerpt":{"rendered":"\u00a9 Iconsport Une somme coquette pour un club de 4e division endett\u00e9 sur 10 ans C&rsquo;est Sportune qui&hellip;\n","protected":false},"author":2,"featured_media":270628,"comment_status":"","ping_status":"","sticky":false,"template":"","format":"standard","meta":{"footnotes":""},"categories":[1410],"tags":[41003,6041,1997,5244,2563,41002,8374,63,4988,1011,27,17875,41000,1987,32790,2401,32792,17610,39857,1941,60,41001,13703],"class_list":{"0":"post-270627","1":"post","2":"type-post","3":"status-publish","4":"format-standard","5":"has-post-thumbnail","7":"category-football","8":"tag-arabie","9":"tag-belle","10":"tag-bordeaux","11":"tag-club","12":"tag-deuxieme","13":"tag-diriyah","14":"tag-division","15":"tag-football","16":"tag-forme","17":"tag-fr","18":"tag-france","19":"tag-gaetan","20":"tag-gatean","21":"tag-girondins","22":"tag-laborde","23":"tag-nice","24":"tag-ogc","25":"tag-rapporte","26":"tag-saoudite","27":"tag-somme","28":"tag-sports","29":"tag-transfere","30":"tag-vers"},"share_on_mastodon":{"url":"https:\/\/pubeurope.com\/@fr\/114908670534843850","error":""},"_links":{"self":[{"href":"https:\/\/www.europesays.com\/fr\/wp-json\/wp\/v2\/posts\/270627","targetHints":{"allow":["GET"]}}],"collection":[{"href":"https:\/\/www.europesays.com\/fr\/wp-json\/wp\/v2\/posts"}],"about":[{"href":"https:\/\/www.europesays.com\/fr\/wp-json\/wp\/v2\/types\/post"}],"author":[{"embeddable":true,"href":"https:\/\/www.europesays.com\/fr\/wp-json\/wp\/v2\/users\/2"}],"replies":[{"embeddable":true,"href":"https:\/\/www.europesays.com\/fr\/wp-json\/wp\/v2\/comments?post=270627"}],"version-history":[{"count":0,"href":"https:\/\/www.europesays.com\/fr\/wp-json\/wp\/v2\/posts\/270627\/revisions"}],"wp:featuredmedia":[{"embeddable":true,"href":"https:\/\/www.europesays.com\/fr\/wp-json\/wp\/v2\/media\/270628"}],"wp:attachment":[{"href":"https:\/\/www.europesays.com\/fr\/wp-json\/wp\/v2\/media?parent=270627"}],"wp:term":[{"taxonomy":"category","embeddable":true,"href":"https:\/\/www.europesays.com\/fr\/wp-json\/wp\/v2\/categories?post=270627"},{"taxonomy":"post_tag","embeddable":true,"href":"https:\/\/www.europesays.com\/fr\/wp-json\/wp\/v2\/tags?post=270627"}],"curies":[{"name":"wp","href":"https:\/\/api.w.org\/{rel}","templated":true}]}}