{"id":270631,"date":"2025-07-24T14:26:13","date_gmt":"2025-07-24T14:26:13","guid":{"rendered":"https:\/\/www.europesays.com\/fr\/270631\/"},"modified":"2025-07-24T14:26:13","modified_gmt":"2025-07-24T14:26:13","slug":"dans-lindre-des-oeuvres-dart-urbain-naissent-en-bordure-des-champs","status":"publish","type":"post","link":"https:\/\/www.europesays.com\/fr\/270631\/","title":{"rendered":"Dans l\u2019Indre, des \u0153uvres d\u2019art urbain naissent en bordure des champs"},"content":{"rendered":"<p>Auront-ils autant de succ\u00e8s que <a target=\"_self\" href=\"https:\/\/www.lanouvellerepublique.fr\/indre\/commune\/buzancais\/dans-les-champs-de-l-indre-poussent-des-nounours\" rel=\"nofollow noopener\">les nounours de paille<\/a> qui avaient pouss\u00e9 le long des routes de l\u2019<a target=\"_blank\" href=\"https:\/\/www.lanouvellerepublique.fr\/indre\" rel=\"nofollow noopener\">Indre<\/a>, pendant l\u2019\u00e9t\u00e9 2023\u00a0? De nouveaux d\u00e9cors sont apparus il y a\u00a0quelques jours, le long de la D956, dans le secteur de Valen\u00e7ay et Vicq-sur-Nahon. Les Jeunes agriculteurs (JA) du canton du Boischaut-nord ont fait appel \u00e0 <a target=\"_self\" href=\"https:\/\/www.lanouvellerepublique.fr\/indre\/commune\/deols\/pres-de-chateauroux-eskimo-ce-street-artiste-des-champs-1739280045\" rel=\"nofollow noopener\">l\u2019artiste d\u00e9olois Eskimo<\/a> pour les r\u00e9aliser. L\u2019id\u00e9e\u00a0? Toujours la m\u00eame. \ufeff\u00ab\u00a0Renvoyer une image positive de notre profession et mettre en valeur notre terroir de mani\u00e8re atypique\u00a0\u00bb, r\u00e9sume Benjamin Rabier, agriculteur et pr\u00e9sident de la section.<\/p>\n<p>La premi\u00e8re collaboration avec l\u2019artiste de street art date de 2021, pour <a target=\"_self\" href=\"https:\/\/www.lanouvellerepublique.fr\/indre\/commune\/levroux\/avec-le-tour-l-art-urbain-prend-la-cle-des-champs\" rel=\"nofollow noopener\">le passage du Tour de France<\/a> dans le d\u00e9partement. Depuis, <a target=\"_self\" href=\"https:\/\/www.lanouvellerepublique.fr\/chateauroux\/des-graffitis-engages-pour-l-agriculture-locale-le-long-de-la-d956-dans-l-indre\" rel=\"nofollow noopener\">les JA font r\u00e9guli\u00e8rement appel \u00e0 lui<\/a> pour cr\u00e9er des \u0153uvres d\u2019art \u00e9ph\u00e9m\u00e8res, mettant en valeur les produits du terroir et le monde agricole. \ufeff\u00ab\u00a0C\u2019est devenu un rendez-vous attendu chaque \u00e9t\u00e9. On le fait avec plaisir. C\u2019est sympathique \u00e0 faire mais c\u2019est aussi une originalit\u00e9 qu\u2019on revendique. Associer l\u2019art urbain \u00e0 des supports ruraux, ce n\u2019est pas commun\u00a0\u00bb, souligne non sans fiert\u00e9 Benjamin Rabier.<\/p>\n<p><img alt=\"La plus grande structure, compos\u00e9e de dix bottes de paille, s\u2019est malheureusement \u00e9croul\u00e9e avec le vent de ces derniers jours.\" loading=\"lazy\" width=\"980\" height=\"573\" decoding=\"async\" data-nimg=\"1\" class=\"img-responsive spinner-show\" style=\"color:transparent;background-size:cover;background-position:50% 50%;background-repeat:no-repeat;background-image:url(&quot;data:image\/svg+xml;charset=utf-8,%3Csvg xmlns='http:\/\/www.w3.org\/2000\/svg' viewBox='0 0 980 573'%3E%3Cfilter id='b' color-interpolation-filters='sRGB'%3E%3CfeGaussianBlur stdDeviation='20'\/%3E%3CfeColorMatrix values='1 0 0 0 0 0 1 0 0 0 0 0 1 0 0 0 0 0 100 -1' result='s'\/%3E%3CfeFlood x='0' y='0' width='100%25' height='100%25'\/%3E%3CfeComposite operator='out' in='s'\/%3E%3CfeComposite in2='SourceGraphic'\/%3E%3CfeGaussianBlur stdDeviation='20'\/%3E%3C\/filter%3E%3Cimage width='100%25' height='100%25' x='0' y='0' preserveAspectRatio='none' style='filter: url(%23b);' href='https:\/\/images.lanouvellerepublique.fr\/image\/upload\/t_88w\/f_auto\/6880f1e9168426510a8b45d0.jpg'\/%3E%3C\/svg%3E&quot;)\"   src=\"https:\/\/www.europesays.com\/fr\/wp-content\/uploads\/2025\/07\/6880f1e9168426510a8b45d0.jpg\"\/><\/p>\n<p style=\"background-color:#F2F2F2;padding:5px;margin-top:0px;margin-bottom:10px\">La plus grande structure, compos\u00e9e de dix bottes de paille, s\u2019est malheureusement \u00e9croul\u00e9e avec le vent de ces derniers jours.<br \/> \u00a9 (Capture d&rsquo;\u00e9cran Facebook, Jeunes agriculteurs)<\/p>\n<p>\u00ab\u00a0Pas de bl\u00e9, pas de pain\u00a0\u00bb<\/p>\n<p>Cette ann\u00e9e, huit visuels r\u00e9alis\u00e9s avec des bottes de paille customis\u00e9es jalonnent donc la route D956. Outre l\u2019\u00e2ne noir du Berry et la poule noire, les \u0153uvres rendent hommage au travail des agriculteurs (\ufeff\u00ab\u00a0Pas de bl\u00e9, pas de pain\u00a0; pas de pays sans\u00a0paysan\u00a0\u00bb) et annoncent les grands rendez-vous de l\u2019\u00e9t\u00e9 que sont Terre Agri (30 et 31\u00a0ao\u00fbt) et la soir\u00e9e de d\u00e9gustation des vins de Valen\u00e7ay au ch\u00e2teau (16\u00a0ao\u00fbt).<\/p>\n<p>Les \u0153uvres d\u2019art resteront en place plusieurs semaines. L\u2019une d\u2019elles\u00a0\u2013 la plus monumentale\u00a0\u2013 n\u2019a cependant pas r\u00e9sist\u00e9 \u00e0 la mauvaise m\u00e9t\u00e9o de ces derniers jours. Le coq g\u00e9ant issu de l\u2019assemblage de dix bottes de paille s\u2019est \u00e9croul\u00e9 sous les assauts du vent.<\/p>\n","protected":false},"excerpt":{"rendered":"Auront-ils autant de succ\u00e8s que les nounours de paille qui avaient pouss\u00e9 le long des routes de l\u2019Indre,&hellip;\n","protected":false},"author":2,"featured_media":270632,"comment_status":"","ping_status":"","sticky":false,"template":"","format":"standard","meta":{"footnotes":""},"categories":[1358],"tags":[1392,327,1348,1384,1385,1386,58,59,1011,27,5052,1393,36800,41004],"class_list":{"0":"post-270631","1":"post","2":"type-post","3":"status-publish","4":"format-standard","5":"has-post-thumbnail","7":"category-arts-et-design","8":"tag-a-la-une-local","9":"tag-agriculture","10":"tag-arts","11":"tag-arts-and-design","12":"tag-arts-et-design","13":"tag-design","14":"tag-divertissement","15":"tag-entertainment","16":"tag-fr","17":"tag-france","18":"tag-indre","19":"tag-loisirs","20":"tag-valencay","21":"tag-vicq-sur-nahon"},"share_on_mastodon":{"url":"https:\/\/pubeurope.com\/@fr\/114908678300838165","error":""},"_links":{"self":[{"href":"https:\/\/www.europesays.com\/fr\/wp-json\/wp\/v2\/posts\/270631","targetHints":{"allow":["GET"]}}],"collection":[{"href":"https:\/\/www.europesays.com\/fr\/wp-json\/wp\/v2\/posts"}],"about":[{"href":"https:\/\/www.europesays.com\/fr\/wp-json\/wp\/v2\/types\/post"}],"author":[{"embeddable":true,"href":"https:\/\/www.europesays.com\/fr\/wp-json\/wp\/v2\/users\/2"}],"replies":[{"embeddable":true,"href":"https:\/\/www.europesays.com\/fr\/wp-json\/wp\/v2\/comments?post=270631"}],"version-history":[{"count":0,"href":"https:\/\/www.europesays.com\/fr\/wp-json\/wp\/v2\/posts\/270631\/revisions"}],"wp:featuredmedia":[{"embeddable":true,"href":"https:\/\/www.europesays.com\/fr\/wp-json\/wp\/v2\/media\/270632"}],"wp:attachment":[{"href":"https:\/\/www.europesays.com\/fr\/wp-json\/wp\/v2\/media?parent=270631"}],"wp:term":[{"taxonomy":"category","embeddable":true,"href":"https:\/\/www.europesays.com\/fr\/wp-json\/wp\/v2\/categories?post=270631"},{"taxonomy":"post_tag","embeddable":true,"href":"https:\/\/www.europesays.com\/fr\/wp-json\/wp\/v2\/tags?post=270631"}],"curies":[{"name":"wp","href":"https:\/\/api.w.org\/{rel}","templated":true}]}}