{"id":270633,"date":"2025-07-24T14:27:11","date_gmt":"2025-07-24T14:27:11","guid":{"rendered":"https:\/\/www.europesays.com\/fr\/270633\/"},"modified":"2025-07-24T14:27:11","modified_gmt":"2025-07-24T14:27:11","slug":"a-la-mediatheque-le-club-de-lecture-a-son-public","status":"publish","type":"post","link":"https:\/\/www.europesays.com\/fr\/270633\/","title":{"rendered":"\u00e0 la m\u00e9diath\u00e8que, le club de lecture a son public"},"content":{"rendered":"<p>Un vendredi soir du d\u00e9but de l\u2019\u00e9t\u00e9, la m\u00e9diath\u00e8que d\u2019Oberhausbergen s\u2019appr\u00eate \u00e0 fermer ses portes, mais un petit groupe s\u2019y rassemble. Pour la quatri\u00e8me fois depuis le d\u00e9but de l\u2019ann\u00e9e, le club de lecture se r\u00e9unit. Aujourd\u2019hui, la th\u00e9matique retenue est l\u2019amour.<\/p>\n<p>Assises en cercle, les participantes pr\u00e9sentent chacune leur tour le livre qu\u2019elles ont choisi, et la raison de leur s\u00e9lection. Les choix sont vari\u00e9s\u00a0: tandis qu\u2019Anne-Julie a s\u00e9lectionn\u00e9 les Correspondances d\u2019Albert Camus et Marie Casar\u00e8s, \u00c9meline pr\u00e9sente un manga, Bride stories , et G\u00e9raldine un&#8230;<\/p>\n","protected":false},"excerpt":{"rendered":"Un vendredi soir du d\u00e9but de l\u2019\u00e9t\u00e9, la m\u00e9diath\u00e8que d\u2019Oberhausbergen s\u2019appr\u00eate \u00e0 fermer ses portes, mais un petit&hellip;\n","protected":false},"author":2,"featured_media":270634,"comment_status":"","ping_status":"","sticky":false,"template":"","format":"standard","meta":{"footnotes":""},"categories":[1357],"tags":[1379,1687,58,2880,59,107,1011,27,1380,2410,17351,3265],"class_list":{"0":"post-270633","1":"post","2":"type-post","3":"status-publish","4":"format-standard","5":"has-post-thumbnail","7":"category-livres","8":"tag-books","9":"tag-culture-loisirs","10":"tag-divertissement","11":"tag-edition-strasbourg","12":"tag-entertainment","13":"tag-fil-info","14":"tag-fr","15":"tag-france","16":"tag-livres","17":"tag-livres-bd","18":"tag-oberhausbergen","19":"tag-strasbourg-nord"},"share_on_mastodon":{"url":"https:\/\/pubeurope.com\/@fr\/114908682256173110","error":""},"_links":{"self":[{"href":"https:\/\/www.europesays.com\/fr\/wp-json\/wp\/v2\/posts\/270633","targetHints":{"allow":["GET"]}}],"collection":[{"href":"https:\/\/www.europesays.com\/fr\/wp-json\/wp\/v2\/posts"}],"about":[{"href":"https:\/\/www.europesays.com\/fr\/wp-json\/wp\/v2\/types\/post"}],"author":[{"embeddable":true,"href":"https:\/\/www.europesays.com\/fr\/wp-json\/wp\/v2\/users\/2"}],"replies":[{"embeddable":true,"href":"https:\/\/www.europesays.com\/fr\/wp-json\/wp\/v2\/comments?post=270633"}],"version-history":[{"count":0,"href":"https:\/\/www.europesays.com\/fr\/wp-json\/wp\/v2\/posts\/270633\/revisions"}],"wp:featuredmedia":[{"embeddable":true,"href":"https:\/\/www.europesays.com\/fr\/wp-json\/wp\/v2\/media\/270634"}],"wp:attachment":[{"href":"https:\/\/www.europesays.com\/fr\/wp-json\/wp\/v2\/media?parent=270633"}],"wp:term":[{"taxonomy":"category","embeddable":true,"href":"https:\/\/www.europesays.com\/fr\/wp-json\/wp\/v2\/categories?post=270633"},{"taxonomy":"post_tag","embeddable":true,"href":"https:\/\/www.europesays.com\/fr\/wp-json\/wp\/v2\/tags?post=270633"}],"curies":[{"name":"wp","href":"https:\/\/api.w.org\/{rel}","templated":true}]}}