{"id":270635,"date":"2025-07-24T14:28:19","date_gmt":"2025-07-24T14:28:19","guid":{"rendered":"https:\/\/www.europesays.com\/fr\/270635\/"},"modified":"2025-07-24T14:28:19","modified_gmt":"2025-07-24T14:28:19","slug":"hector-a-choisi-la-date-de-sa-mort-patrick-est-il-le-pere-de-vadim-gabriel-et-axel-bientot-maries-le-resume-de-lepisode-384-du-vendredi-25-juillet-2025","status":"publish","type":"post","link":"https:\/\/www.europesays.com\/fr\/270635\/","title":{"rendered":"Hector a choisi la date de sa mort, Patrick est-il le p\u00e8re de Vadim, Gabriel et Axel bient\u00f4t mari\u00e9s ? Le r\u00e9sum\u00e9 de l&rsquo;\u00e9pisode 384 du vendredi 25 juillet 2025"},"content":{"rendered":"<p><b>Dans l\u2019\u00e9pisode de <\/b><b>Plus belle la vie, encore plus belle<\/b><b> du vendredi 25 juillet 2025<\/b>, <a href=\"https:\/\/www.programme-tv.net\/news\/series-tv\/344072-plus-belle-la-vie-encore-plus-belle-en-streaming-ou-regarder-la-nouvelle-serie-de-tf1-en-replay\/\" data-api-deeplink=\"teleloisirs:\/\/news\/344072\" target=\"_blank\" rel=\"noopener\">disponible en streaming<\/a>&#8230; Apr\u00e8s r\u00e9flexion, Morgane se rend dans la chambre de Vadim pour le confronter \u00e0 ses propres dires. Elle ne comprend pas pourquoi <a href=\"https:\/\/www.programme-tv.net\/news\/series-tv\/383875-plus-belle-la-vie-en-avance-vadim-pense-que-delmas-est-son-pere-djawad-met-les-choses-au-clair-avec-ariane-le-resume-de-lepisode-383-du-jeudi-24-juillet-2025\/\" data-api-deeplink=\"teleloisirs:\/\/news\/383875\" target=\"_blank\" rel=\"noopener\">le jeune infirmier ne demande pas tout simplement \u00e0 sa m\u00e8re qui est son p\u00e8re, alors il se livre<\/a>. Sa m\u00e8re, d\u00e9pressive et bipolaire, fait une crise quand il parle de son p\u00e8re. \u00c0 l&rsquo;\u00e2ge de 10 ans environ, il a compris qu&rsquo;il \u00e9tait le fruit d&rsquo;un viol. S&rsquo;il n&rsquo;en sait pas beaucoup plus, il confie \u00eatre venu s&rsquo;installer au Mistral parce que c&rsquo;est l\u00e0 que cela s&rsquo;est pass\u00e9. Il ajoute se servir de son groupe sanguin &#8211; OB, que ses deux parents ont obligatoirement pour le lui avoir transmis &#8211; pour tenter de d\u00e9couvrir l&rsquo;identit\u00e9 de son g\u00e9niteur. Ainsi, Vadim avoue avoir test\u00e9 le sang de tous les hommes qui sont pass\u00e9s au cabinet depuis son arriv\u00e9e &#8211; et qu&rsquo;il essayait d&rsquo;en faire de m\u00eame avec celui de Philippe Delmas.<\/p>\n<p>                        <b>Plus belle la vie <\/b><b>en avance : Patrick r\u00e9alise qu&rsquo;il a connu la m\u00e8re de Vadim vingt ans plus t\u00f4t<\/b><\/p>\n<p>Au commissariat, Patrick convoque Philippe Delmas pour l&rsquo;interroger au sujet de la m\u00e8re de Vadim. L&rsquo;instructeur l&rsquo;informe qu&rsquo;il a compris son petit man\u00e8ge : non seulement c&rsquo;\u00e9tait d\u00e9j\u00e0 gros de changer l&rsquo;infirmier en plein milieu d&rsquo;un concours, mais le fait que ce dernier travaille avec la femme du commissaire lui a confirm\u00e9 ses pressentiments. Il r\u00e9pond ensuite aux questions de Patrick : il se souvient de Florence Liotat, la m\u00e8re de Vadim, qu&rsquo;<a href=\"https:\/\/www.programme-tv.net\/news\/series-tv\/382203-a-moitie-a-poil-en-train-de-faire-des-pompes-et-de-rouler-une-grosse-galoche-leo-nadler-secret-story-raconte-son-arrivee-dans-plus-belle-la-vie\/\" data-api-deeplink=\"teleloisirs:\/\/news\/382203\" target=\"_blank\" rel=\"noopener\">il a entra\u00een\u00e9e pour le concours vingt ans plus t\u00f4t mais qui n&rsquo;a pas r\u00e9sist\u00e9 \u00e0 cause de son mental trop fragile<\/a>. L\u00e0, Philippe Delmas tente de rafraichir la m\u00e9moire de Patrick en lui disant qu&rsquo;il l&rsquo;a lui-m\u00eame bien connue. Quand il entend le nom de Florence Rodriguez, le commissaire change en effet d&rsquo;expression.<\/p>\n<p>            <b>Plus belle la vie <\/b><b>en avance : Vadim d\u00e9couvre que Patrick conna\u00eet sa m\u00e8re, le commissaire enqu\u00eate sur les intentions de l&rsquo;infirmier<\/b><\/p>\n<p>Morgane et Vadim continuent leur conversation puisque la brigadi\u00e8re se demande si son interlocuteur pourrait avoir tent\u00e9 de tuer Philippe Delmas. L&rsquo;infirmier lui rappelle qu&rsquo;il cherche des informations et qu&rsquo;il n&rsquo;aurait eu aucun int\u00e9r\u00eat \u00e0 ce que l&rsquo;instructeur d\u00e9c\u00e8de avant de les avoir obtenues. Par ailleurs, ses demandes d&rsquo;analyses ont \u00e9t\u00e9 envoy\u00e9es au labo et il devrait en recevoir les r\u00e9sultats le jour-m\u00eame.<\/p>\n<p>Au commissariat, Jean-Paul montre \u00e0 Patrick ce qu&rsquo;il a d\u00e9couvert gr\u00e2ce aux cam\u00e9ras suppl\u00e9mentaires qu&rsquo;il a faites installer \u00e0 la piscine : Vadim mettant un clou dans la claquette de Philippe Delmas pour le blesser avant de le soigner et de r\u00e9cup\u00e9rer des \u00e9chantillons de son sang.<\/p>\n<p>En fin de journ\u00e9e, Patrick se rend au domicile de Florence Liotat pour v\u00e9rifier son nom sur l&rsquo;interphone et Morgane rend visite \u00e0 Vadim. Les r\u00e9sultats du laboratoire sont revenus n\u00e9gatifs ; Philippe Delmas n&rsquo;est pas son g\u00e9niteur, mais les deux jeunes se demandent si l&rsquo;homme en question pourrait avoir particip\u00e9 au concours avec Florence vingt ans plus t\u00f4t et \u00eatre connu de l&rsquo;instructeur. Morgane cherche la liste des candidats sur internet et ils tombent sur le nom de <a href=\"https:\/\/www.programme-tv.net\/biographie\/293999-nebout-patrick\/\" data-link-people=\"786669a2-1dfb-4aec-8736-320fb1e97e12\" target=\"_blank\" rel=\"noopener\">Patrick Nebout<\/a>.<\/p>\n<p><b>Plus belle la vie <\/b><b>en avance : Le suicide assist\u00e9 d&rsquo;Hector est avanc\u00e9<\/b><\/p>\n<p>Au Mistral, <a href=\"https:\/\/www.programme-tv.net\/news\/series-tv\/366264-j-etais-sous-le-choc-jeremy-charvet-plus-belle-la-vie-devoile-sa-reaction-quand-il-a-decouvert-qu-ophelie-morgane-frioux-n-est-pas-la-soeur-d-ulysse\/\" data-api-deeplink=\"teleloisirs:\/\/news\/366264\" target=\"_blank\" rel=\"noopener\">Ulysse raconte \u00e0 sa soeur<\/a> les derni\u00e8res aventures de leur oncle. Agac\u00e9e par ce qu&rsquo;elle consid\u00e8re comme de l&rsquo;abus de faiblesse envers Hector, Oph\u00e9lie exprime \u00e0 quel point elle d\u00e9teste <a href=\"https:\/\/www.programme-tv.net\/biographie\/293963-marci-blanche\/\" data-link-people=\"2e83b842-b493-4368-812f-93924b5500de\" target=\"_blank\" rel=\"noopener\">Blanche Marci<\/a>. Son fr\u00e8re lui fait tout de m\u00eame remarquer que, gr\u00e2ce \u00e0 elle, leur oncle est toujours dans les parages, quatre mois apr\u00e8s son arriv\u00e9e \u00e0 Marseille.<\/p>\n<p>De leur c\u00f4t\u00e9, Blanche et Hector s&rsquo;organisent un belle soir\u00e9e quand il re\u00e7oit un message et annonce \u00e0 sa compagne qu&rsquo;il a fait avancer <a href=\"https:\/\/www.programme-tv.net\/news\/series-tv\/382224-plus-belle-la-vie-hector-david-brecourt-va-t-il-bientot-mourir-cette-annonce-de-cecilia-hornus-blanche-qui-inquiete-les-fans\/\" data-api-deeplink=\"teleloisirs:\/\/news\/382224\" target=\"_blank\" rel=\"noopener\">la date de son suicide assist\u00e9<\/a>. La fr\u00e9quence de ses absences s&rsquo;accentuant, il a d\u00e9cid\u00e9 d&rsquo;en finir avec la vie le 4 septembre prochain. Si Blanche comprend, le coup est difficile \u00e0 encaisser. C&rsquo;est \u00e0 ce moment-l\u00e0 qu&rsquo;Oph\u00e9lie d\u00e9barque et qu&rsquo;elle annonce une bonne nouvelle \u00e0 Hector : elle pr\u00e9sentera ses nouveaux mod\u00e8les le 26 septembre et demande \u00e0 son oncle d&rsquo;\u00eatre pr\u00e9sent. Quand il lui dit qu&rsquo;il sera d\u00e9j\u00e0 reparti en voyage, Oph\u00e9lie le supplie de d\u00e9caler son d\u00e9part.<\/p>\n<p>\u00c0 la fin de sa journ\u00e9e, Blanche n&rsquo;est finalement pas d&rsquo;humeur \u00e0 sortir. Elle \u00e9voque le d\u00e9part anticip\u00e9 d&rsquo;Hector et l&rsquo;incite \u00e0 expliquer la situation \u00e0 sa famille. <a href=\"https:\/\/www.programme-tv.net\/news\/series-tv\/375439-je-n-ai-pas-envie-de-venir-cachetonner-cash-david-brecourt-explique-pourquoi-il-refuse-d-etre-recurrent-de-plus-belle-la-vie\/\" data-api-deeplink=\"teleloisirs:\/\/news\/375439\" target=\"_blank\" rel=\"noopener\">L&rsquo;aventurier explique qu&rsquo;il redoute que ses proches n&rsquo;acceptent pas sa d\u00e9marche et qu&rsquo;il avait pr\u00e9vu de leur laisser une longue lettre<\/a> &#8211; qu&rsquo;il a d\u00e9j\u00e0 commenc\u00e9 \u00e0 \u00e9crire. Blanche lui assure qu&rsquo;en agissant ainsi il les privera de la possibilit\u00e9 de lui dire au-revoir.<\/p>\n<p>                        Plus belle la vie en avance : Axel et Gabriel \u00e9voquent l&rsquo;id\u00e9e du mariage<\/p>\n<p>Au cabinet m\u00e9dical, Axel est re\u00e7u par Gabriel entre deux patients. L&rsquo;alliance de son meilleur ami, qui se marie dans la journ\u00e9e, est coinc\u00e9e sur son propre annulaire. Stress\u00e9 \u00e0 l&rsquo;id\u00e9e de perdre la bague, le masseur explique qu&rsquo;il l&rsquo;a b\u00eatement enfil\u00e9e le temps de se pr\u00e9parer. En apprenant l&rsquo;existence de ce mariage, Gabriel se pose des questions : Axel a-t-il honte de lui ? Ne veut-il pas le pr\u00e9senter \u00e0 ses amis ? Axel le rassure : il avait tr\u00e8s envie de lui demander de l&rsquo;y accompagner mais il avait peur qu&rsquo;au vu de <a href=\"https:\/\/www.programme-tv.net\/news\/series-tv\/375468-enfin-thomas-et-gabriel-enterrent-la-hache-de-guerre-joakim-latzko-plus-belle-la-vie-se-confie-sur-le-divorce-a-l-amiable-de-leurs-personnages\/\" data-api-deeplink=\"teleloisirs:\/\/news\/375468\" target=\"_blank\" rel=\"noopener\">sa situation de jeune divorc\u00e9, Gabriel<\/a> ne passe pas un bon moment. Il confie qu&rsquo;il avait aussi peur que Gabriel y voit une allusion \u00e0 leur propre relation. Quand le m\u00e9decin r\u00e9ussit \u00e0 enlever l&rsquo;alliance du doigt de son aim\u00e9 ce dernier affirme ne s&rsquo;\u00eatre jamais pos\u00e9 la question de se marier ou non.<\/p>\n<p>            Plus belle la vie en avance : Steve et Morgane regrettent d&rsquo;avoir perdu Jules<\/p>\n<p>\u00c0 la r\u00e9sidence Massalia, Steve est impressionn\u00e9 par la d\u00e9termination de Laura, qui s&rsquo;entra\u00eene depuis des heures. Ayant compris que l&rsquo;\u00e9chec n&rsquo;\u00e9tait pas une option envisageable pour sa soeur, Morgane commence \u00e0 s&rsquo;inqui\u00e9ter pour elle. <a href=\"https:\/\/www.programme-tv.net\/news\/series-tv\/377663-plus-belle-la-vie-steve-est-choque-en-decouvrant-que-jules-a-parle-a-son-pere-devoile-florian-abboud-son-interprete\/\" data-api-deeplink=\"teleloisirs:\/\/news\/377663\" target=\"_blank\" rel=\"noopener\">Steve parle alors de sa relation d\u00e9t\u00e9rior\u00e9e avec Jules <\/a>et Morgane confie souffrir de ne plus l&rsquo;avoir dans sa vie.<\/p>\n","protected":false},"excerpt":{"rendered":"Dans l\u2019\u00e9pisode de Plus belle la vie, encore plus belle du vendredi 25 juillet 2025, disponible en streaming&#8230;&hellip;\n","protected":false},"author":2,"featured_media":270636,"comment_status":"","ping_status":"","sticky":false,"template":"","format":"standard","meta":{"footnotes":""},"categories":[1356],"tags":[3581,244,58,1367,59,1011,27,876,5249,1368,7309,7311,7310,12682,252,199,1364],"class_list":{"0":"post-270635","1":"post","2":"type-post","3":"status-publish","4":"format-standard","5":"has-post-thumbnail","7":"category-television","8":"tag-anniversaire","9":"tag-commentaire","10":"tag-divertissement","11":"tag-encore-plus-belle","12":"tag-entertainment","13":"tag-fr","14":"tag-france","15":"tag-france-3","16":"tag-mytf1-max","17":"tag-plus-belle-la-vie","18":"tag-plus-belle-la-vie-en-avance","19":"tag-ru00e9sumu00e9-plus-belle-la-vie","20":"tag-ru00e9sumu00e9-plus-belle-la-vie-en-avance","21":"tag-tele-loisirs-fr","22":"tag-television","23":"tag-tf1","24":"tag-tv"},"share_on_mastodon":{"url":"https:\/\/pubeurope.com\/@fr\/114908686591219661","error":""},"_links":{"self":[{"href":"https:\/\/www.europesays.com\/fr\/wp-json\/wp\/v2\/posts\/270635","targetHints":{"allow":["GET"]}}],"collection":[{"href":"https:\/\/www.europesays.com\/fr\/wp-json\/wp\/v2\/posts"}],"about":[{"href":"https:\/\/www.europesays.com\/fr\/wp-json\/wp\/v2\/types\/post"}],"author":[{"embeddable":true,"href":"https:\/\/www.europesays.com\/fr\/wp-json\/wp\/v2\/users\/2"}],"replies":[{"embeddable":true,"href":"https:\/\/www.europesays.com\/fr\/wp-json\/wp\/v2\/comments?post=270635"}],"version-history":[{"count":0,"href":"https:\/\/www.europesays.com\/fr\/wp-json\/wp\/v2\/posts\/270635\/revisions"}],"wp:featuredmedia":[{"embeddable":true,"href":"https:\/\/www.europesays.com\/fr\/wp-json\/wp\/v2\/media\/270636"}],"wp:attachment":[{"href":"https:\/\/www.europesays.com\/fr\/wp-json\/wp\/v2\/media?parent=270635"}],"wp:term":[{"taxonomy":"category","embeddable":true,"href":"https:\/\/www.europesays.com\/fr\/wp-json\/wp\/v2\/categories?post=270635"},{"taxonomy":"post_tag","embeddable":true,"href":"https:\/\/www.europesays.com\/fr\/wp-json\/wp\/v2\/tags?post=270635"}],"curies":[{"name":"wp","href":"https:\/\/api.w.org\/{rel}","templated":true}]}}