{"id":270637,"date":"2025-07-24T14:29:09","date_gmt":"2025-07-24T14:29:09","guid":{"rendered":"https:\/\/www.europesays.com\/fr\/270637\/"},"modified":"2025-07-24T14:29:09","modified_gmt":"2025-07-24T14:29:09","slug":"charger-cette-chanson-qui-inonde-les-reseaux-sociaux-et-fait-le-tour-du-monde","status":"publish","type":"post","link":"https:\/\/www.europesays.com\/fr\/270637\/","title":{"rendered":"\u00ab\u00a0Charger\u00a0\u00bb, cette chanson qui inonde les r\u00e9seaux sociaux et fait le tour du monde"},"content":{"rendered":"<p>\u00ab\u00a0Charger\u00a0\u00bb va bient\u00f4t remplacer la Marseillaise ? C&rsquo;est ce qu&rsquo;ont ironis\u00e9 plusieurs utilisateurs de <a href=\"https:\/\/www.laprovence.com\/article\/societe\/6128956619240214\/le-reseau-social-tiktok-evolue-vers-le-commerce-sous-loeil-inquiet-dassociations-et-de-commercants-francais\" target=\"_blank\" rel=\"noopener\">TikTok<\/a>, apr\u00e8s le <a href=\"https:\/\/www.laprovence.com\/article\/faits-divers-justice\/16971979729801\/14-juillet-a-marseille-nombre-dinterventions-record-une-nuit-agitee-pour-les-marins-pompiers\" target=\"_blank\" rel=\"noopener\">d\u00e9fil\u00e9 du 14\u00a0juillet<\/a> 2025. Sur de nombreuses vid\u00e9os de l&rsquo;\u00e9v\u00e8nement, <strong>ce titre du trio Triangle des Bermudes<\/strong> tourne en fond, et colle parfaitement avec la marche militaire. \u00ab\u00a0C&rsquo;est le nouvel hymne fran\u00e7ais pour le 14 juillet\u00a0\u00bb commente une internaute.\u00a0<\/p>\n<p>L&rsquo;arm\u00e9e de terre s&rsquo;est prise au jeu, au point de publier une vid\u00e9o des pr\u00e9parations du <a href=\"https:\/\/www.laprovence.com\/article\/sortie-loisirs\/7380790695173814\/14-juillet-pourquoi-y-a-t-il-un-defile-militaire-lors-de-la-fete-nationale\" target=\"_blank\" rel=\"noopener\">d\u00e9fil\u00e9 <\/a>en utilisant le morceau. On y voit des officiers, armes \u00e0 la main, en train de marcher en rythme.\u00a0<\/p>\n<p>Un rapprochement pas si ubuesque, quand on sait que les paroles font r\u00e9f\u00e9rence au jeu vid\u00e9o sur la guerre Call of Duty.\u00a0Le vocabulaire guerrier, peut en quelque sorte rappeler celui de notre hymne national, la Marseillaise. \u00ab\u00a0C&rsquo;est la m\u00eame chanson, c&rsquo;est la m\u00eame col\u00e8re, c&rsquo;est le m\u00eame rythme. C&rsquo;est pareil, c&rsquo;est juste qu&rsquo;elle a \u00e9t\u00e9 adapt\u00e9e \u00e0 2025,\u00a0\u00bb explique l&rsquo;influenceuse Seyna sur TikTok.<\/p>\n<p>Un engouement mondial et au-del\u00e0 du rap<\/p>\n<p>Des paroles simples, un rythme entra\u00eenant, le trio Triangle des Bermudes compos\u00e9 de MC Yoshi, Mauvais Djo et Kokosvoice a trouv\u00e9 la recette magique.\u00a0DJ Bofay au concert d&rsquo;<a href=\"https:\/\/www.laprovence.com\/article\/culture-loisirs\/10594372412479\/concert-dalonzo-au-velodrome-je-taime-mon-frere-soprano-a-rejoint-son-cousin-sur-scene\" target=\"_blank\" rel=\"noopener\">Alonzo au V\u00e9lodrome<\/a>, Franglish au festival d&rsquo;AfroBeats Afro Nation, Saint levant au festival Lollapalooza&#8230; Le morceau a envahi les concerts, mais aussi les bo\u00eetes de nuit du monde entier. Des vid\u00e9os montrent la chanson <strong>diffus\u00e9e en Cor\u00e9e du Sud ou au Portugal<\/strong>.<\/p>\n<p>Et les fans du morceau veulent aller plus loin.\u00a0Sur les r\u00e9seaux sociaux de nombreuses vid\u00e9os parlent du \u00ab\u00a0projet charger\u00a0\u00bb. L&rsquo;objectif est que le public du concert du groupe de Kpop Stray Kids, qui se tiendra les 26 et 27 juillet au Stade de France, chante tous ensemble le titre. Une id\u00e9e qui ne ravit pas tous ceux qui ont pr\u00e9vu d&rsquo;aller voir Stray Kids, soulignant le contraste entre les deux cultures musicales.<\/p>\n<p><strong>Le chanteur Bilal Hassani, qui a repr\u00e9sent\u00e9 la France \u00e0 l&rsquo;Eurovision en 2019<\/strong>, s&rsquo;est lui aussi saisi du titre. Dans une reprise post\u00e9e sur Tiktok, il casse totalement le rythme de la musique, chantant les paroles avec un ton dramatique. Une parodie qui a pour but de d\u00e9noncer certaines reprises de chanteurs qui d\u00e9naturent totalement les titres de rap.<\/p>\n<p>Sorti, il y a 6 mois, l&rsquo;enthousiasme autour de \u00ab\u00a0Charger\u00a0\u00bb ne redescend pas. La tendance a repris de plus belle apr\u00e8s la prestation du Triangle des Bermudes d\u00e9but juillet au festival d\u00e9di\u00e9 aux cultures populaires YardLand, o\u00f9 le public a afflu\u00e9. Une chose est s\u00fbre pour beaucoup, c&rsquo;est \u00ab\u00a0le son de l&rsquo;\u00e9t\u00e9\u00a0\u00bb que vous ne pourrez pas louper.<\/p>\n","protected":false},"excerpt":{"rendered":"\u00ab\u00a0Charger\u00a0\u00bb va bient\u00f4t remplacer la Marseillaise ? C&rsquo;est ce qu&rsquo;ont ironis\u00e9 plusieurs utilisateurs de TikTok, apr\u00e8s le d\u00e9fil\u00e9&hellip;\n","protected":false},"author":2,"featured_media":270638,"comment_status":"","ping_status":"","sticky":false,"template":"","format":"standard","meta":{"footnotes":""},"categories":[1355],"tags":[17,3477,1695,41005,251,58,59,1011,27,41006,151,1361,873,3583,19436],"class_list":{"0":"post-270637","1":"post","2":"type-post","3":"status-publish","4":"format-standard","5":"has-post-thumbnail","7":"category-musique","8":"tag-17","9":"tag-cette","10":"tag-chanson","11":"tag-charger","12":"tag-culture","13":"tag-divertissement","14":"tag-entertainment","15":"tag-fr","16":"tag-france","17":"tag-inonde","18":"tag-les","19":"tag-music","20":"tag-musique","21":"tag-qui","22":"tag-reseaux"},"share_on_mastodon":{"url":"https:\/\/pubeurope.com\/@fr\/114908690108215339","error":""},"_links":{"self":[{"href":"https:\/\/www.europesays.com\/fr\/wp-json\/wp\/v2\/posts\/270637","targetHints":{"allow":["GET"]}}],"collection":[{"href":"https:\/\/www.europesays.com\/fr\/wp-json\/wp\/v2\/posts"}],"about":[{"href":"https:\/\/www.europesays.com\/fr\/wp-json\/wp\/v2\/types\/post"}],"author":[{"embeddable":true,"href":"https:\/\/www.europesays.com\/fr\/wp-json\/wp\/v2\/users\/2"}],"replies":[{"embeddable":true,"href":"https:\/\/www.europesays.com\/fr\/wp-json\/wp\/v2\/comments?post=270637"}],"version-history":[{"count":0,"href":"https:\/\/www.europesays.com\/fr\/wp-json\/wp\/v2\/posts\/270637\/revisions"}],"wp:featuredmedia":[{"embeddable":true,"href":"https:\/\/www.europesays.com\/fr\/wp-json\/wp\/v2\/media\/270638"}],"wp:attachment":[{"href":"https:\/\/www.europesays.com\/fr\/wp-json\/wp\/v2\/media?parent=270637"}],"wp:term":[{"taxonomy":"category","embeddable":true,"href":"https:\/\/www.europesays.com\/fr\/wp-json\/wp\/v2\/categories?post=270637"},{"taxonomy":"post_tag","embeddable":true,"href":"https:\/\/www.europesays.com\/fr\/wp-json\/wp\/v2\/tags?post=270637"}],"curies":[{"name":"wp","href":"https:\/\/api.w.org\/{rel}","templated":true}]}}