{"id":270651,"date":"2025-07-24T14:36:11","date_gmt":"2025-07-24T14:36:11","guid":{"rendered":"https:\/\/www.europesays.com\/fr\/270651\/"},"modified":"2025-07-24T14:36:11","modified_gmt":"2025-07-24T14:36:11","slug":"crash-dun-avion-dans-lextreme-orient-russe-aucun-survivant-parmi-les-49-personnes-a-bord","status":"publish","type":"post","link":"https:\/\/www.europesays.com\/fr\/270651\/","title":{"rendered":"Crash d&rsquo;un avion dans l&rsquo;Extr\u00eame-Orient russe : aucun survivant parmi les 49 personnes \u00e0 bord"},"content":{"rendered":"<p>\n  Par&amp;nbsp<b>Euronews<\/b>\n<\/p>\n<p>\n                    Publi\u00e9 le                 24\/07\/2025 &#8211; 9:47 UTC+2<br \/>\n                \u2022Mis \u00e0 jour<br \/>\n                                     16:19\n                                        <\/p>\n<p>            <img decoding=\"async\" class=\"c-ad__placeholder__logo\" src=\"https:\/\/static.euronews.com\/website\/images\/logos\/logo-euronews-grey-6-180x22.svg\" width=\"180\" height=\"22\" alt=\"\" loading=\"lazy\"\/><br \/>\n            PUBLICIT\u00c9<\/p>\n<p>Un avion russe transportant 49 personnes a disparu des radars au-dessus de la r\u00e9gion de l&rsquo;Amour, dans l&rsquo;Extr\u00eame-Orient russe, ont annonc\u00e9 jeudi les autorit\u00e9s locales. <\/p>\n<p>Les contr\u00f4leurs a\u00e9riens avaient perdu le contact avec l&rsquo;avion de ligne Antonov An-24, qui avait d\u00e9coll\u00e9 de la ville de Blagovechtchensk, \u00e0 la fronti\u00e8re russo-chinoise, alors qu&rsquo;il s&rsquo;approchait de sa destination, la ville de Tynda.<\/p>\n<p>Peu apr\u00e8s, le minist\u00e8re russe des Situations d&rsquo;urgence a d\u00e9clar\u00e9 qu'\u00a0\u00bbun h\u00e9licopt\u00e8re Mi-8 du Service russe de l\u2019aviation civile\u00a0\u00bb avait \u00ab\u00a0d\u00e9couvert le fuselage en flammes de l\u2019avion\u00a0\u00bb.<\/p>\n<p>Un h\u00e9licopt\u00e8re de Rosaviatsiya (agence russe de transport a\u00e9rien) a rapidement rep\u00e9r\u00e9 le fuselage en feu de l&rsquo;avion sur le versant d&rsquo;une montagne dans une for\u00eat situ\u00e9e dans une zone difficile d&rsquo;acc\u00e8s. L&rsquo;h\u00e9licopt\u00e8re de sauvetage n&rsquo;a pas pu atterrir pr\u00e8s du lieu du crash. Des \u00e9quipes de recherche et de sauvetage ont \u00e9t\u00e9 envoy\u00e9es sur les lieux et se sont rendues \u00e0 pied jusqu&rsquo;au site de la catastrophe. <\/p>\n<p>Plus tard, les autorit\u00e9s ont annonc\u00e9 la mort de toutes les personnes qui se trouvaient \u00e0 bord. Selon les informations fournies par le gouverneur de la r\u00e9gion de l&rsquo;Amour, Vasily Orlov, il s&rsquo;agit de 43 passagers, dont 5 enfants, et 6 membres d&rsquo;\u00e9quipage. Tous les membres d&rsquo;\u00e9quipage sont des r\u00e9sidents de la r\u00e9gion d&rsquo;Irkoutsk.<\/p>\n<p>Les conditions m\u00e9t\u00e9orologiques dans la r\u00e9gion survol\u00e9e par l&rsquo;avion \u00e9taient mauvaises, et le vol avait apparemment du retard, ont fait savoir des responsables locaux.<\/p>\n","protected":false},"excerpt":{"rendered":"Par&amp;nbspEuronews Publi\u00e9 le 24\/07\/2025 &#8211; 9:47 UTC+2 \u2022Mis \u00e0 jour 16:19 PUBLICIT\u00c9 Un avion russe transportant 49 personnes&hellip;\n","protected":false},"author":2,"featured_media":270652,"comment_status":"","ping_status":"","sticky":false,"template":"","format":"standard","meta":{"footnotes":""},"categories":[5],"tags":[11,41010,1011,27,14,12,132,2023,28],"class_list":{"0":"post-270651","1":"post","2":"type-post","3":"status-publish","4":"format-standard","5":"has-post-thumbnail","7":"category-international","8":"tag-actualites","9":"tag-catastrophe-aerienne","10":"tag-fr","11":"tag-france","12":"tag-international","13":"tag-news","14":"tag-russie","15":"tag-victimes","16":"tag-world"},"share_on_mastodon":{"url":"https:\/\/pubeurope.com\/@fr\/114908717625980067","error":""},"_links":{"self":[{"href":"https:\/\/www.europesays.com\/fr\/wp-json\/wp\/v2\/posts\/270651","targetHints":{"allow":["GET"]}}],"collection":[{"href":"https:\/\/www.europesays.com\/fr\/wp-json\/wp\/v2\/posts"}],"about":[{"href":"https:\/\/www.europesays.com\/fr\/wp-json\/wp\/v2\/types\/post"}],"author":[{"embeddable":true,"href":"https:\/\/www.europesays.com\/fr\/wp-json\/wp\/v2\/users\/2"}],"replies":[{"embeddable":true,"href":"https:\/\/www.europesays.com\/fr\/wp-json\/wp\/v2\/comments?post=270651"}],"version-history":[{"count":0,"href":"https:\/\/www.europesays.com\/fr\/wp-json\/wp\/v2\/posts\/270651\/revisions"}],"wp:featuredmedia":[{"embeddable":true,"href":"https:\/\/www.europesays.com\/fr\/wp-json\/wp\/v2\/media\/270652"}],"wp:attachment":[{"href":"https:\/\/www.europesays.com\/fr\/wp-json\/wp\/v2\/media?parent=270651"}],"wp:term":[{"taxonomy":"category","embeddable":true,"href":"https:\/\/www.europesays.com\/fr\/wp-json\/wp\/v2\/categories?post=270651"},{"taxonomy":"post_tag","embeddable":true,"href":"https:\/\/www.europesays.com\/fr\/wp-json\/wp\/v2\/tags?post=270651"}],"curies":[{"name":"wp","href":"https:\/\/api.w.org\/{rel}","templated":true}]}}