{"id":270660,"date":"2025-07-24T14:42:22","date_gmt":"2025-07-24T14:42:22","guid":{"rendered":"https:\/\/www.europesays.com\/fr\/270660\/"},"modified":"2025-07-24T14:42:22","modified_gmt":"2025-07-24T14:42:22","slug":"un-blesse-le-suspect-interpelle-par-le-raid","status":"publish","type":"post","link":"https:\/\/www.europesays.com\/fr\/270660\/","title":{"rendered":"un bless\u00e9, le suspect interpell\u00e9 par le RAID"},"content":{"rendered":"<p>Du sang sur le pas-de-porte de l\u2019entr\u00e9e, le trottoir, dans le couloir des communs\u2026 L\u2019agression au couteau survenue dans cet immeuble du n\u00b0\u00a0147, avenue de Strasbourg \u00e0 Nancy, a laiss\u00e9 des traces.<\/p>\n<p>Les faits qui, en premi\u00e8re intention, pourraient \u00eatre qualifi\u00e9s de tentative d\u2019homicide, ont eu lieu mercredi 23\u00a0juillet, vers 22 heures, au sein de ce b\u00e2timent de deux \u00e9tages install\u00e9 entre les enseignes Evo PC informatique et Art et fen\u00eatres.<\/p>\n<p>  Sonnettes fant\u00f4mes<\/p>\n<p>L\u2019immeuble, divis\u00e9 en plusieurs appartements, h\u00e9berge des familles mais \u00e9galement des gens seuls, en marge pour certains, et les soir\u00e9es alcoolis\u00e9es sont l\u00e9gion. Le volet du seul appartement donnant au rez-de-chauss\u00e9e est clos, marqu\u00e9 de deux croix \u00e0 la peinture noire et souill\u00e9 de d\u00e9goulinures roses. Aucun nom ne figure sur les sonnettes de l\u2019interphone de cet immeuble.<\/p>\n<p>\u00ab\u00a0Il y a pas mal de passage \u00e0 cette adresse et parfois, des gens squattent sur le trottoir mais ne se sont jamais montr\u00e9s agressifs\u00a0\u00bb, t\u00e9moigne un riverain, surpris par les taches de sang visibles depuis la rue.<\/p>\n<p>  Touch\u00e9 au niveau de la poitrine<\/p>\n<p>C\u2019est d\u2019ailleurs dans la rue que le bless\u00e9, un homme \u00e2g\u00e9 d\u2019une quarantaine d\u2019ann\u00e9es, a \u00e9t\u00e9 retrouv\u00e9 ensanglant\u00e9 par la police, peu apr\u00e8s avoir \u00e9t\u00e9 poignard\u00e9 au niveau de la poitrine, semble-t-il. Prise en charge par les pompiers, la victime \u00e9tait transport\u00e9e vers les urgences de l\u2019H\u00f4pital central de Nancy, sans toutefois que son pronostic vital ne soit engag\u00e9.<\/p>\n<p>Le quadrag\u00e9naire d\u00e9signait alors un autre r\u00e9sident de l\u2019immeuble qui, selon lui, \u00e9tait l\u2019auteur du coup de couteau. Le mis en cause, \u00e2g\u00e9 d\u2019une cinquantaine d\u2019ann\u00e9es, s\u2019\u00e9tait ensuite retranch\u00e9 dans son appartement.<\/p>\n<p>  En garde \u00e0 vue<\/p>\n<p>Jeudi, d\u00e8s 6 heures, le suspect \u00e9tait interpell\u00e9 par les policiers du RAID, sp\u00e9cialis\u00e9s et \u00e9quip\u00e9s pour intervenir sur ce genre de situation et, notamment, comme ici, en pr\u00e9sence d\u2019un individu violent et potentiellement arm\u00e9. Le quinquag\u00e9naire \u00e9tait ensuite plac\u00e9 en garde \u00e0 vue \u00e0 la division de la criminalit\u00e9 territoriale (DCT) pour les besoins de l\u2019enqu\u00eate.<\/p>\n<p>Jeudi en d\u00e9but de matin\u00e9e, la police r\u00e9alisait encore des constatations sur les lieux. Les investigations en cours devraient permettre de d\u00e9terminer l\u2019origine et les circonstances de ces violences arm\u00e9es.<\/p>\n","protected":false},"excerpt":{"rendered":"Du sang sur le pas-de-porte de l\u2019entr\u00e9e, le trottoir, dans le couloir des communs\u2026 L\u2019agression au couteau survenue&hellip;\n","protected":false},"author":2,"featured_media":270661,"comment_status":"","ping_status":"","sticky":false,"template":"","format":"standard","meta":{"footnotes":""},"categories":[9635],"tags":[1111,11,271,272,1704,1777,674,274,1011,27,775,3457,1702,1703,12,3456,25],"class_list":{"0":"post-270660","1":"post","2":"type-post","3":"status-publish","4":"format-standard","5":"has-post-thumbnail","7":"category-nancy","8":"tag-actu","9":"tag-actualites","10":"tag-crime","11":"tag-delit-et-contravention","12":"tag-edition-nancy-et-agglomeration","13":"tag-eu","14":"tag-europe","15":"tag-faits-divers-justice","16":"tag-fr","17":"tag-france","18":"tag-grand-est","19":"tag-meurthe-et-moselle","20":"tag-nancy","21":"tag-nancy-ville-54b","22":"tag-news","23":"tag-region-lorraine","24":"tag-republique-francaise"},"share_on_mastodon":{"url":"https:\/\/pubeurope.com\/@fr\/114908741209293747","error":""},"_links":{"self":[{"href":"https:\/\/www.europesays.com\/fr\/wp-json\/wp\/v2\/posts\/270660","targetHints":{"allow":["GET"]}}],"collection":[{"href":"https:\/\/www.europesays.com\/fr\/wp-json\/wp\/v2\/posts"}],"about":[{"href":"https:\/\/www.europesays.com\/fr\/wp-json\/wp\/v2\/types\/post"}],"author":[{"embeddable":true,"href":"https:\/\/www.europesays.com\/fr\/wp-json\/wp\/v2\/users\/2"}],"replies":[{"embeddable":true,"href":"https:\/\/www.europesays.com\/fr\/wp-json\/wp\/v2\/comments?post=270660"}],"version-history":[{"count":0,"href":"https:\/\/www.europesays.com\/fr\/wp-json\/wp\/v2\/posts\/270660\/revisions"}],"wp:featuredmedia":[{"embeddable":true,"href":"https:\/\/www.europesays.com\/fr\/wp-json\/wp\/v2\/media\/270661"}],"wp:attachment":[{"href":"https:\/\/www.europesays.com\/fr\/wp-json\/wp\/v2\/media?parent=270660"}],"wp:term":[{"taxonomy":"category","embeddable":true,"href":"https:\/\/www.europesays.com\/fr\/wp-json\/wp\/v2\/categories?post=270660"},{"taxonomy":"post_tag","embeddable":true,"href":"https:\/\/www.europesays.com\/fr\/wp-json\/wp\/v2\/tags?post=270660"}],"curies":[{"name":"wp","href":"https:\/\/api.w.org\/{rel}","templated":true}]}}