{"id":270668,"date":"2025-07-24T14:46:15","date_gmt":"2025-07-24T14:46:15","guid":{"rendered":"https:\/\/www.europesays.com\/fr\/270668\/"},"modified":"2025-07-24T14:46:15","modified_gmt":"2025-07-24T14:46:15","slug":"un-nouvel-etablissement-ferme-par-le-prefet","status":"publish","type":"post","link":"https:\/\/www.europesays.com\/fr\/270668\/","title":{"rendered":"un nouvel \u00e9tablissement ferm\u00e9 par le pr\u00e9fet"},"content":{"rendered":"<p>\nUn nouvel \u00e9tablissement doit fermer ses portes \u00e0 Montpellier.<\/p>\n<p>\n\u00a9 Pr\u00e9fet de l\u2019H\u00e9rault \u2013 photo d\u2019illustration.<\/p>\n<p>Une nouvelle fermeture administrative a \u00e9t\u00e9 d\u00e9cid\u00e9e par Fran\u00e7ois-Xavier Lauch, pr\u00e9fet de l\u2019<a href=\"https:\/\/infoccitanie.fr\/tag\/herault\/\" rel=\"nofollow noopener\" target=\"_blank\">H\u00e9rault,<\/a> \u00e0 Montpellier. Il s\u2019agit de l\u2019\u00e9tablissement\u00ab\u00a0NR SHOP \u00bb, situ\u00e9e 4 place Tib\u00e9riade \u00e0 Montpellier. Il sera ferm\u00e9 pour une dur\u00e9e d\u2019un mois \u00e0 compter du 26 juillet, pour \u00ab\u00a0non respect des horaires d\u2019ouverture en r\u00e9cidive\u00a0\u00bb.<\/p>\n","protected":false},"excerpt":{"rendered":"Un nouvel \u00e9tablissement doit fermer ses portes \u00e0 Montpellier. \u00a9 Pr\u00e9fet de l\u2019H\u00e9rault \u2013 photo d\u2019illustration. Une nouvelle&hellip;\n","protected":false},"author":2,"featured_media":270669,"comment_status":"","ping_status":"","sticky":false,"template":"","format":"standard","meta":{"footnotes":""},"categories":[9599],"tags":[1111,11,1777,674,13624,1011,27,2208,12,2680,25],"class_list":{"0":"post-270668","1":"post","2":"type-post","3":"status-publish","4":"format-standard","5":"has-post-thumbnail","7":"category-montpellier","8":"tag-actu","9":"tag-actualites","10":"tag-eu","11":"tag-europe","12":"tag-fermeture-administrative","13":"tag-fr","14":"tag-france","15":"tag-montpellier","16":"tag-news","17":"tag-occitanie","18":"tag-republique-francaise"},"share_on_mastodon":{"url":"https:\/\/pubeurope.com\/@fr\/114908757070764682","error":""},"_links":{"self":[{"href":"https:\/\/www.europesays.com\/fr\/wp-json\/wp\/v2\/posts\/270668","targetHints":{"allow":["GET"]}}],"collection":[{"href":"https:\/\/www.europesays.com\/fr\/wp-json\/wp\/v2\/posts"}],"about":[{"href":"https:\/\/www.europesays.com\/fr\/wp-json\/wp\/v2\/types\/post"}],"author":[{"embeddable":true,"href":"https:\/\/www.europesays.com\/fr\/wp-json\/wp\/v2\/users\/2"}],"replies":[{"embeddable":true,"href":"https:\/\/www.europesays.com\/fr\/wp-json\/wp\/v2\/comments?post=270668"}],"version-history":[{"count":0,"href":"https:\/\/www.europesays.com\/fr\/wp-json\/wp\/v2\/posts\/270668\/revisions"}],"wp:featuredmedia":[{"embeddable":true,"href":"https:\/\/www.europesays.com\/fr\/wp-json\/wp\/v2\/media\/270669"}],"wp:attachment":[{"href":"https:\/\/www.europesays.com\/fr\/wp-json\/wp\/v2\/media?parent=270668"}],"wp:term":[{"taxonomy":"category","embeddable":true,"href":"https:\/\/www.europesays.com\/fr\/wp-json\/wp\/v2\/categories?post=270668"},{"taxonomy":"post_tag","embeddable":true,"href":"https:\/\/www.europesays.com\/fr\/wp-json\/wp\/v2\/tags?post=270668"}],"curies":[{"name":"wp","href":"https:\/\/api.w.org\/{rel}","templated":true}]}}