{"id":270674,"date":"2025-07-24T14:52:20","date_gmt":"2025-07-24T14:52:20","guid":{"rendered":"https:\/\/www.europesays.com\/fr\/270674\/"},"modified":"2025-07-24T14:52:20","modified_gmt":"2025-07-24T14:52:20","slug":"un-appel-a-temoins-lance-apres-laccident-mortel-sur-lautoroute-a48","status":"publish","type":"post","link":"https:\/\/www.europesays.com\/fr\/270674\/","title":{"rendered":"Un appel \u00e0 t\u00e9moins lanc\u00e9 apr\u00e8s l\u2019accident mortel sur l\u2019autoroute A48"},"content":{"rendered":"<p>\t\t\t\t\t\t\t\t\t\t\t<img loading=\"lazy\" decoding=\"async\" width=\"1110\" title=\"Un appel \u00e0 t\u00e9moins lanc\u00e9 apr\u00e8s l\u2019accident mortel sur l\u2019autoroute A48\" class=\"img-fluid  mb-3\" src=\"https:\/\/grandgrenoble.alpes1.com\/media\/news\/thumb\/1110x624_un-appel-a-temoins-lance-apres-l-accident-mortel-sur-l-autoroute-a48_688225b3242f6.webp\" alt=\"Un appel \u00e0 t\u00e9moins lanc\u00e9 apr\u00e8s l\u2019accident mortel sur l\u2019autoroute A48\" itemprop=\"image\" height=\"624\"\/>\t\t\t\t\t\t\t\t\t\t\t\t<\/p>\n<p>Un appel \u00e0 t\u00e9moins lanc\u00e9 apr\u00e8s l\u2019accident mortel sur l\u2019autoroute A48 &#8211; DR<\/p>\n<p itemprop=\"description\"><strong>Un appel \u00e0 t\u00e9moins a \u00e9t\u00e9 lanc\u00e9 par la police de Grenoble apr\u00e8s l\u2019accident mortel survenu ce lundi 21 juillet soir sur l\u2019autoroute A48 au niveau de Saint-Egr\u00e8ve.<\/strong><\/p>\n<p>Trois jours auparavant, un accident mortel s\u2019est produit sur l\u2019autoroute A48 au niveau Saint-Egr\u00e8ve. Trois v\u00e9hicules se sont percut\u00e9s peu avant 23h30 ce lundi 21 juillet dans le sens Lyon-Grenoble. Cet accident a co\u00fbt\u00e9 la vie \u00e0 une jeune femme de 21 ans et deux autres personnes ont \u00e9t\u00e9 bless\u00e9es. Elles ont \u00e9t\u00e9 conduites en \u00ab\u00a0urgence relative\u00a0\u00bb au CHU de Grenoble.<\/p>\n<p>Un appel \u00e0 t\u00e9moins a donc \u00e9t\u00e9 lanc\u00e9 par la police de Grenoble ce jeudi 24 juillet. Elle recherche \u00ab\u00a0toutes personnes susceptibles de fournir des informations sur cet accident\u00a0\u00bb.<\/p>\n<p>Une enqu\u00eate a \u00e9t\u00e9 ouverte pour comprendre les circonstances de l\u2019accident. Une personne a d\u00e9j\u00e0 \u00e9t\u00e9 interpell\u00e9e, avant d\u2019\u00eatre rel\u00e2ch\u00e9e.<\/p>\n<p>Les t\u00e9moins sont alors invit\u00e9s \u00e0 appeler l\u2019h\u00f4tel de police au 04 76 60 40 40.<\/p>\n","protected":false},"excerpt":{"rendered":"Un appel \u00e0 t\u00e9moins lanc\u00e9 apr\u00e8s l\u2019accident mortel sur l\u2019autoroute A48 &#8211; DR Un appel \u00e0 t\u00e9moins a&hellip;\n","protected":false},"author":2,"featured_media":270675,"comment_status":"","ping_status":"","sticky":false,"template":"","format":"standard","meta":{"footnotes":""},"categories":[9566],"tags":[1111,11,7733,8279,2430,7736,650,7734,2889,2263,1777,674,1011,27,2731,8280,6417,1114,108,4662,12,3725,1825,25,7737],"class_list":{"0":"post-270674","1":"post","2":"type-post","3":"status-publish","4":"format-standard","5":"has-post-thumbnail","7":"category-grenoble","8":"tag-actu","9":"tag-actualites","10":"tag-alpes","11":"tag-alpes1","12":"tag-auvergne-rhone-alpes","13":"tag-cds","14":"tag-cinema","15":"tag-ecoute","16":"tag-emission","17":"tag-equipe","18":"tag-eu","19":"tag-europe","20":"tag-fr","21":"tag-france","22":"tag-grenoble","23":"tag-haute","24":"tag-information","25":"tag-infos","26":"tag-isere","27":"tag-journal","28":"tag-news","29":"tag-podcast","30":"tag-radio","31":"tag-republique-francaise","32":"tag-winamp"},"share_on_mastodon":{"url":"https:\/\/pubeurope.com\/@fr\/114908780513229124","error":""},"_links":{"self":[{"href":"https:\/\/www.europesays.com\/fr\/wp-json\/wp\/v2\/posts\/270674","targetHints":{"allow":["GET"]}}],"collection":[{"href":"https:\/\/www.europesays.com\/fr\/wp-json\/wp\/v2\/posts"}],"about":[{"href":"https:\/\/www.europesays.com\/fr\/wp-json\/wp\/v2\/types\/post"}],"author":[{"embeddable":true,"href":"https:\/\/www.europesays.com\/fr\/wp-json\/wp\/v2\/users\/2"}],"replies":[{"embeddable":true,"href":"https:\/\/www.europesays.com\/fr\/wp-json\/wp\/v2\/comments?post=270674"}],"version-history":[{"count":0,"href":"https:\/\/www.europesays.com\/fr\/wp-json\/wp\/v2\/posts\/270674\/revisions"}],"wp:featuredmedia":[{"embeddable":true,"href":"https:\/\/www.europesays.com\/fr\/wp-json\/wp\/v2\/media\/270675"}],"wp:attachment":[{"href":"https:\/\/www.europesays.com\/fr\/wp-json\/wp\/v2\/media?parent=270674"}],"wp:term":[{"taxonomy":"category","embeddable":true,"href":"https:\/\/www.europesays.com\/fr\/wp-json\/wp\/v2\/categories?post=270674"},{"taxonomy":"post_tag","embeddable":true,"href":"https:\/\/www.europesays.com\/fr\/wp-json\/wp\/v2\/tags?post=270674"}],"curies":[{"name":"wp","href":"https:\/\/api.w.org\/{rel}","templated":true}]}}