{"id":270676,"date":"2025-07-24T14:53:10","date_gmt":"2025-07-24T14:53:10","guid":{"rendered":"https:\/\/www.europesays.com\/fr\/270676\/"},"modified":"2025-07-24T14:53:10","modified_gmt":"2025-07-24T14:53:10","slug":"a-rennes-la-soiree-moules-vire-a-la-bagarre","status":"publish","type":"post","link":"https:\/\/www.europesays.com\/fr\/270676\/","title":{"rendered":"\u00e0 Rennes, la soir\u00e9e \u00ab\u00a0moules\u00a0\u00bb vire \u00e0 la bagarre"},"content":{"rendered":"<p>            Par<br \/>\n        <strong><br \/>\n            <a href=\"https:\/\/actu.fr\/auteur\/redaction-rennes\" title=\"Consulter tous les articles de R\u00e9daction Rennes\" target=\"_blank\" rel=\"noopener\">R\u00e9daction Rennes<\/a><br \/>\n        <\/strong><\/p>\n<p>        Publi\u00e9 le<\/p>\n<p>            24 juil. 2025 \u00e0 16h32        <\/p>\n<p>Mardi 15 juillet, C\u2019est un <strong>homme de 49 ans tr\u00e8s \u00e9mu<\/strong>\u00a0qui se retrouve devant le tribunal pour \u00eatre jug\u00e9 en comparution imm\u00e9diate. Cinq jours plus t\u00f4t, <strong>Damien <\/strong>d\u00e9cide d\u2019organiser une<strong> soir\u00e9e \u00ab\u00a0moules\u00a0\u00bb<\/strong> avec son fr\u00e8re, dans leur appartement \u00e0 Rennes. Mais tout ne va se d\u00e9rouler comme pr\u00e9vu. Les deux hommes alcoolis\u00e9s entament une dispute et Damien <strong>blesse son fr\u00e8re<\/strong>. Cris, traces de sang dans l\u2019immeuble qui alertent les voisins, fuite de l\u2019h\u00f4pital\u2026 La soir\u00e9e n\u00e9cessitera l\u2019intervention de la police, qui les interpellera le lendemain.<\/p>\n<p>L\u2019alcool coulait \u00e0 flot<\/p>\n<p class=\" wall-content\">Jeudi 10 juillet 2025, Damien et son fr\u00e8re C\u00e9dric, qui habitent ensemble \u00e0 Rennes, ont <strong>bu \u00ab\u00a0du ros\u00e9 et du whisky\u00a0\u00bb toute l\u2019apr\u00e8s-midi<\/strong> avant d\u2019envisager une soir\u00e9e \u00ab\u00a0moules\u00a0\u00bb. Alors que les deux comparses entament les bouteilles de vin blanc initialement pr\u00e9vues pour les moules, une violente dispute \u00e9clate.<\/p>\n<p class=\" wall-content\">Damien s\u2019empare d\u2019un tesson de bouteille et <strong>inflige des \u00ab\u00a0coups sur le visage et le cou\u00a0\u00bb de son fr\u00e8re ain\u00e9<\/strong>. Ce dernier ne s\u2019en sortira qu\u2019avec une interruption temporaire de travail (ITT) de trois jours.<\/p>\n<p class=\" wall-content\">C\u2019est un voisin, ayant vu <strong>\u00ab\u00a0du sang sur les murs\u00a0\u00bb<\/strong> des parties communes de l\u2019immeuble, qui contacte les policiers. Ces derniers arrivent sur les lieux vers 17h, alors que Damien est d\u00e9j\u00e0 en compagnie des pompiers. \u00ab\u00a0Tr\u00e8s agit\u00e9\u00a0\u00bb, le Rennais n\u2019est v\u00eatu que d\u2019un simple cale\u00e7on rouge et pr\u00e9sente <strong>des blessures au visage<\/strong>.<\/p>\n<p>Un appartement \u00ab\u00a0insalubre\u00a0\u00bb<\/p>\n<p class=\" wall-content\">Les deux fr\u00e8res sont admis \u00e0 l\u2019h\u00f4pital, mais Damien s\u2019en \u00e9chappe. Vers 20h, des t\u00e9moins appellent la police apr\u00e8s avoir vu <strong>\u00ab\u00a0un homme en tenue d\u2019h\u00f4pital en train de dormir sur un banc\u00a0\u00bb<\/strong>\u00a0vers Anatole-France. Quelques heures plus tard, apr\u00e8s avoir \u00e9t\u00e9 ramen\u00e9 \u00e0 Pontchaillou et s\u2019\u00eatre vu prodigu\u00e9 les soins n\u00e9cessaires, il a pu <strong>rentrer \u00e0 son domicile<\/strong>.<\/p>\n<p class=\" wall-content\">Le lendemain, les policiers reviennent interpeller les deux hommes <strong>encore en \u00e9tat d\u2019ivresse<\/strong>. Ils constatent alors un appartement \u00ab\u00a0insalubre\u00a0\u00bb avec \u00ab\u00a0<strong>des traces de sang partout\u00a0\u00bb<\/strong>. Une voisine du deuxi\u00e8me \u00e9tage leur\u00a0rapporte d\u2019ailleurs avoir entendu des \u00ab\u00a0cris\u00a0\u00bb dans le domicile la nuit pr\u00e9c\u00e9dente.<\/p>\n<p>Un alcoolique \u00ab\u00a0m\u00e9chant et violent\u00a0\u00bb<\/p>\n<p class=\" wall-content\">Le 15 juillet, Damien est jug\u00e9 en comparution imm\u00e9diate. <strong>\u00ab\u00a0On est <\/strong><strong>tous les deux responsables<\/strong> de cette affaire\u00a0\u00bb affirme-t-il. Au cours de l\u2019audience, le pr\u00e9venu indique qu\u2019il \u00ab\u00a0n\u2019en voulait pas \u00e0 son fr\u00e8re\u00a0\u00bb lorsqu\u2019il s\u2019en est pris \u00e0 lui.<\/p>\n<p class=\" wall-content\">Pour autant, Damien n\u2019a <strong>\u00ab\u00a0aucun souvenir\u00a0\u00bb<\/strong> de leur dispute sanglante, ni m\u00eame de son admission \u00e0 l\u2019h\u00f4pital. Il se rappelle cependant avoir \u00ab\u00a0voulu s\u2019enfuir\u00a0\u00bb de celui-ci et se rappelle \u00ab\u00a0quelques moments\u00a0\u00bb de cette fin de journ\u00e9e, notamment celui o\u00f9 il est parti faire les courses pour la \u00ab\u00a0soir\u00e9e moules\u00a0\u00bb.<\/p>\n<p class=\" wall-content\">Son fr\u00e8re, quant \u00e0 lui, d\u00e9clare \u00e0 la barre qu\u2019ils vivent ensemble \u00ab\u00a0depuis neuf ans\u00a0\u00bb et que <strong>l\u2019alcool rend Damien \u00ab\u00a0m\u00e9chant et violent\u00a0\u00bb.<\/strong> Il reconna\u00eet que cela n\u2019arrive \u00ab\u00a0que lorsqu\u2019ils ont trop bu\u00a0\u00bb et <strong>ne souhaite pas se constituer partie civile<\/strong>. \u00ab\u00a0J\u2019aimerais que mon fr\u00e8re ait un logement autonome\u00a0\u00bb, d\u00e9clare-t-il face au pr\u00e9sident du tribunal.<\/p>\n<p>\u00ab\u00a0Un g\u00e2chis humain\u00a0\u00bb<\/p>\n<p class=\" wall-content\">Pendant les d\u00e9bats, le procureur de la R\u00e9publique a pour sa part point\u00e9 \u00ab\u00a0la proximit\u00e9 de la blessure avec la carotide\u00a0\u00bb.<\/p>\n<blockquote class=\"ac-article-quote wall-content\">\n<p>On est pass\u00e9 \u00e0 1 cm d&rsquo;une peine criminelle et des assises.<\/p>\n<p>    <strong>Procureur de la R\u00e9publique \u00e0 Rennes<\/strong>\n            <\/p><\/blockquote>\n<p class=\" wall-content\">\u00ab\u00a0L\u00e0, c\u2019est le corps de votre fr\u00e8re qui a dit stop\u00a0\u00bb, a aussi lanc\u00e9 le repr\u00e9sentant du parquet de Rennes \u00e0 Damien, <strong>alcoolique \u00ab\u00a0depuis trente-cinq ans\u00a0\u00bb<\/strong>. Il d\u00e9plore \u00ab\u00a0un g\u00e2chis humain\u00a0\u00bb et <strong>requiert deux ans et demi de prison ferme<\/strong>.<\/p>\n<p>Un an de prison ferme<\/p>\n<p class=\" wall-content\">Tr\u00e8s \u00e9mu pendant l\u2019audience, Damien \u2013 qui a d\u00e9j\u00e0 r\u00e9alis\u00e9 \u00ab\u00a0plusieurs cures\u00a0\u00bb pour soigner son alcoolisme \u2013 comprend qu\u2019il a failli <strong>perdre son fr\u00e8re<\/strong>.<\/p>\n<blockquote class=\"ac-article-quote wall-content\">\n<p>Je suis une petite merde. Toute ma vie est un \u00e9chec.<\/p>\n<p>    <strong>Damien X.<\/strong>\n            <\/p><\/blockquote>\n<p class=\" wall-content\">Au terme de l\u2019audience, le tribunal correctionnel de Rennes a condamn\u00e9 le quadrag\u00e9naire \u00e0 <strong>une peine d\u2019un an de prison ferme<\/strong>.<\/p>\n<p class=\" wall-content\">\u00c0 l\u2019issue de celle-ci, il sera soumis \u00e0 un sursis probatoire pendant deux ans et aura obligation de se soigner et de travailler. Damien aura aussi <strong>l\u2019interdiction de fr\u00e9quenter les d\u00e9bits de boissons.<\/strong><\/p>\n<p class=\" wall-content\"><strong>LBe et CB (PressPepper)<\/strong><\/p>\n<p class=\" wall-content\">Suivez toute l\u2019actualit\u00e9 de vos villes et m\u00e9dias favoris en vous inscrivant \u00e0 <a href=\"https:\/\/moncompte.actu.fr\" title=\"D\u00e9couvez Mon Actu\" rel=\"nofollow noopener\" data-trk=\"{&quot;cta&quot;:{&quot;action&quot;:&quot;https:\\\/\\\/moncompte.actu.fr&quot;,&quot;category&quot;:&quot;mon compte&quot;,&quot;from&quot;:&quot;article footer&quot;,&quot;name&quot;:&quot;Mon actu&quot;,&quot;type&quot;:&quot;cta&quot;}}\" target=\"_blank\">Mon Actu<\/a>.<\/p>\n","protected":false},"excerpt":{"rendered":"Par R\u00e9daction Rennes Publi\u00e9 le 24 juil. 2025 \u00e0 16h32 Mardi 15 juillet, C\u2019est un homme de 49&hellip;\n","protected":false},"author":2,"featured_media":270677,"comment_status":"","ping_status":"","sticky":false,"template":"","format":"standard","meta":{"footnotes":""},"categories":[2821],"tags":[1111,11,5702,829,7513,1777,674,118,1011,27,303,12,584,25],"class_list":{"0":"post-270676","1":"post","2":"type-post","3":"status-publish","4":"format-standard","5":"has-post-thumbnail","7":"category-rennes","8":"tag-actu","9":"tag-actualites","10":"tag-alcool","11":"tag-bretagne","12":"tag-chu-de-rennes","13":"tag-eu","14":"tag-europe","15":"tag-faits-divers","16":"tag-fr","17":"tag-france","18":"tag-justice","19":"tag-news","20":"tag-rennes","21":"tag-republique-francaise"},"share_on_mastodon":{"url":"https:\/\/pubeurope.com\/@fr\/114908784385568562","error":""},"_links":{"self":[{"href":"https:\/\/www.europesays.com\/fr\/wp-json\/wp\/v2\/posts\/270676","targetHints":{"allow":["GET"]}}],"collection":[{"href":"https:\/\/www.europesays.com\/fr\/wp-json\/wp\/v2\/posts"}],"about":[{"href":"https:\/\/www.europesays.com\/fr\/wp-json\/wp\/v2\/types\/post"}],"author":[{"embeddable":true,"href":"https:\/\/www.europesays.com\/fr\/wp-json\/wp\/v2\/users\/2"}],"replies":[{"embeddable":true,"href":"https:\/\/www.europesays.com\/fr\/wp-json\/wp\/v2\/comments?post=270676"}],"version-history":[{"count":0,"href":"https:\/\/www.europesays.com\/fr\/wp-json\/wp\/v2\/posts\/270676\/revisions"}],"wp:featuredmedia":[{"embeddable":true,"href":"https:\/\/www.europesays.com\/fr\/wp-json\/wp\/v2\/media\/270677"}],"wp:attachment":[{"href":"https:\/\/www.europesays.com\/fr\/wp-json\/wp\/v2\/media?parent=270676"}],"wp:term":[{"taxonomy":"category","embeddable":true,"href":"https:\/\/www.europesays.com\/fr\/wp-json\/wp\/v2\/categories?post=270676"},{"taxonomy":"post_tag","embeddable":true,"href":"https:\/\/www.europesays.com\/fr\/wp-json\/wp\/v2\/tags?post=270676"}],"curies":[{"name":"wp","href":"https:\/\/api.w.org\/{rel}","templated":true}]}}