{"id":27068,"date":"2025-04-15T17:24:10","date_gmt":"2025-04-15T17:24:10","guid":{"rendered":"https:\/\/www.europesays.com\/fr\/27068\/"},"modified":"2025-04-15T17:24:10","modified_gmt":"2025-04-15T17:24:10","slug":"pierre-palmade-sous-bracelet-electronique-il-en-a-fini-avec-la-prison","status":"publish","type":"post","link":"https:\/\/www.europesays.com\/fr\/27068\/","title":{"rendered":"Pierre Palmade sous bracelet \u00e9lectronique, il en a fini avec la prison"},"content":{"rendered":"<p>Quatre mois de prison et puis s\u2019en vont. En novembre dernier,<br \/>\n<a href=\"https:\/\/www.closermag.fr\/people\/pierre-palmade-lhumoriste-incarcere-ce-detail-lourd-de-sens-sur-son-arrivee-en-prison-3500887\" target=\"_blank\" rel=\"noopener\"><br \/>\nPierre Palmade<\/a> a \u00e9t\u00e9 condamn\u00e9 \u00e0 <strong>cinq ans de<br \/>\nprison<\/strong> dont deux ans ferme pour blessures involontaires<br \/>\naggrav\u00e9es apr\u00e8s l\u2019accident qu\u2019il a provoqu\u00e9 alors qu\u2019il conduisait<br \/>\nsous drogues en f\u00e9vrier 2023 en Seine-et-Marne. Le 9 d\u00e9cembre, il<br \/>\n\u00e9tait incarc\u00e9r\u00e9 \u00e0 la prison de Gradignan, en Gironde.<\/p>\n<p>Pierre Palmade : sa demande d\u2019am\u00e9nagement de peine<br \/>\naccept\u00e9e<\/p>\n<p>D\u00e8s son arriv\u00e9e en prison, l\u2019humoriste avait formul\u00e9 une demande<br \/>\nd\u2019<strong>am\u00e9nagement de peine<\/strong> afin de purger cette<br \/>\nderni\u00e8re sous bracelet \u00e9lectronique. Les avocats de Pierre Palmade<br \/>\navaient justifi\u00e9 cette demande en \u00e9voquant les diff\u00e9rents probl\u00e8mes<br \/>\nde sant\u00e9 et le suivi m\u00e9dical du com\u00e9dien. Le 11 mars, Pierre<br \/>\nPalmade avait donc comparu devant le juge d\u2019application des peines<br \/>\navant que le parquet de Bordeaux ne fasse appel, ce qui aurait pu<br \/>\nbloquer la requ\u00eate.\u00a0<\/p>\n<p>Et puis ce mardi, l\u2019AFP a appris aupr\u00e8s du parquet g\u00e9n\u00e9ral que<br \/>\nla cour d&rsquo;appel de Bordeaux avait finalement accept\u00e9 l&rsquo;am\u00e9nagement<br \/>\nde la peine de Pierre Palmade et <strong>sa lib\u00e9ration<br \/>\nprochaine<\/strong> sous bracelet \u00e9lectronique. Selon des<br \/>\ninformations relay\u00e9es par France Bleu, la chambre de<br \/>\nl&rsquo;application des peines a confirm\u00e9 pour l&rsquo;essentiel la d\u00e9cision<br \/>\nrendue fin mars par le tribunal de l&rsquo;application des peines mais a<br \/>\nmodifi\u00e9 les horaires fix\u00e9s en premi\u00e8re instance.\u00a0<\/p>\n<p>Pierre Palmade sous bracelet<br \/>\n\u00e9lectronique : une issue in\u00e9vitable ?<\/p>\n<p>Le 20 novembre dernier, apr\u00e8s <strong>l\u2019annonce du<br \/>\nverdict<\/strong>, plusieurs anonymes avaient r\u00e9agi sur les r\u00e9seaux<br \/>\nsociaux, Alors que certains jugeaient la peine trop faible,<br \/>\nd\u2019autres avaient \u00e9t\u00e9 \u00e9tonn\u00e9s d\u2019apprendre que Pierre Palmade irait<br \/>\nbel et bien <a href=\"https:\/\/www.closermag.fr\/people\/pierre-palmade-condamne-le-verdict-est-tombe-il-va-passer-par-la-case-prison-3495611\" target=\"_blank\" rel=\"noopener\"><br \/>\nen prison<\/a>, quand l\u2019alternative du <a href=\"https:\/\/www.closermag.fr\/politique\/plus-de-23-ans-que-mon-pere-nicolas-sarkozy-sous-bracelet-electronique-ca-inspire-une-bonne-blague-a-sa-fille-giulia-3517142\" target=\"_blank\" rel=\"noopener\"><br \/>\nbracelet \u00e9lectronique<\/a> est souvent choisie pour les condamn\u00e9s<br \/>\ninfluents. Quatre mois plus tard, les vieilles habitudes se<br \/>\nr\u00e9p\u00e8tent.\u00a0<\/p>\n<p>Fait notable cependant : si Pierre Palmade purgera la suite de<br \/>\nsa peine sous bracelet \u00e9lectronique, il avait <strong>refus\u00e9 de<br \/>\nfaire appel<\/strong> \u00e0 l\u2019issue de sa condamnation. Selon les<br \/>\ninformations de Gilles Verdez \u00e0 l\u2019\u00e9poque, le com\u00e9dien avait estim\u00e9<br \/>\nque sa sentence \u00e9tait juste, et il ne souhaitait pas faire revivre<br \/>\nun proc\u00e8s aux victimes.<\/p>\n","protected":false},"excerpt":{"rendered":"Quatre mois de prison et puis s\u2019en vont. En novembre dernier, Pierre Palmade a \u00e9t\u00e9 condamn\u00e9 \u00e0 cinq&hellip;\n","protected":false},"author":2,"featured_media":27069,"comment_status":"","ping_status":"","sticky":false,"template":"","format":"standard","meta":{"footnotes":""},"categories":[1359],"tags":[548,6893,58,59,1011,27,973,1250],"class_list":{"0":"post-27068","1":"post","2":"type-post","3":"status-publish","4":"format-standard","5":"has-post-thumbnail","7":"category-people","8":"tag-article-simple","9":"tag-bracelet-electronique","10":"tag-divertissement","11":"tag-entertainment","12":"tag-fr","13":"tag-france","14":"tag-people","15":"tag-pierre-palmade"},"share_on_mastodon":{"url":"https:\/\/pubeurope.com\/@fr\/114343147211517604","error":""},"_links":{"self":[{"href":"https:\/\/www.europesays.com\/fr\/wp-json\/wp\/v2\/posts\/27068","targetHints":{"allow":["GET"]}}],"collection":[{"href":"https:\/\/www.europesays.com\/fr\/wp-json\/wp\/v2\/posts"}],"about":[{"href":"https:\/\/www.europesays.com\/fr\/wp-json\/wp\/v2\/types\/post"}],"author":[{"embeddable":true,"href":"https:\/\/www.europesays.com\/fr\/wp-json\/wp\/v2\/users\/2"}],"replies":[{"embeddable":true,"href":"https:\/\/www.europesays.com\/fr\/wp-json\/wp\/v2\/comments?post=27068"}],"version-history":[{"count":0,"href":"https:\/\/www.europesays.com\/fr\/wp-json\/wp\/v2\/posts\/27068\/revisions"}],"wp:featuredmedia":[{"embeddable":true,"href":"https:\/\/www.europesays.com\/fr\/wp-json\/wp\/v2\/media\/27069"}],"wp:attachment":[{"href":"https:\/\/www.europesays.com\/fr\/wp-json\/wp\/v2\/media?parent=27068"}],"wp:term":[{"taxonomy":"category","embeddable":true,"href":"https:\/\/www.europesays.com\/fr\/wp-json\/wp\/v2\/categories?post=27068"},{"taxonomy":"post_tag","embeddable":true,"href":"https:\/\/www.europesays.com\/fr\/wp-json\/wp\/v2\/tags?post=27068"}],"curies":[{"name":"wp","href":"https:\/\/api.w.org\/{rel}","templated":true}]}}