{"id":270686,"date":"2025-07-24T15:00:10","date_gmt":"2025-07-24T15:00:10","guid":{"rendered":"https:\/\/www.europesays.com\/fr\/270686\/"},"modified":"2025-07-24T15:00:10","modified_gmt":"2025-07-24T15:00:10","slug":"aeroport-de-nice-cet-avion-air-france-deroute-apres-plusieurs-tentatives-datterrissage","status":"publish","type":"post","link":"https:\/\/www.europesays.com\/fr\/270686\/","title":{"rendered":"A\u00e9roport de Nice. Cet avion Air France d\u00e9rout\u00e9 apr\u00e8s plusieurs tentatives d&rsquo;atterrissage"},"content":{"rendered":"<p>            Par<br \/>\n        <strong><br \/>\n            <a href=\"https:\/\/actu.fr\/auteur\/ugo-maillard\" title=\"Consulter tous les articles de Ugo Maillard\" target=\"_blank\" rel=\"noopener\">Ugo Maillard<\/a><br \/>\n        <\/strong><\/p>\n<p>        Publi\u00e9 le<\/p>\n<p>            24 juil. 2025 \u00e0 16h20        <\/p>\n<p>Une l\u00e9g\u00e8re frayeur pour les passagers de ce vol int\u00e9rieur. Un avion de la compagnie Air France qui a d\u00e9coll\u00e9 de l\u2019a\u00e9roport Paris <a href=\"https:\/\/actu.fr\/ile-de-france\/roissy-en-france_95527\" target=\"_blank\" rel=\"noopener\">Roissy-Charles de Gaulle<\/a> \u00e0 12\u2009h\u200958 devait atterrir \u00e0 l\u2019a\u00e9roport de <a href=\"https:\/\/actu.fr\/tag\/nice-cote-dazur\" target=\"_blank\" rel=\"noopener\">Nice C\u00f4te d\u2019Azur<\/a> \u00e0 14\u2009h\u200925, ce jeudi 24\u00a0juillet 2025.<\/p>\n<p class=\" wall-content\">Devait atterrir puisqu\u2019apr\u00e8s <strong>quatre tentatives<\/strong>, l\u2019avion Air France n\u2019a pu poser ses roues sur le tarmac ni\u00e7ois, a appris <a href=\"https:\/\/actu.fr\/nice\/\" target=\"_blank\" rel=\"noopener\">actu Nice<\/a> confirmant une information de <a href=\"https:\/\/www.nicematin.com\/info-trafic\/apres-quatre-tentatives-d-atterrissage-a-l-aeroport-de-nice-un-airbus-a318-111-deroute-vers-marseille-995560\" target=\"_blank\" rel=\"noopener\">Nice Matin<\/a>.<\/p>\n<p class=\" wall-content\">Il a \u00e9t\u00e9 d\u00e9rout\u00e9 vers l\u2019a\u00e9roport de Marseille, <strong>\u00e0 plusieurs centaines de kilom\u00e8tres<\/strong>.<\/p>\n<p>Un vent trop fort<\/p>\n<p class=\" wall-content\">Selon les premi\u00e8res informations, le vol a \u00e9t\u00e9 d\u00e9rout\u00e9 en raison de trop fortes rafales de vent \u00e0 Nice. Le vol AF7306 se trouve actuellement \u00e0 <a href=\"https:\/\/actu.fr\/marseille\/\" target=\"_blank\" rel=\"noopener\">Marseille<\/a>.<\/p>\n<p class=\" wall-content\">Sur le site de Flight Radar, il est indiqu\u00e9 que l\u2019avion Air France A311 doit d\u00e9coller aux alentours de 16h10.<\/p>\n<p class=\" wall-content\">Il s\u2019agit du<strong> seul vol \u00e0 avoir \u00e9t\u00e9 d\u00e9rout\u00e9<\/strong> \u00e0 cause des conditions m\u00e9t\u00e9orologiques difficiles.<\/p>\n<p class=\" wall-content\">Suivez toute l\u2019actualit\u00e9 de vos villes et m\u00e9dias favoris en vous inscrivant \u00e0 <a href=\"https:\/\/moncompte.actu.fr\" title=\"D\u00e9couvez Mon Actu\" rel=\"nofollow noopener\" data-trk=\"{&quot;cta&quot;:{&quot;action&quot;:&quot;https:\\\/\\\/moncompte.actu.fr&quot;,&quot;category&quot;:&quot;mon compte&quot;,&quot;from&quot;:&quot;article footer&quot;,&quot;name&quot;:&quot;Mon actu&quot;,&quot;type&quot;:&quot;cta&quot;}}\" target=\"_blank\">Mon Actu<\/a>.<\/p>\n","protected":false},"excerpt":{"rendered":"Par Ugo Maillard Publi\u00e9 le 24 juil. 2025 \u00e0 16h20 Une l\u00e9g\u00e8re frayeur pour les passagers de ce&hellip;\n","protected":false},"author":2,"featured_media":270687,"comment_status":"","ping_status":"","sticky":false,"template":"","format":"standard","meta":{"footnotes":""},"categories":[2819],"tags":[1111,11,10045,1816,1777,674,1011,27,12,2401,2897,882,25,104],"class_list":{"0":"post-270686","1":"post","2":"type-post","3":"status-publish","4":"format-standard","5":"has-post-thumbnail","7":"category-nice","8":"tag-actu","9":"tag-actualites","10":"tag-aeroport-roissy-charles-de-gaulle","11":"tag-air-france","12":"tag-eu","13":"tag-europe","14":"tag-fr","15":"tag-france","16":"tag-news","17":"tag-nice","18":"tag-nice-cote-dazur","19":"tag-provence-alpes-cote-dazur","20":"tag-republique-francaise","21":"tag-societe"},"share_on_mastodon":{"url":"https:\/\/pubeurope.com\/@fr\/114908811918278691","error":""},"_links":{"self":[{"href":"https:\/\/www.europesays.com\/fr\/wp-json\/wp\/v2\/posts\/270686","targetHints":{"allow":["GET"]}}],"collection":[{"href":"https:\/\/www.europesays.com\/fr\/wp-json\/wp\/v2\/posts"}],"about":[{"href":"https:\/\/www.europesays.com\/fr\/wp-json\/wp\/v2\/types\/post"}],"author":[{"embeddable":true,"href":"https:\/\/www.europesays.com\/fr\/wp-json\/wp\/v2\/users\/2"}],"replies":[{"embeddable":true,"href":"https:\/\/www.europesays.com\/fr\/wp-json\/wp\/v2\/comments?post=270686"}],"version-history":[{"count":0,"href":"https:\/\/www.europesays.com\/fr\/wp-json\/wp\/v2\/posts\/270686\/revisions"}],"wp:featuredmedia":[{"embeddable":true,"href":"https:\/\/www.europesays.com\/fr\/wp-json\/wp\/v2\/media\/270687"}],"wp:attachment":[{"href":"https:\/\/www.europesays.com\/fr\/wp-json\/wp\/v2\/media?parent=270686"}],"wp:term":[{"taxonomy":"category","embeddable":true,"href":"https:\/\/www.europesays.com\/fr\/wp-json\/wp\/v2\/categories?post=270686"},{"taxonomy":"post_tag","embeddable":true,"href":"https:\/\/www.europesays.com\/fr\/wp-json\/wp\/v2\/tags?post=270686"}],"curies":[{"name":"wp","href":"https:\/\/api.w.org\/{rel}","templated":true}]}}