{"id":27070,"date":"2025-04-15T17:25:08","date_gmt":"2025-04-15T17:25:08","guid":{"rendered":"https:\/\/www.europesays.com\/fr\/27070\/"},"modified":"2025-04-15T17:25:08","modified_gmt":"2025-04-15T17:25:08","slug":"a-nantes-les-fees-de-lart-abstrait-a-lepreuve-des-machines","status":"publish","type":"post","link":"https:\/\/www.europesays.com\/fr\/27070\/","title":{"rendered":"\u00e0 Nantes, les f\u00e9es de l\u2019art abstrait \u00e0 l\u2019\u00e9preuve des machines"},"content":{"rendered":"<p>                             Par     <a class=\"fig-content-metas__author\" href=\"https:\/\/www.lefigaro.fr\/auteur\/simon-cherner\" rel=\"author noopener\" target=\"_blank\">Simon Cherner<\/a>, Le Figaro Nantes<\/p>\n<p>\n            Publi\u00e9<br \/>\n                le 15 avril 2025 \u00e0 15h12,<br \/>\n                 mis \u00e0 jour le 15 avril 2025 \u00e0 16h41<\/p>\n<p class=\"fig-slideshow__title\">\n                    L&rsquo;exposition \u00ab\u00a0Electric Op\u00a0\u00bb, au mus\u00e9e d&rsquo;art de Nantes\n                <\/p>\n<p>Acc\u00e9der au diaporama (9)<\/p>\n<p>Jusqu\u2019au 31 ao\u00fbt, le Mus\u00e9e d\u2019arts replace l\u2019abstraction technophile aux sources de l\u2019art num\u00e9rique. Et expose les pontes de l\u2019art optique.<\/p>\n<p class=\"fig-paragraph\">L\u2019art abstrait met les doigts dans la prise. L\u2019\u00e9tincelle inattendue provoque des bugs dans la matrice et envoie valser, \u00e0 la mani\u00e8re du Data.tron de Ryoji Ikeda, une procession de signes blancs sur \u00e9crans noirs. Pr\u00eat\u00e9e par Beaubourg au\u00a0<a href=\"http:\/\/www.lefigaro.fr\/nantes\/le-musee-d-arts-de-nantes-recoit-46-oeuvres-de-genereux-donateurs-l-equivalent-de-335-900-euros-20240920\" data-fig-type=\"NewsFlash\" data-gtm-custom-categorie=\"navigation\" data-gtm-custom-action=\"crossclick\" data-gtm-custom-label=\"Contextuel\" data-gtm-event=\"customEventSPE\" data-fig-domain=\"LEFIGARO\" target=\"_blank\" rel=\"noopener\">Mus\u00e9e d\u2019arts de Nantes<\/a>, cette installation multim\u00e9dia, mise au point en 2007, guette les visiteurs \u00e0 un angle de l\u2019exposition \u00ab\u00a0Electric Op\u00a0\u00bb, inaugur\u00e9e d\u00e9but avril au centre de la\u00a0<a href=\"http:\/\/www.lefigaro.fr\/voyages\/48-heures-a-nantes-deux-jours-d-art-et-de-culture-dans-la-cite-des-ducs-de-bretagne-20200622\" data-fig-type=\"Article\" data-gtm-custom-categorie=\"navigation\" data-gtm-custom-action=\"crossclick\" data-gtm-custom-label=\"Contextuel\" data-gtm-event=\"customEventSPE\" data-fig-domain=\"LEFIGARO\" target=\"_blank\" rel=\"noopener\">cit\u00e9 des ducs de Bretagne<\/a>. Con\u00e7ue avec le Buffalo AKG Art Museum, aux \u00c9tats-Unis, la manifestation d\u00e9place sur le terrain de l\u2019abstraction l\u2019\u00e9ternel dialogue entre les arts et les technologies.<\/p>\n<p class=\"fig-paragraph\">Ce chass\u00e9-crois\u00e9 s\u2019articule autour de 90\u00a0\u0153uvres, dont les plus anciennes ont, \u00e0 partir du milieu du XXe\u00a0si\u00e8cle, tourn\u00e9 la page des avant-gardes trop humaines de l\u2019art abstrait. L\u2019\u00e9poque est \u00e0 l\u2019essor des machines, des appareils \u00e9lectroniques et particuli\u00e8rement de la t\u00e9l\u00e9vision, dont l\u2019exp\u00e9rience inspire les artistes. Un mouvement d\u2019art cin\u00e9tique &#8211;\u00a0d\u00e9sign\u00e9 outre-Atlantique sous le nom\u2026<\/p>\n<p class=\"fig-premium-paywall__infos\">\n        Cet article est r\u00e9serv\u00e9 aux abonn\u00e9s.        Il vous reste 65% \u00e0 d\u00e9couvrir.\n    <\/p>\n<p>                <img  data- alt=\"Le Figaro\" class=\"fig-img--complete fig-img\"\/><\/p>\n<p class=\"fig-premium-paywall__title\">Vous avez envie de lire la suite ?<\/p>\n<p class=\"fig-premium-paywall__subtitle\">D\u00e9bloquez tous les articles imm\u00e9diatement.<\/p>\n<p class=\"fig-premium-paywall__connect\">\n                D\u00e9j\u00e0 abonn\u00e9\u00a0?                <a class=\"fig-premium-paywall__connect-link\" href=\"https:\/\/connect.lefigaro.fr\/login?client=horizon_web&amp;type=main&amp;redirect_uri=https%3A%2F%2Fwww.lefigaro.fr%2Farts-expositions%2Fexposition-a-nantes-les-fees-de-l-art-abstrait-a-l-epreuve-des-machines-20250415\" data-js-gtm=\"{&quot;customCategorie&quot;: &quot;conversion&quot;, &quot;customAction&quot;: &quot;before_Landing_Connexion_paywall_auto&quot;, &quot;customLabel&quot;: &quot;bGVmaWdhcm8uZnJfXzFmMDE5NDQ5LTU3NTAtNjg3YS1iYzJiLWI3NDUyY2NmOTFmMV9fTmV3c0ZsYXNo_Exposition\u00a0: \u00e0 Nantes, les f\u00e9es de l\u2019art abstrait \u00e0 l\u2019\u00e9preuve des machines_385&quot;, &quot;customIDSPE&quot;: &quot;bGVmaWdhcm8uZnJfXzFmMDE5NDQ5LTU3NTAtNjg3YS1iYzJiLWI3NDUyY2NmOTFmMV9fTmV3c0ZsYXNo&quot;, &quot;event&quot;: &quot;customEventSPE&quot;}\" target=\"_blank\" rel=\"noopener\"><br \/>\n                    Connectez-vous<br \/>\n                <\/a>\n            <\/p>\n","protected":false},"excerpt":{"rendered":"Par Simon Cherner, Le Figaro Nantes Publi\u00e9 le 15 avril 2025 \u00e0 15h12, mis \u00e0 jour le 15&hellip;\n","protected":false},"author":2,"featured_media":27071,"comment_status":"","ping_status":"","sticky":false,"template":"","format":"standard","meta":{"footnotes":""},"categories":[1358],"tags":[3734,1396,1348,1384,1385,1386,58,59,3293,462,1011,27,2640,2642,766,2638,2643,2637,2639,2646,2645,2641,2635,2644,2647,2636],"class_list":{"0":"post-27070","1":"post","2":"type-post","3":"status-publish","4":"format-standard","5":"has-post-thumbnail","7":"category-arts-et-design","8":"tag-art","9":"tag-art-contemporain","10":"tag-arts","11":"tag-arts-and-design","12":"tag-arts-et-design","13":"tag-design","14":"tag-divertissement","15":"tag-entertainment","16":"tag-exposition","17":"tag-fc-nantes","18":"tag-fr","19":"tag-france","20":"tag-hauts-paves-saint-felix","21":"tag-ile-de-nantes","22":"tag-nantes","23":"tag-nantes-bellevue-chantenay-sainte-anne","24":"tag-nantes-breil-barberie","25":"tag-nantes-centre-ville","26":"tag-nantes-dervallieres-zola","27":"tag-nantes-doulon-bottiere","28":"tag-nantes-erdre","29":"tag-nantes-malakoff-saint-donatien","30":"tag-nantes-metropole","31":"tag-nantes-nord","32":"tag-nantes-sud","33":"tag-pays-de-la-loire"},"share_on_mastodon":{"url":"https:\/\/pubeurope.com\/@fr\/114343151088211968","error":""},"_links":{"self":[{"href":"https:\/\/www.europesays.com\/fr\/wp-json\/wp\/v2\/posts\/27070","targetHints":{"allow":["GET"]}}],"collection":[{"href":"https:\/\/www.europesays.com\/fr\/wp-json\/wp\/v2\/posts"}],"about":[{"href":"https:\/\/www.europesays.com\/fr\/wp-json\/wp\/v2\/types\/post"}],"author":[{"embeddable":true,"href":"https:\/\/www.europesays.com\/fr\/wp-json\/wp\/v2\/users\/2"}],"replies":[{"embeddable":true,"href":"https:\/\/www.europesays.com\/fr\/wp-json\/wp\/v2\/comments?post=27070"}],"version-history":[{"count":0,"href":"https:\/\/www.europesays.com\/fr\/wp-json\/wp\/v2\/posts\/27070\/revisions"}],"wp:featuredmedia":[{"embeddable":true,"href":"https:\/\/www.europesays.com\/fr\/wp-json\/wp\/v2\/media\/27071"}],"wp:attachment":[{"href":"https:\/\/www.europesays.com\/fr\/wp-json\/wp\/v2\/media?parent=27070"}],"wp:term":[{"taxonomy":"category","embeddable":true,"href":"https:\/\/www.europesays.com\/fr\/wp-json\/wp\/v2\/categories?post=27070"},{"taxonomy":"post_tag","embeddable":true,"href":"https:\/\/www.europesays.com\/fr\/wp-json\/wp\/v2\/tags?post=27070"}],"curies":[{"name":"wp","href":"https:\/\/api.w.org\/{rel}","templated":true}]}}