{"id":270703,"date":"2025-07-24T15:11:10","date_gmt":"2025-07-24T15:11:10","guid":{"rendered":"https:\/\/www.europesays.com\/fr\/270703\/"},"modified":"2025-07-24T15:11:10","modified_gmt":"2025-07-24T15:11:10","slug":"un-homme-tue-a-larme-blanche-par-lex-concubin-de-sa-compagne","status":"publish","type":"post","link":"https:\/\/www.europesays.com\/fr\/270703\/","title":{"rendered":"un homme tu\u00e9 \u00e0 l&rsquo;arme blanche par l&rsquo;ex-concubin de sa compagne"},"content":{"rendered":"<p>Un homme a \u00e9t\u00e9 poignard\u00e9 \u00e0 mort dans la nuit de mercredi \u00e0 jeudi dans le centre-ville de Marseille par l\u2019ancien compagnon de sa petite amie. Le principal suspect s\u2019est rendu \u00e0 la police et a \u00e9t\u00e9 plac\u00e9 en garde \u00e0 vue.<\/p>\n<p class=\"fig-paragraph\">Un homme a \u00e9t\u00e9 mortellement bless\u00e9 \u00e0 l&rsquo;<a href=\"http:\/\/www.lefigaro.fr\/actualite-france\/un-homme-tue-par-arme-blanche-au-sud-de-lyon-20250719\" data-fig-type=\"NewsFlash\" data-gtm-custom-categorie=\"navigation\" data-gtm-custom-action=\"crossclick\" data-gtm-custom-label=\"Contextuel\" data-gtm-event=\"customEventSPE\" data-fig-domain=\"LEFIGARO\" target=\"_blank\" rel=\"noopener\">arme blanche<\/a>\u00a0dans la nuit de mercredi \u00e0 jeudi \u00e0 Marseille par<a href=\"http:\/\/www.lefigaro.fr\/faits-divers\/savoie-un-homme-arrete-pour-avoir-abattu-le-compagnon-de-son-ex-concubine-20250226\" data-fig-type=\"NewsFlash\" data-gtm-custom-categorie=\"navigation\" data-gtm-custom-action=\"crossclick\" data-gtm-custom-label=\"Contextuel\" data-gtm-event=\"customEventSPE\" data-fig-domain=\"LEFIGARO\" target=\"_blank\" rel=\"noopener\">\u00a0l&rsquo;ex-compagnon de sa petite amie<\/a>, lequel s&rsquo;est ensuite rendu \u00e0 la police, a appris l&rsquo;AFP de sources polici\u00e8res.<\/p>\n<p>Coup de couteau au thorax<\/p>\n<p class=\"fig-paragraph\">Peu apr\u00e8s minuit, dans le centre-ville de Marseille, un homme a \u00e9t\u00e9 atteint d&rsquo;un\u00a0<a href=\"http:\/\/www.lefigaro.fr\/nantes\/face-a-une-lame-on-n-est-rien-a-nantes-7-coups-de-couteau-pour-avoir-refuse-de-donner-son-telephone-20250514\" data-fig-type=\"NewsFlash\" data-gtm-custom-categorie=\"navigation\" data-gtm-custom-action=\"crossclick\" data-gtm-custom-label=\"Contextuel\" data-gtm-event=\"customEventSPE\" data-fig-domain=\"LEFIGARO\" target=\"_blank\" rel=\"noopener\">coup de couteau<\/a>\u00a0au thorax, selon ces sources. Il est d\u00e9c\u00e9d\u00e9 dans les heures suivantes \u00e0 l&rsquo;h\u00f4pital.<\/p>\n<p>                                    <a class=\"fig-a11y-skip a11y-hidden\" href=\"#fig-a11y-skip-main-inarticle\"><br \/>\n        Passer la publicit\u00e9<br \/>\n    <\/a><\/p>\n<p class=\"fig-paragraph\">Selon une des sources polici\u00e8res, une femme se pr\u00e9sentant comme la compagne de la victime a indiqu\u00e9 qu&rsquo;apr\u00e8s une altercation son ex-petit ami avait port\u00e9 un coup de couteau \u00e0 son compagnon actuel, avant de prendre la fuite \u00e0 pied. L&rsquo;auteur des faits s&rsquo;est ensuite rendu au commissariat, o\u00f9 il a \u00e9t\u00e9 interpell\u00e9 et plac\u00e9 en garde \u00e0 vue, a ajout\u00e9 la m\u00eame source.<\/p>\n","protected":false},"excerpt":{"rendered":"Un homme a \u00e9t\u00e9 poignard\u00e9 \u00e0 mort dans la nuit de mercredi \u00e0 jeudi dans le centre-ville de&hellip;\n","protected":false},"author":2,"featured_media":270704,"comment_status":"","ping_status":"","sticky":false,"template":"","format":"standard","meta":{"footnotes":""},"categories":[2814],"tags":[1111,11,9405,1777,674,1011,27,1196,884,777,12,882,25],"class_list":{"0":"post-270703","1":"post","2":"type-post","3":"status-publish","4":"format-standard","5":"has-post-thumbnail","7":"category-marseille","8":"tag-actu","9":"tag-actualites","10":"tag-arme-blanche","11":"tag-eu","12":"tag-europe","13":"tag-fr","14":"tag-france","15":"tag-jalousie","16":"tag-marseille","17":"tag-meurtre","18":"tag-news","19":"tag-provence-alpes-cote-dazur","20":"tag-republique-francaise"},"share_on_mastodon":{"url":"https:\/\/pubeurope.com\/@fr\/114908855449045318","error":""},"_links":{"self":[{"href":"https:\/\/www.europesays.com\/fr\/wp-json\/wp\/v2\/posts\/270703","targetHints":{"allow":["GET"]}}],"collection":[{"href":"https:\/\/www.europesays.com\/fr\/wp-json\/wp\/v2\/posts"}],"about":[{"href":"https:\/\/www.europesays.com\/fr\/wp-json\/wp\/v2\/types\/post"}],"author":[{"embeddable":true,"href":"https:\/\/www.europesays.com\/fr\/wp-json\/wp\/v2\/users\/2"}],"replies":[{"embeddable":true,"href":"https:\/\/www.europesays.com\/fr\/wp-json\/wp\/v2\/comments?post=270703"}],"version-history":[{"count":0,"href":"https:\/\/www.europesays.com\/fr\/wp-json\/wp\/v2\/posts\/270703\/revisions"}],"wp:featuredmedia":[{"embeddable":true,"href":"https:\/\/www.europesays.com\/fr\/wp-json\/wp\/v2\/media\/270704"}],"wp:attachment":[{"href":"https:\/\/www.europesays.com\/fr\/wp-json\/wp\/v2\/media?parent=270703"}],"wp:term":[{"taxonomy":"category","embeddable":true,"href":"https:\/\/www.europesays.com\/fr\/wp-json\/wp\/v2\/categories?post=270703"},{"taxonomy":"post_tag","embeddable":true,"href":"https:\/\/www.europesays.com\/fr\/wp-json\/wp\/v2\/tags?post=270703"}],"curies":[{"name":"wp","href":"https:\/\/api.w.org\/{rel}","templated":true}]}}