{"id":270707,"date":"2025-07-24T15:13:14","date_gmt":"2025-07-24T15:13:14","guid":{"rendered":"https:\/\/www.europesays.com\/fr\/270707\/"},"modified":"2025-07-24T15:13:14","modified_gmt":"2025-07-24T15:13:14","slug":"lyon-lol-signe-un-important-partenariat-economique-pour-soulager-ses-finances","status":"publish","type":"post","link":"https:\/\/www.europesays.com\/fr\/270707\/","title":{"rendered":"Lyon. L&rsquo;OL signe un important partenariat \u00e9conomique pour soulager ses finances"},"content":{"rendered":"<p>            Par<br \/>\n        <strong><br \/>\n            <a href=\"https:\/\/actu.fr\/auteur\/theophile-blondet\" title=\"Consulter tous les articles de Theophile Blondet\" rel=\"nofollow noopener\" target=\"_blank\">Theophile Blondet<\/a><br \/>\n        <\/strong><\/p>\n<p>        Publi\u00e9 le<\/p>\n<p>            24 juil. 2025 \u00e0 16h58        <\/p>\n<p>Bonne nouvelle pour les finances de <a href=\"https:\/\/actu.fr\/auvergne-rhone-alpes\/lyon_69123\/lyon-un-ancien-joueur-de-l-ol-condamne-a-de-la-prison-j-etais-un-clone-sous-cocaine_62932653.html\" rel=\"nofollow noopener\" target=\"_blank\">l\u2019Olympique Lyonnais<\/a>. Le club rhodanien vient de prolonger le contrat liant Groupama au nom de son stade. Le nouveau contrat court d\u00e9sormais jusqu\u2019en 2030 comme le r\u00e9v\u00e8le <a href=\"https:\/\/www.lyonpeople.com\/actualites-lyon\/actualites-sportives\/lyon-groupama-reste-fidele-a-lol-et-renouvelle-son-naming-2025-07-24.html\" rel=\"nofollow noopener\" target=\"_blank\">Lyon People<\/a>.<\/p>\n<p>Une r\u00e9union d\u00e9cisive<\/p>\n<p class=\" wall-content\">Ce renouvellement avait bien failli ne pas avoir lieu. En effet, le pr\u00e9c\u00e9dent contrat liait les deux entit\u00e9s jusqu\u2019au 31\u00a0juillet 2025. Malgr\u00e9 l\u2019accord de l\u2019assureur fran\u00e7ais, <a href=\"https:\/\/actu.fr\/auvergne-rhone-alpes\/lyon_69123\/l-ol-en-ligue-2-des-supporters-en-colere-manifestent-textor-dehors-casse-toi_62840796.html\" rel=\"nofollow noopener\" target=\"_blank\">l\u2019ancien pr\u00e9sident de l\u2019OL John Textor<\/a> n\u2019avait toujours pas valid\u00e9 d\u00e9finitivement la prolongation.<\/p>\n<p class=\" wall-content\">C\u2019est au cours d\u2019une r\u00e9union entre la pr\u00e9sidente de l\u2019OL Mich\u00e8le Kang, le directeur g\u00e9n\u00e9ral Michael Gerlinger et Francis Thomine, directeur g\u00e9n\u00e9ral de Groupama Rh\u00f4ne-Alpes Auvergne ce jeudi 24\u00a0juillet qu\u2019un accord a \u00e9t\u00e9 trouv\u00e9 entre les diff\u00e9rents partis.<\/p>\n<p class=\" wall-content\">\u00ab\u2009On montre que l\u2019on est fid\u00e8le\u2009\u00bb, confie Francis Thomine \u00e0 nos confr\u00e8res. C\u2019est lors du choc entre l\u2019Olympique Lyonnais et l\u2019Olympique de Marseille que devrait \u00eatre f\u00eat\u00e9 ce nouvel accord.<\/p>\n<p class=\" wall-content\">Pour rappel, le Parc OL se nomme le Groupama Stadium depuis le 12\u00a0juillet 2017.<\/p>\n<p class=\" wall-content\">Suivez toute l\u2019actualit\u00e9 de vos villes et m\u00e9dias favoris en vous inscrivant \u00e0 <a href=\"https:\/\/moncompte.actu.fr\" title=\"D\u00e9couvez Mon Actu\" rel=\"nofollow noopener\" data-trk=\"{&quot;cta&quot;:{&quot;action&quot;:&quot;https:\\\/\\\/moncompte.actu.fr&quot;,&quot;category&quot;:&quot;mon compte&quot;,&quot;from&quot;:&quot;article footer&quot;,&quot;name&quot;:&quot;Mon actu&quot;,&quot;type&quot;:&quot;cta&quot;}}\" target=\"_blank\">Mon Actu<\/a>.<\/p>\n<ul class=\"ac-article-tag wall-content\">\n<li><a href=\"https:\/\/actu.fr\/tag\/groupama-stadium\" data-trk=\"{&quot;cta&quot;:{&quot;action&quot;:&quot;Groupama Stadium&quot;,&quot;category&quot;:&quot;tag&quot;,&quot;from&quot;:&quot;article footer&quot;,&quot;name&quot;:&quot;Groupama Stadium&quot;,&quot;type&quot;:&quot;cta&quot;}}\" rel=\"nofollow noopener\" target=\"_blank\">#Groupama Stadium<\/a><\/li>\n<li><a href=\"https:\/\/actu.fr\/tag\/olympique-lyonnais-ol\" data-trk=\"{&quot;cta&quot;:{&quot;action&quot;:&quot;Olympique Lyonnais (OL)&quot;,&quot;category&quot;:&quot;tag&quot;,&quot;from&quot;:&quot;article footer&quot;,&quot;name&quot;:&quot;Olympique Lyonnais (OL)&quot;,&quot;type&quot;:&quot;cta&quot;}}\" rel=\"nofollow noopener\" target=\"_blank\">#Olympique Lyonnais (OL)<\/a><\/li>\n<\/ul>\n","protected":false},"excerpt":{"rendered":"Par Theophile Blondet Publi\u00e9 le 24 juil. 2025 \u00e0 16h58 Bonne nouvelle pour les finances de l\u2019Olympique Lyonnais.&hellip;\n","protected":false},"author":2,"featured_media":270708,"comment_status":"","ping_status":"","sticky":false,"template":"","format":"standard","meta":{"footnotes":""},"categories":[1889],"tags":[1111,11,2430,1777,674,63,1011,27,15363,2428,12,2853,25,60],"class_list":{"0":"post-270707","1":"post","2":"type-post","3":"status-publish","4":"format-standard","5":"has-post-thumbnail","7":"category-lyon","8":"tag-actu","9":"tag-actualites","10":"tag-auvergne-rhone-alpes","11":"tag-eu","12":"tag-europe","13":"tag-football","14":"tag-fr","15":"tag-france","16":"tag-groupama-stadium","17":"tag-lyon","18":"tag-news","19":"tag-olympique-lyonnais-ol","20":"tag-republique-francaise","21":"tag-sports"},"share_on_mastodon":{"url":"https:\/\/pubeurope.com\/@fr\/114908863341931583","error":""},"_links":{"self":[{"href":"https:\/\/www.europesays.com\/fr\/wp-json\/wp\/v2\/posts\/270707","targetHints":{"allow":["GET"]}}],"collection":[{"href":"https:\/\/www.europesays.com\/fr\/wp-json\/wp\/v2\/posts"}],"about":[{"href":"https:\/\/www.europesays.com\/fr\/wp-json\/wp\/v2\/types\/post"}],"author":[{"embeddable":true,"href":"https:\/\/www.europesays.com\/fr\/wp-json\/wp\/v2\/users\/2"}],"replies":[{"embeddable":true,"href":"https:\/\/www.europesays.com\/fr\/wp-json\/wp\/v2\/comments?post=270707"}],"version-history":[{"count":0,"href":"https:\/\/www.europesays.com\/fr\/wp-json\/wp\/v2\/posts\/270707\/revisions"}],"wp:featuredmedia":[{"embeddable":true,"href":"https:\/\/www.europesays.com\/fr\/wp-json\/wp\/v2\/media\/270708"}],"wp:attachment":[{"href":"https:\/\/www.europesays.com\/fr\/wp-json\/wp\/v2\/media?parent=270707"}],"wp:term":[{"taxonomy":"category","embeddable":true,"href":"https:\/\/www.europesays.com\/fr\/wp-json\/wp\/v2\/categories?post=270707"},{"taxonomy":"post_tag","embeddable":true,"href":"https:\/\/www.europesays.com\/fr\/wp-json\/wp\/v2\/tags?post=270707"}],"curies":[{"name":"wp","href":"https:\/\/api.w.org\/{rel}","templated":true}]}}