{"id":270709,"date":"2025-07-24T15:14:09","date_gmt":"2025-07-24T15:14:09","guid":{"rendered":"https:\/\/www.europesays.com\/fr\/270709\/"},"modified":"2025-07-24T15:14:09","modified_gmt":"2025-07-24T15:14:09","slug":"on-a-pris-cher-les-images-des-fortes-pluies-et-des-inondations-en-ile-de-france","status":"publish","type":"post","link":"https:\/\/www.europesays.com\/fr\/270709\/","title":{"rendered":"\u00ab\u00a0On a pris cher\u00a0\u00bb\u00a0: les images des fortes pluies et des inondations en \u00cele-de-France"},"content":{"rendered":"<p class=\"paragraph text_align_left lp-f-body-02\">Localement, jusqu\u2019\u00e0 85 mm de pluie ont \u00e9t\u00e9 recens\u00e9s. Quatorze d\u00e9partements, dont Paris et sa banlieue, \u00e9taient plac\u00e9s <a href=\"https:\/\/www.leparisien.fr\/meteo\/pluies-et-inondations-14-departements-en-vigilance-orange-toute-lile-de-france-concernee-23-07-2025-OLAPZKL2GVAEXABN6PPZGSGEVQ.php\" target=\"_self\" rel=\"nofollow noopener\">en vigilance orange aux pluies et inondations<\/a> d\u00e8s 22 heures ce mercredi et jusqu\u2019\u00e0 jeudi, provoquant des fortes inondations.<\/p>\n<p class=\"paragraph text_align_left lp-f-body-02\">En \u00cele-de-France, Paris et les huit autres d\u00e9partements (Seine-et-Marne, Yvelines, Essonne, Hauts-de-Seine, Seine-Saint-Denis, Val-de-Marne, Val-d\u2019Oise) \u00e9taient concern\u00e9s. L\u2019alerte a \u00e9t\u00e9 lev\u00e9e ce jeudi midi, \u00e0 l\u2019exception de d\u00e9partements : l\u2019Aisne et la Seine-et-Marne.<\/p>\n<p>Record de pluie dans l\u2019Oise<\/p>\n<p class=\"paragraph text_align_left lp-f-body-02\">Dans <a href=\"https:\/\/www.leparisien.fr\/oise-60\/\" target=\"_self\" rel=\"nofollow noopener\">l\u2019Oise<\/a>, \u00e9galement, pr\u00e8s de 50 mm de pluie sont tomb\u00e9s mercredi soir en deux heures \u00e0 Margny-l\u00e8s-Compi\u00e8gne, <a href=\"https:\/\/www.leparisien.fr\/oise-60\/orages-dans-loise-nouveau-record-pour-la-periode-de-juillet-avec-lequivalent-dun-mois-de-pluie-en-deux-heures-23-07-2025-CXHH4SNIYFB33ICRNAVQ4AKUXY.php\" target=\"_self\" rel=\"nofollow noopener\">un record en juillet<\/a>.<\/p>\n<blockquote class=\"twitter-tweet\">\n<p lang=\"fr\" dir=\"ltr\">\ud83c\udf27\ufe0f De fortes pluies arrosent l&rsquo;est et le sud de l&rsquo;\u00cele-de-France et le Loiret ce jeudi matin. Images de l&rsquo;A6 \u00e0 hauteur de Villab\u00e9 en Essonne. (via <a href=\"https:\/\/twitter.com\/Viewsurf?ref_src=twsrc%5Etfw\" rel=\"nofollow noopener\" target=\"_blank\">@Viewsurf<\/a>) <a href=\"https:\/\/t.co\/BoVVrRIdRB\" rel=\"nofollow\">pic.twitter.com\/BoVVrRIdRB<\/a><\/p>\n<p>\u2014 M\u00e9t\u00e9o Express (@MeteoExpress) <a href=\"https:\/\/twitter.com\/MeteoExpress\/status\/1948252483521843200?ref_src=twsrc%5Etfw\" rel=\"nofollow noopener\" target=\"_blank\">July 24, 2025<\/a><\/p><\/blockquote>\n<p class=\"paragraph text_align_left lp-f-body-02\">\u00ab On a pris cher \u00bb, souffle aupr\u00e8s du Parisien Romuald Seels, le maire de la ville voisine de Venette, tout aussi impact\u00e9e qui a connu une chute de 25 mm de pluie en dix-sept minutes.<\/p>\n<p>L\u2019Essonne et la Seine-et-Marne d\u00e9tremp\u00e9es ce jeudi<\/p>\n<p class=\"paragraph text_align_left lp-f-body-02\"><a href=\"https:\/\/www.leparisien.fr\/essonne-91\/\" target=\"_self\" rel=\"nofollow noopener\">L\u2019Essonne<\/a> a \u00e9galement \u00e9t\u00e9 touch\u00e9e ce jeudi matin. De fortes averses ont notamment \u00e9t\u00e9 relev\u00e9es \u00e0 Villab\u00e9-en-Essonne.<\/p>\n<p class=\"paragraph text_align_left lp-f-body-02\">Idem en <a href=\"https:\/\/www.leparisien.fr\/seine-et-marne-77\/\" target=\"_self\" rel=\"nofollow noopener\">Seine-et-Marne<\/a>, th\u00e9\u00e2tre d\u2019averses exceptionnelles. Un record a notamment \u00e9t\u00e9 battu \u00e0 Meaux, o\u00f9 pr\u00e8s de 70 mm de pluie seraient tomb\u00e9s dans la commune, soit l\u2019\u00e9quivalent d\u2019un mois complet de pr\u00e9cipitations.<\/p>\n<blockquote class=\"twitter-tweet\">\n<p lang=\"fr\" dir=\"ltr\">\u26a0\ufe0f\u26c8\ufe0fORAGES<br \/>Secteur Meaux <a href=\"https:\/\/twitter.com\/hashtag\/SeineEtMarne?src=hash&amp;ref_src=twsrc%5Etfw\" rel=\"nofollow noopener\" target=\"_blank\">#SeineEtMarne<\/a> : D\u00e9luge en cours ! La station de <a href=\"https:\/\/twitter.com\/meteofrance?ref_src=twsrc%5Etfw\" rel=\"nofollow noopener\" target=\"_blank\">@meteofrance<\/a> de Changis a relev\u00e9 :<br \/>\u25aa\ufe0f40mm de pluie entre 6h et 7h<br \/>\u25aa\ufe0f62mm en 12h<br \/>\u27a1\ufe0frecord mensuel battu pour un mois de juillet battu!<br \/>Et ce n\u2019est pas fini <a href=\"https:\/\/twitter.com\/hashtag\/VigilanceOrange?src=hash&amp;ref_src=twsrc%5Etfw\" rel=\"nofollow noopener\" target=\"_blank\">#VigilanceOrange<\/a><\/p>\n<p>\ud83c\udfa5Jenn Yffet \u00e0 Cond\u00e9 Ste Libiaire <a href=\"https:\/\/t.co\/rAGxMgOZEc\" rel=\"nofollow\">pic.twitter.com\/rAGxMgOZEc<\/a><\/p>\n<p>\u2014 M\u00e9t\u00e9o Nord Parisien \ud83c\udf2a\u26a1\ufe0f\ud83c\udf08\u2600\ufe0f (@MeteoNordParis) <a href=\"https:\/\/twitter.com\/MeteoNordParis\/status\/1948258864035406029?ref_src=twsrc%5Etfw\" rel=\"nofollow noopener\" target=\"_blank\">July 24, 2025<\/a><\/p><\/blockquote>\n<p class=\"paragraph text_align_left lp-f-body-02\">\u00ab On mesure jusqu\u2019\u00e0 61 mm sur les trois derni\u00e8res heures (entre 7 heures et 10 heures) \u00e0 Changis-sur-Marne \u00bb, a indiqu\u00e9 M\u00e9t\u00e9o France.<\/p>\n<p class=\"paragraph text_align_left lp-f-body-02\">Selon le pr\u00e9visionniste m\u00e9t\u00e9o <a href=\"https:\/\/x.com\/Meteovilles\/status\/1948278170991350215\" target=\"_self\" rel=\"nofollow\">Guillaume S\u00e9chet<\/a>, l\u2019\u00cele-de-France a sembl\u00e9 coup\u00e9e en deux tout au long de cet \u00e9pisode pluvieux : la Seine-et-Marne et l\u2019Essonne ont subi des pluies abondantes tandis que le temps est rest\u00e9 relativement sec sur Paris et au nord-ouest de la capitale.<\/p>\n<p class=\"paragraph text_align_left lp-f-body-02\">Selon lui, cela montre \u00ab \u00e0 quel point les mod\u00e8les m\u00e9t\u00e9o ont du mal \u00e0 pr\u00e9voir avec pr\u00e9cision dans ce type de situation tr\u00e8s chaotique \u00bb.<\/p>\n<p><script async src=\"https:\/\/platform.twitter.com\/widgets.js\" charset=\"utf-8\"><\/script><\/p>\n","protected":false},"excerpt":{"rendered":"Localement, jusqu\u2019\u00e0 85 mm de pluie ont \u00e9t\u00e9 recens\u00e9s. Quatorze d\u00e9partements, dont Paris et sa banlieue, \u00e9taient plac\u00e9s&hellip;\n","protected":false},"author":2,"featured_media":270710,"comment_status":"","ping_status":"","sticky":false,"template":"","format":"standard","meta":{"footnotes":""},"categories":[1592],"tags":[1111,11,1777,674,1011,27,662,2487,12,626,25],"class_list":{"0":"post-270709","1":"post","2":"type-post","3":"status-publish","4":"format-standard","5":"has-post-thumbnail","7":"category-ile-de-france","8":"tag-actu","9":"tag-actualites","10":"tag-eu","11":"tag-europe","12":"tag-fr","13":"tag-france","14":"tag-ile-de-france","15":"tag-meteo","16":"tag-news","17":"tag-paris","18":"tag-republique-francaise"},"share_on_mastodon":{"url":"https:\/\/pubeurope.com\/@fr\/114908867012489275","error":""},"_links":{"self":[{"href":"https:\/\/www.europesays.com\/fr\/wp-json\/wp\/v2\/posts\/270709","targetHints":{"allow":["GET"]}}],"collection":[{"href":"https:\/\/www.europesays.com\/fr\/wp-json\/wp\/v2\/posts"}],"about":[{"href":"https:\/\/www.europesays.com\/fr\/wp-json\/wp\/v2\/types\/post"}],"author":[{"embeddable":true,"href":"https:\/\/www.europesays.com\/fr\/wp-json\/wp\/v2\/users\/2"}],"replies":[{"embeddable":true,"href":"https:\/\/www.europesays.com\/fr\/wp-json\/wp\/v2\/comments?post=270709"}],"version-history":[{"count":0,"href":"https:\/\/www.europesays.com\/fr\/wp-json\/wp\/v2\/posts\/270709\/revisions"}],"wp:featuredmedia":[{"embeddable":true,"href":"https:\/\/www.europesays.com\/fr\/wp-json\/wp\/v2\/media\/270710"}],"wp:attachment":[{"href":"https:\/\/www.europesays.com\/fr\/wp-json\/wp\/v2\/media?parent=270709"}],"wp:term":[{"taxonomy":"category","embeddable":true,"href":"https:\/\/www.europesays.com\/fr\/wp-json\/wp\/v2\/categories?post=270709"},{"taxonomy":"post_tag","embeddable":true,"href":"https:\/\/www.europesays.com\/fr\/wp-json\/wp\/v2\/tags?post=270709"}],"curies":[{"name":"wp","href":"https:\/\/api.w.org\/{rel}","templated":true}]}}