{"id":270719,"date":"2025-07-24T15:19:13","date_gmt":"2025-07-24T15:19:13","guid":{"rendered":"https:\/\/www.europesays.com\/fr\/270719\/"},"modified":"2025-07-24T15:19:13","modified_gmt":"2025-07-24T15:19:13","slug":"les-spectacles-et-pieces-de-theatre-a-ne-pas-manquer-ce-week-end-du-25-au-27-juillet-2025","status":"publish","type":"post","link":"https:\/\/www.europesays.com\/fr\/270719\/","title":{"rendered":"Les spectacles et pi\u00e8ces de th\u00e9\u00e2tre \u00e0 ne pas manquer ce week-end du 25 au 27\u00a0juillet 2025"},"content":{"rendered":"<p>Un week-end de spectacles \u00e0 prix mini\u00a0! Th\u00e9\u00e2tre, danse, stand-up\u2026 Il y en a pour tous les go\u00fbts, et gr\u00e2ce \u00e0 <a href=\"https:\/\/www.ticketnunc.com\/?utm_source=article&amp;utm_medium=20_minutes&amp;utm_campaign=article_20minutes\" target=\"_blank\" class=\"color-ultramarine c-link\" rel=\"noopener\">TicketNunc<\/a>, profitez d\u2019offres de derni\u00e8re minute, entre 24 et 72 heures avant le lever de rideau. Ne manquez pas notre s\u00e9lection des meilleurs spectacles pour un week-end culturel sans vous ruiner\u00a0!<\/p>\n<p>Attention, les quantit\u00e9s sont limit\u00e9es, r\u00e9servez vite votre place.<\/p>\n<p>Les Gros patinent bien<img decoding=\"async\" alt=\"Les Gros patinent bien\" class=\"c-img\" loading=\"lazy\" fetchpriority=\"auto\" width=\"718\"  src=\"https:\/\/img.20mn.fr\/Ba0TNrw3Q4a8UnbBbKbuFyk\/718x0\" \/>Les Gros patinent bien\u2002-\u00a0TicketNunc<\/p>\n<p>Un spectacle fait de bouts de cartons, de patins, de cornemuses et d\u2019un mec en costume immobile\u00a0? Oui, c\u2019est bizarre. Et c\u2019est g\u00e9nial. Apr\u00e8s \u00ab\u00a0Bigre\u00a0\u00bb, Pierre Guillois et Olivier Martin-Salvan signent un voyage visuel et compl\u00e8tement barr\u00e9. Une \u00e9pop\u00e9e burlesque \u00e0 mourir de rire, entre po\u00e9sie d\u00e9jant\u00e9e et cabaret anim\u00e9. Un conseil\u00a0: laissez-vous embarquer.<\/p>\n<ul>\n<li>Lieu\u00a0: La P\u00e9pini\u00e8re Th\u00e9\u00e2tre, 7 rue Louis le Grand, 75002 PARIS<\/li>\n<\/ul>\n<p><a href=\"https:\/\/www.ticketnunc.com\/spectacles\/les-gros-patinent-bien?utm_source=20_minutes&amp;utm_medium=articles&amp;utm_campaign=article_20_minutes\" target=\"_blank\" class=\"c-link c-btn c-btn--primary\" rel=\"noopener\">Je prends ma place<\/a>Le radeau de la M\u00e9duse<img decoding=\"async\" alt=\"Maintenant je n'\u00e9cris plus qu'en fran\u00e7ais\" class=\"c-img\" loading=\"lazy\" fetchpriority=\"auto\" width=\"718\"  src=\"https:\/\/img.20mn.fr\/JfGuB_raQaeuyhILRNy3Gik\/718x0\" \/>Maintenant je n&rsquo;\u00e9cris plus qu&rsquo;en fran\u00e7ais\u2002-\u00a0TicketNunc<\/p>\n<p>En\u00a01818, G\u00e9ricault peint \u00ab\u00a0Le Radeau de la M\u00e9duse\u00a0\u00bb et cr\u00e9e un toll\u00e9. \u00c0 la fois bombe artistique et pav\u00e9 politique, ce chef-d\u2019\u0153uvre du Louvre critique la monarchie post-Napol\u00e9on. Avec une conf\u00e9renci\u00e8re aussi dr\u00f4le qu\u2019\u00e9rudite, on plonge dans l\u2019histoire agit\u00e9e du tableau qui a secou\u00e9 le tr\u00f4ne de Louis XVIII. Une visite guid\u00e9e insolite entre art, scandale et Histoire.<\/p>\n<p>Lieu\u00a0: Com\u00e9die Bastille, 5 rue Nicolas Appert, 75011 Paris<\/p>\n<p><a href=\"https:\/\/www.ticketnunc.com\/spectacles\/le-radeau-de-la-meduse?utm_source=20_minutes&amp;utm_medium=article&amp;utm_campaign=article_20_minutes\" target=\"_blank\" class=\"c-link c-btn c-btn--primary\" rel=\"noopener\">Je prends ma place<\/a>Soleil<img decoding=\"async\" alt=\"Soleil\" class=\"c-img\" loading=\"lazy\" fetchpriority=\"auto\" width=\"718\"  src=\"https:\/\/img.20mn.fr\/RDjCHzuRTGuegtZB_doW-yk\/718x0\" \/>Soleil\u2002-\u00a0TicketNunc<\/p>\n<p>Raymond Carver, c\u2019est la classe moyenne am\u00e9ricaine, ses drames du quotidien, ses silences lourds et ses instants suspendus. Dans Soleil, le metteur en sc\u00e8ne Armel Roussel en fait un parcours sensible et immersif\u00a0: 12 nouvelles, 12 sc\u00e8nes \u00e0 explorer en d\u00e9ambulation dans le th\u00e9\u00e2tre. Cuisine, salon, antichambre\u2026 Chaque lieu accueille un petit bout d\u2019humanit\u00e9, brut et touchant. Amour, solitude, d\u00e9sir, deuil\u2026 c\u2019est la vie, sans filtre. Et avec une vingtaine d\u2019acteurs et musiciens venus du monde entier pour vous guider, cette exp\u00e9rience s\u2019annonce comme une grande f\u00eate th\u00e9\u00e2trale.<\/p>\n<ul>\n<li>Lieu\u00a0: Th\u00e9\u00e2tre de la Temp\u00eate, Route du Champ de manoeuvre, 75012 Paris<\/li>\n<\/ul>\n<p><a href=\"https:\/\/www.ticketnunc.com\/spectacles\/soleil?utm_source=20_minutes&amp;utm_medium=articles&amp;utm_campaign=article_20_minutes\" target=\"_blank\" class=\"c-link c-btn c-btn--primary\" rel=\"noopener\">Je prends ma place<\/a>Je m\u2019appelle Georges\u2026 Et vous\u00a0?<img decoding=\"async\" alt=\"JE M'APPELLE GEORGES ... ET VOUS ?\" class=\"c-img\" loading=\"lazy\" fetchpriority=\"auto\" width=\"718\"  src=\"https:\/\/img.20mn.fr\/9Yob__BOToa7ZAPDi80ksCk\/718x0\" \/>JE M&rsquo;APPELLE GEORGES &#8230; ET VOUS ?\u2002-\u00a0TicketNunc<\/p>\n<p>Il en est convaincu\u00a0: sa moiti\u00e9 s\u2019appelle Emilie. Alors Georges part \u00e0 sa recherche. Le probl\u00e8me\u00a0? Tout le monde pense qu\u2019il d\u00e9bloque. Entre com\u00e9die romantique et d\u00e9lire \u00e0 la Semp\u00e9, cette pi\u00e8ce d\u00e9jant\u00e9e explore l\u2019amour, les pr\u00e9noms, et un peu notre \u00e9poque. Cinq com\u00e9diens survolt\u00e9s, un d\u00e9cor BD et une nomination aux Moli\u00e8res.<\/p>\n<ul>\n<li>Lieu\u00a0: Com\u00e9die Bastille, 5 rue Nicolas Appert, 75011 Paris<\/li>\n<\/ul>\n<p><a href=\"https:\/\/www.ticketnunc.com\/spectacles\/je-mappelle-georges-et-vous?utm_source=20_minutes&amp;utm_medium=articles&amp;utm_campaign=article_20_minutes\" target=\"_blank\" class=\"c-link c-btn c-btn--primary\" rel=\"noopener\">Je prends ma place<\/a>Oublie-moi<img decoding=\"async\" alt=\"Oublie-moi\" class=\"c-img\" loading=\"lazy\" fetchpriority=\"auto\" width=\"718\"  src=\"https:\/\/img.20mn.fr\/cHUbCktwQIiiN1ZTLBpwRCk\/718x0\" \/>Oublie-moi\u2002-\u00a0TicketNunc<\/p>\n<p>Jeanne et Arthur. Une histoire d\u2019amour. Une belle. Jusqu\u2019au jour o\u00f9 Jeanne demande \u00e0 Arthur\u2026 d\u2019aller chercher du lait et un timbre. Et l\u00e0, tout bascule. \u00ab\u00a0Une histoire d\u2019amour\u00a0\u00bb, c\u2019est un bijou de pi\u00e8ce, aussi dr\u00f4le que bouleversante, multi-prim\u00e9e aux Moli\u00e8res. Port\u00e9e par Marie-Julie Baup et Thierry Lopez, elle a d\u00e9j\u00e0 conquis plus de 150 000 spectateurs. Une p\u00e9pite \u00e0 voir, et \u00e0 ne surtout pas oublier.<\/p>\n<ul>\n<li>Lieu\u00a0: La Bruy\u00e8re, 5 Rue la Bruy\u00e8re, 75009 Paris<\/li>\n<\/ul>\n<p><a href=\"https:\/\/www.ticketnunc.com\/spectacles\/oublie-moi?utm_source=20_minutes&amp;utm_medium=article&amp;utm_campaign=article_20_minutes\" target=\"_blank\" class=\"c-link c-btn c-btn--primary\" rel=\"noopener\">Je prends ma place<\/a>Youness Hanifi dans 7 vies<img decoding=\"async\" alt=\"Youness Hanifi dans 7 Vies\" class=\"c-img\" loading=\"lazy\" fetchpriority=\"auto\" width=\"718\"  src=\"https:\/\/img.20mn.fr\/rV1ZWPabTgKOlcKfWq3C3ik\/718x0\" \/>Youness Hanifi dans 7 Vies\u2002-\u00a0TicketNunc<\/p>\n<p>Originaire de <a href=\"https:\/\/www.20minutes.fr\/societe\/lorraine\/\" class=\"color-ultramarine c-link\" target=\"_blank\" rel=\"noopener\">Lorraine<\/a>, Youness transforme son quotidien en sketchs qui font mouche. Entre personnages barr\u00e9s et situations absurdes, il aligne les vannes avec une \u00e9nergie qui d\u00e9borde. C\u2019est simple, c\u2019est dr\u00f4le, c\u2019est efficace. Si vous avez besoin de d\u00e9brancher le cerveau et de rire pour de vrai, c\u2019est l\u00e0 que \u00e7a se passe.<\/p>\n<ul>\n<li>Lieu\u00a0: Le Point Virgule, 7 Rue Sainte-Croix de la Bretonnerie, 75004 Paris<\/li>\n<\/ul>\n<p><a href=\"https:\/\/www.ticketnunc.com\/spectacles\/youness-hanifi-dans-7-vies?utm_source=20_minutes&amp;utm_medium=articles&amp;utm_campaign=article_20_minutes\" target=\"_blank\" class=\"c-link c-btn c-btn--primary\" rel=\"noopener\">Je prends ma place<\/a><\/p>\n<p>Six spectacles et pi\u00e8ces de th\u00e9\u00e2tre pour tous les go\u00fbts\u00a0! Ce week-end, ne manquez pas ces repr\u00e9sentations \u00e0 petit prix\u00a0: r\u00e9servez d\u00e8s maintenant sur Ticketnunc en <a href=\"https:\/\/www.ticketnunc.com\/?utm_source=article&amp;utm_medium=20_minutes&amp;utm_campaign=article_20minutes\" target=\"_blank\" class=\"color-ultramarine c-link\" rel=\"noopener\">cliquant ici<\/a>\u00a0!<\/p>\n","protected":false},"excerpt":{"rendered":"Un week-end de spectacles \u00e0 prix mini\u00a0! Th\u00e9\u00e2tre, danse, stand-up\u2026 Il y en a pour tous les go\u00fbts,&hellip;\n","protected":false},"author":2,"featured_media":270720,"comment_status":"","ping_status":"","sticky":false,"template":"","format":"standard","meta":{"footnotes":""},"categories":[1888],"tags":[11,58,1777,674,1011,27,662,1393,12,626,25,3140,1347],"class_list":{"0":"post-270719","1":"post","2":"type-post","3":"status-publish","4":"format-standard","5":"has-post-thumbnail","7":"category-paris","8":"tag-actualites","9":"tag-divertissement","10":"tag-eu","11":"tag-europe","12":"tag-fr","13":"tag-france","14":"tag-ile-de-france","15":"tag-loisirs","16":"tag-news","17":"tag-paris","18":"tag-republique-francaise","19":"tag-spectacle","20":"tag-theatre"},"share_on_mastodon":{"url":"https:\/\/pubeurope.com\/@fr\/114908886823700584","error":""},"_links":{"self":[{"href":"https:\/\/www.europesays.com\/fr\/wp-json\/wp\/v2\/posts\/270719","targetHints":{"allow":["GET"]}}],"collection":[{"href":"https:\/\/www.europesays.com\/fr\/wp-json\/wp\/v2\/posts"}],"about":[{"href":"https:\/\/www.europesays.com\/fr\/wp-json\/wp\/v2\/types\/post"}],"author":[{"embeddable":true,"href":"https:\/\/www.europesays.com\/fr\/wp-json\/wp\/v2\/users\/2"}],"replies":[{"embeddable":true,"href":"https:\/\/www.europesays.com\/fr\/wp-json\/wp\/v2\/comments?post=270719"}],"version-history":[{"count":0,"href":"https:\/\/www.europesays.com\/fr\/wp-json\/wp\/v2\/posts\/270719\/revisions"}],"wp:featuredmedia":[{"embeddable":true,"href":"https:\/\/www.europesays.com\/fr\/wp-json\/wp\/v2\/media\/270720"}],"wp:attachment":[{"href":"https:\/\/www.europesays.com\/fr\/wp-json\/wp\/v2\/media?parent=270719"}],"wp:term":[{"taxonomy":"category","embeddable":true,"href":"https:\/\/www.europesays.com\/fr\/wp-json\/wp\/v2\/categories?post=270719"},{"taxonomy":"post_tag","embeddable":true,"href":"https:\/\/www.europesays.com\/fr\/wp-json\/wp\/v2\/tags?post=270719"}],"curies":[{"name":"wp","href":"https:\/\/api.w.org\/{rel}","templated":true}]}}