{"id":270721,"date":"2025-07-24T15:20:11","date_gmt":"2025-07-24T15:20:11","guid":{"rendered":"https:\/\/www.europesays.com\/fr\/270721\/"},"modified":"2025-07-24T15:20:11","modified_gmt":"2025-07-24T15:20:11","slug":"par-un-soir-dete-zelensky-reveille-lesprit-de-maidan-liberation","status":"publish","type":"post","link":"https:\/\/www.europesays.com\/fr\/270721\/","title":{"rendered":"par un soir d\u2019\u00e9t\u00e9, Zelensky r\u00e9veille l\u2019esprit de Maidan \u2013 Lib\u00e9ration"},"content":{"rendered":"<p class=\"sc-ksZaOG ehjQrN text-element\">De la place de l\u2019Ind\u00e9pendance jusqu\u2019au th\u00e9\u00e2tre Ivan Franko, il n\u2019y a que 700 m\u00e8tres et les pav\u00e9s de la rue de l\u2019architecte Horodetsky, le Gaudi de Kyiv, sur lesquels mercredi 23 juillet au soir, des rubans de gens serpentent vers  un joli square entour\u00e9 d\u2019immeubles altiers. Le seul endroit depuis lequel il est possible d\u2019apercevoir les fen\u00eatres de l\u2019aust\u00e8re b\u00e2timent de la pr\u00e9sidence ukrainienne, dans la rue Bankova. Un vaisseau sovi\u00e9tique qu\u2019il y a encore six ans, un jeune pr\u00e9sident alors disruptif, nomm\u00e9 Volodymyr Zelensky, aurait bien aim\u00e9 dynamiter, avant de s\u2019y enfermer, guerre oblige, avec ses certitudes et sa bande de conseillers.<\/p>\n<p class=\"sc-ksZaOG ehjQrN text-element\">Loin \u00e0 l\u2019est, dans le Donbass, <a href=\"https:\/\/www.liberation.fr\/international\/europe\/negociations-ukraine-russie-vladimir-poutine-prouve-quil-na-pas-lintention-darreter-20250722_IHU6ANUI2FCBDJ6SMDHXPOPQII\/\" target=\"_blank\" rel=\"noopener\" title=\"https:\/\/www.liberation.fr\/international\/europe\/negociations-ukraine-russie-vladimir-poutine-prouve-quil-na-pas-lintention-darreter-20250722_IHU6ANUI2FCBDJ6SMDHXPOPQII\/\">des soldats russes<\/a> p\u00e9n\u00e8trent dans Pokrovsk. Au m\u00eame moment, \u00e0 Istanbul, des \u00e9missaires ukrainiens et russes se regardent les yeux dans les yeux. Beaucoup se demandent ce qui est pass\u00e9 par la t\u00eate de Zelensky pour faire <a href=\"https:\/\/www.liberation.fr\/international\/europe\/ukraine-zelensky-promulgue-une-loi-qui-supprime-lindependance-des-instances-anticorruption-20250723_OHFUTCXPJFGNZO5AEZZPWTDMPA\/\" target=\"_blank\" rel=\"noopener\" title=\"https:\/\/w&lt;\/p&gt;&lt;\/div&gt;&lt;\/article&gt;&lt;\/div&gt;&lt;div data-fusion-lazy-id=\" f0f8vgvlad832fw=\"\"><\/p>\n","protected":false},"excerpt":{"rendered":"De la place de l\u2019Ind\u00e9pendance jusqu\u2019au th\u00e9\u00e2tre Ivan Franko, il n\u2019y a que 700 m\u00e8tres et les pav\u00e9s&hellip;\n","protected":false},"author":2,"featured_media":270722,"comment_status":"","ping_status":"","sticky":false,"template":"","format":"standard","meta":{"footnotes":""},"categories":[1591],"tags":[11,1770,1887,12,1885,1886,132,220,297,134],"class_list":{"0":"post-270721","1":"post","2":"type-post","3":"status-publish","4":"format-standard","5":"has-post-thumbnail","7":"category-russie","8":"tag-actualites","9":"tag-corruption","10":"tag-federation-de-russie","11":"tag-news","12":"tag-russia","13":"tag-russian-federation","14":"tag-russie","15":"tag-ukraine","16":"tag-ukraine-la-crise","17":"tag-volodymyr-zelensky"},"share_on_mastodon":{"url":"https:\/\/pubeurope.com\/@fr\/114908890873087303","error":""},"_links":{"self":[{"href":"https:\/\/www.europesays.com\/fr\/wp-json\/wp\/v2\/posts\/270721","targetHints":{"allow":["GET"]}}],"collection":[{"href":"https:\/\/www.europesays.com\/fr\/wp-json\/wp\/v2\/posts"}],"about":[{"href":"https:\/\/www.europesays.com\/fr\/wp-json\/wp\/v2\/types\/post"}],"author":[{"embeddable":true,"href":"https:\/\/www.europesays.com\/fr\/wp-json\/wp\/v2\/users\/2"}],"replies":[{"embeddable":true,"href":"https:\/\/www.europesays.com\/fr\/wp-json\/wp\/v2\/comments?post=270721"}],"version-history":[{"count":0,"href":"https:\/\/www.europesays.com\/fr\/wp-json\/wp\/v2\/posts\/270721\/revisions"}],"wp:featuredmedia":[{"embeddable":true,"href":"https:\/\/www.europesays.com\/fr\/wp-json\/wp\/v2\/media\/270722"}],"wp:attachment":[{"href":"https:\/\/www.europesays.com\/fr\/wp-json\/wp\/v2\/media?parent=270721"}],"wp:term":[{"taxonomy":"category","embeddable":true,"href":"https:\/\/www.europesays.com\/fr\/wp-json\/wp\/v2\/categories?post=270721"},{"taxonomy":"post_tag","embeddable":true,"href":"https:\/\/www.europesays.com\/fr\/wp-json\/wp\/v2\/tags?post=270721"}],"curies":[{"name":"wp","href":"https:\/\/api.w.org\/{rel}","templated":true}]}}